{"id":60853,"date":"2016-05-26T07:58:40","date_gmt":"2016-05-26T05:58:40","guid":{"rendered":"https:\/\/www.freiburg-schwarzwald.de\/blog\/?p=60853"},"modified":"2016-05-29T18:44:37","modified_gmt":"2016-05-29T16:44:37","slug":"brexit-hat-bessere-argumente","status":"publish","type":"post","link":"https:\/\/www.freiburg-schwarzwald.de\/blog\/brexit-hat-bessere-argumente\/","title":{"rendered":"Brexit hat bessere Argumente"},"content":{"rendered":"<p>Nicht nur in <a title=\"Grossbritannien\" href=\"https:\/\/www.freiburg-schwarzwald.de\/blog\/global\/grossbritannien\/\">GBR<\/a> ist &#8222;so gut wie <a title=\"Zukunft\" href=\"https:\/\/www.freiburg-schwarzwald.de\/blog\/engagement\/zukunft\/\">kein Glaube<\/a> mehr daran, dass die <a title=\"EU\" href=\"https:\/\/www.freiburg-schwarzwald.de\/blog\/global\/eu\/\">EU<\/a> mit <a title=\"Demokratie\" href=\"https:\/\/www.freiburg-schwarzwald.de\/blog\/engagement\/zukunft\/demokratie\/\">Demokratie<\/a> und den Interessen einer selbsbewu\u00dften <a title=\"Nationalismus\" href=\"https:\/\/www.freiburg-schwarzwald.de\/blog\/engagement\/zukunft\/demokratie\/nationalismus\/\">Nation<\/a> vereinbar w\u00e4re&#8220; &#8211; so Jochen Bittner, 2007-2011 EU-Korresondent der ZEIT in Br\u00fcssel, der vom gl\u00fchenden EU-Verfechter zu dessen Skeptiker geworden ist. Zum <a title=\"Brexit\" href=\"https:\/\/www.freiburg-schwarzwald.de\/blog\/global\/eu\/brexit\/\">Brexit<\/a>: &#8222;Zum ersten Mal denke ich wirklich, dass Europa scheitern k\u00f6nnte. Weil wir ach so verbundenen V\u00f6lker in den vergangenen 60 Jahren <!--more-->dramatisch wenig gelernt haben, uns auszusprechen und einander zu begreifen.&#8220; Die Europ\u00e4er sind &#8222;nach 60 Jahren <a title=\"Integrieren\" href=\"https:\/\/www.freiburg-schwarzwald.de\/blog\/global\/integration\/integrieren\/\">Integrationshypnose<\/a> blind geworden&#8220;.<br \/>\n.<br \/>\nBittner wagte ein Streitgespr\u00e4ch im englischen Parlament mit dem Brexit-Bef\u00fcrworter Douglas Murray (Eaton, Oxford, konservativ-liberaler Journalist) und beschreibt erschreckend ehrlich sein Scheitern: Jochen Bittner, &#8222;Von einem der auszog&#8230; Wie der Versuch, die Briten vom Verbleib in der EU zu \u00fcberzeugen, erb\u00e4rmlich scheiterte&#8220;, DIE ZEIT vom 25.5.2016, Seite 2.<br \/>\nFazit des Streitgespr\u00e4chs &#8222;Pro und contra Austritt von GBR aus der EU&#8220;: Wenn es dazu kommt, liegt es weniger an der mangelnden Europafreudlichkeit der Briten bzw. den Nachwirkungen einer &#8222;Splended Isolation&#8220; als an der EU-<a title=\"Willkommenskultur\" href=\"https:\/\/www.freiburg-schwarzwald.de\/blog\/global\/integration\/willkommenskultur\/\">zerst\u00f6rerischen Politik<\/a> von <a title=\"Merkelismus\" href=\"https:\/\/www.freiburg-schwarzwald.de\/blog\/engagement\/zukunft\/demokratie\/merkelismus\/\">Merkel-Deutschland<\/a>.<br \/>\n.<br \/>\n<em>Merkel hat die EU mit den <a title=\"Fluechtlinge-Islam\" href=\"https:\/\/www.freiburg-schwarzwald.de\/blog\/global\/integration\/fluechtlinge-islam\/\">Fl\u00fcchtlingen<\/a> auf selbstm\u00f6rderischer Mission gebracht<\/em><br \/>\nNach dem Euro und nach Schengen hat Angela Merkel mit den Fl\u00fcchtlingen &#8222;dem Kontinent ein unfassbares neues Problem eingehandelt, eines, f\u00fcr das sie keine L\u00f6sung hat&#8220; &#8211; so Douglas Murray: 60% der Migranten haben laut EU-Vizepr\u00e4sident unter falschen Vorw\u00e4nden Asyl beantragt. Deutschland werde diese Hunderttausende weder abschieben noch an andere EU-L\u00e4nder weiterreichen k\u00f6nnen. Merkel hat Europa unsicherer gemacht, nicht nur \u00f6konomisch. &#8222;Wenn uns jemand, der wiederholt furchtbare Entscheidungen getroffen hat sagt, er brauche uns, damit er damit aufh\u00f6rt&#8220;, dann sei doch die wahre Frage, ob Gro\u00dfbritannien weiter Teil einer derart &#8222;selbstm\u00f6rderischen Mission&#8220; sein wolle.<\/p>\n<p><em>Merkel ist der EU gegen\u00fcber unsolidarisch<\/em><br \/>\n&#8222;Wenn es in der EU um Solidarit\u00e4t gehe, warum l\u00e4dt Angela Merkel dann nicht all die arbeitslosen jungen Italiener und Griechen ein, die Arbeitsmarktl\u00fccken in Deutschland zu f\u00fcllen, statt Leute aus aller Welt zu importieren, mit gesellschaftlichen Folgen, die noch unsere Enkel ausbaden m\u00fcssen?&#8220; Und Murray f\u00fcgt seine gro\u00dfe Sorge hinzu, dass die erste Generation Migranten zwar vor islamischem Fundamentalismus fliehe, &#8222;viele Mitglieder der zweiten Generation aber, wenn sie hier nicht klarkommen, ihr Heil in genau diesem Fundamentalismus suchen.&#8220;<br \/>\n.<br \/>\n<em>Merkel&#8217;s madness<\/em><br \/>\nOb Merkels Entscheidung, ab <a title=\"Budapest-Dublin2015\" href=\"https:\/\/www.freiburg-schwarzwald.de\/blog\/global\/eu\/budapest-dublin2015\/\">Budapest 9\/2015<\/a> die Grenzen zu \u00f6ffnen, einem moralischen Imperativ oder einem moralischen Imperialismus entsprang, interessiert die Briten nicht. Die konstatieren eine unfassbare &#8222;madness&#8220; der Kanzlerin.<br \/>\n26.5.2016<\/p>\n<p><strong>Wenn die Ehrlichkeit scheitert, scheitert Europa<\/strong><br \/>\nSprechen wir es aus: Demokratie und eine effiziente 28-L\u00e4nder-EU, das geht einfach nicht zusammen. Was von beiden sie bevorzugen, wurden EU-B\u00fcrger bisher nicht gefragt.<br \/>\nEine Kolumne von Jochen Bittner, Alles vom 12.5.2016 auf<br \/>\n<a href=\"https:\/\/www.zeit.de\/politik\/ausland\/2016-05\/europaeische-union-szenario-zusammenbruch-5vor8?page=2#comments\">https:\/\/www.zeit.de\/politik\/ausland\/2016-05\/europaeische-union-szenario-zusammenbruch-5vor8?page=2#comments<\/a><\/p>\n<p><strong>EU ohne Aussengrenzen zerbricht<\/strong><br \/>\n&#8222;Besonders hoch kocht die Wut in Italien, weil es mit dem sommerlichen Migrationsstrom \u00fcberfordert ist, der aus Nordafrika einsetzt und weil die anderen EU-L\u00e4nder keine Fl\u00fcchtlinge \u00fcbernehmen wollen &#8220; Je mehr man reinl\u00e4sst, desto mehr kommen nach. Ein Staat oder eine Staatengemeinschaft, die ihre Au\u00dfengrenzen nicht sch\u00fctzen kann, hat keine Zukunft. Die EU blickt vom hohen moralischen Ross auf Australien herab &#8211; und zerbricht.<br \/>\n25.5.2016, Dieter P.<\/p>\n","protected":false},"excerpt":{"rendered":"<p>Nicht nur in GBR ist &#8222;so gut wie kein Glaube mehr daran, dass die EU mit Demokratie und den Interessen einer selbsbewu\u00dften Nation vereinbar w\u00e4re&#8220; &#8211; so Jochen Bittner, 2007-2011 EU-Korresondent der ZEIT in Br\u00fcssel, der vom gl\u00fchenden EU-Verfechter zu &hellip; <a href=\"https:\/\/www.freiburg-schwarzwald.de\/blog\/brexit-hat-bessere-argumente\/\">Weiterlesen <span class=\"meta-nav\">&rarr;<\/span><\/a><\/p>\n","protected":false},"author":2,"featured_media":0,"comment_status":"open","ping_status":"closed","sticky":false,"template":"","format":"standard","meta":{"footnotes":""},"categories":[36,195,155,105,172],"tags":[489,485,525],"class_list":["post-60853","post","type-post","status-publish","format-standard","hentry","category-engagement","category-eu","category-integration","category-trirhena","category-zukunft","tag-european-union","tag-refugee","tag-politik"],"_links":{"self":[{"href":"https:\/\/www.freiburg-schwarzwald.de\/blog\/wp-json\/wp\/v2\/posts\/60853","targetHints":{"allow":["GET"]}}],"collection":[{"href":"https:\/\/www.freiburg-schwarzwald.de\/blog\/wp-json\/wp\/v2\/posts"}],"about":[{"href":"https:\/\/www.freiburg-schwarzwald.de\/blog\/wp-json\/wp\/v2\/types\/post"}],"author":[{"embeddable":true,"href":"https:\/\/www.freiburg-schwarzwald.de\/blog\/wp-json\/wp\/v2\/users\/2"}],"replies":[{"embeddable":true,"href":"https:\/\/www.freiburg-schwarzwald.de\/blog\/wp-json\/wp\/v2\/comments?post=60853"}],"version-history":[{"count":0,"href":"https:\/\/www.freiburg-schwarzwald.de\/blog\/wp-json\/wp\/v2\/posts\/60853\/revisions"}],"wp:attachment":[{"href":"https:\/\/www.freiburg-schwarzwald.de\/blog\/wp-json\/wp\/v2\/media?parent=60853"}],"wp:term":[{"taxonomy":"category","embeddable":true,"href":"https:\/\/www.freiburg-schwarzwald.de\/blog\/wp-json\/wp\/v2\/categories?post=60853"},{"taxonomy":"post_tag","embeddable":true,"href":"https:\/\/www.freiburg-schwarzwald.de\/blog\/wp-json\/wp\/v2\/tags?post=60853"}],"curies":[{"name":"wp","href":"https:\/\/api.w.org\/{rel}","templated":true}]}}