{"id":60815,"date":"2016-05-05T21:15:22","date_gmt":"2016-05-05T19:15:22","guid":{"rendered":"https:\/\/www.freiburg-schwarzwald.de\/blog\/?p=60815"},"modified":"2016-09-22T21:01:29","modified_gmt":"2016-09-22T19:01:29","slug":"ourghi-fordert-islamkritik-in-d","status":"publish","type":"post","link":"https:\/\/www.freiburg-schwarzwald.de\/blog\/ourghi-fordert-islamkritik-in-d\/","title":{"rendered":"Ourghi fordert Islamkritik in D"},"content":{"rendered":"<p>F\u00fcr die <a title=\"Islam-Organisationen\" href=\"https:\/\/www.freiburg-schwarzwald.de\/blog\/religion\/islam\/islam-organisationen\/\">muslimischen Dachverb\u00e4nde<\/a> in D ist der <a title=\"Islam\" href=\"https:\/\/www.freiburg-schwarzwald.de\/blog\/religion\/islam\/\">Islam<\/a> nicht reformierbar und Islamkritk deshalb unsinnig. Dem entgegnet <a title=\"Ourghi\" href=\"https:\/\/www.freiburg-schwarzwald.de\/blog\/religion\/islam\/ourghi\/\">Abdel-Hakim Ourghi<\/a> :&#8220;Es gen\u00fcgt nicht, zu behaupten der Islam sei eine Friedensreligion. Wir m\u00fcssen ihn dazu machen. Wir brauchen <a title=\"Islam-Reformen\" href=\"https:\/\/www.freiburg-schwarzwald.de\/blog\/religion\/islam\/islam-reformen\/\">Islamkritik<\/a> als integralen Bestandteil der Aufkl\u00e4rung gegen die Legitimation von Gewalt und <a title=\"Islam-Frauen\" href=\"https:\/\/www.freiburg-schwarzwald.de\/blog\/religion\/islam\/islam-frauen\/\">Frauenunterdr\u00fcckung<\/a>&#8222;.<!--more--><br \/>\nF\u00fcr Ourghi fassen Dachverb\u00e4nde wie <a title=\"Ditib\" href=\"https:\/\/www.freiburg-schwarzwald.de\/blog\/global\/tuerkei\/ditib\/\">Ditib<\/a> und Zentralrat der Muslime den <a title=\"Koran\" href=\"https:\/\/www.freiburg-schwarzwald.de\/blog\/religion\/islam\/koran\/\">Koran<\/a> als unver\u00e4nderliches Wort Gottes auf und behaupten wie Milli G\u00f6r\u00fcs: &#8222;Der islamische Glaube braucht keine Reformen Ver\u00e4nderungen und Erneuerungen. Reformen sind nur in verdorbenen Religionen m\u00f6glich.&#8220;<br \/>\nSo ist es nicht verwunderlich, dass in vielen <a title=\"Moscheen\" href=\"https:\/\/www.freiburg-schwarzwald.de\/blog\/religion\/islam\/moscheen\/\">Moscheen<\/a> &#8222;schon die Kinder im Koranunterricht mit einer P\u00e4dagogik der Unterwerfung und Bevormundung konfrontiert&#8220; werden. Diese autorit\u00e4re Erziehung durch &#8222;Importimame&#8220; unterscheidet nicht zwischen Wissen und Glauben, entfremdet die Kinder von der westlichen Gesellschaft, &#8222;sichert Tradition und schafft eine Barriere f\u00fcr die <a title=\"Integrieren\" href=\"https:\/\/www.freiburg-schwarzwald.de\/blog\/global\/integration\/integrieren\/\">Integration<\/a>, ja f\u00f6rdert die Ausgrenzung der muslimischen Kinder. Durch den Verzicht auf individuelles R\u00e4sonnieren bleibt nur der gehorsam Gegen\u00fcber veralteten Denksystemen und der Autorit\u00e4t des Gelehrten.&#8220; So wird den Kindern zwischen vier Jahren und der Pubert\u00e4t ein Islam eingetrichtert, der zum Leitbild des m\u00fcndigen B\u00fcrgers so gar nicht pa\u00dft. &#8222;Jede Religion schafft Unm\u00fcndigkeit, wenn sie Denkverbote ausspricht und allen berechtigten Nachfragen zum Trotz auf ihren Dogmen beharrt&#8220; &#8211; und genau das tut der in D verbreitete und vom Ausland (T\u00fcrkei, Saudi-Arabien, Iran) finanzierte konservative Islam.<br \/>\n.<br \/>\nDie Furcht vor dem Neuen scheint im Islam \u00fcberm\u00e4chtig. Dem entgegnet Ourghi: &#8222;Kritik einer Religion ist noch kein Angriff auf die Religion Kritik kann zum Verlust von Gewissheiten f\u00fchren, aber auch zur Entfaltung neuen Sinns. Gerade im Westen! Die in Deutschland geborenen und sozialisierten Muslime definieren sich zumeist nicht als Sunniten oder Schiiten, so k\u00f6nnten sie den Weg zum Frieden ebnen.&#8220;<br \/>\nOurghi setzt auf Vernunft und <a title=\"Aufklaerung\" href=\"https:\/\/www.freiburg-schwarzwald.de\/blog\/kultur\/aufklaerung\/\">Aufkl\u00e4rung<\/a> und sehnt einen offenen Diskurs zu einen Reform-Islam als gro\u00dfe Chance herbei. &#8222;Im Sinne <a title=\"Kant-Weltbuergerpreis \u2013 Uni FR\" href=\"https:\/\/www.freiburg-schwarzwald.de\/blog\/kant-weltbuergerpreis-uni-fr\/\">Kants<\/a> w\u00e4re vernunftgem\u00e4\u00dfe Islamkritik Aufkl\u00e4rung&#8220;. Er mahnt an, dass in unserer <a title=\"Demokratie\" href=\"https:\/\/www.freiburg-schwarzwald.de\/blog\/engagement\/zukunft\/demokratie\/\">Demokratie<\/a>, die Religionsfreiheit garantiert, muslimische Aufkl\u00e4rer wie <a title=\"Khorchide \u2013 Islam Scharia Gott\" href=\"https:\/\/www.freiburg-schwarzwald.de\/blog\/khorchide-islam-scharia-gott\/\">Mouhanad Khorchide<\/a> aus M\u00fcnster seit Jahren Repressalien ausgesetzt sind. &#8222;Wer religi\u00f6se Wahrheit absolut setzt, macht Religion zur Gefahr. Nie war die Aufkl\u00e4rung des Islams so notwendig wie heute, angesichts des globalislamitischen Terrors. Viele Muslime empfinden ihn schmerzlich.&#8220;<br \/>\n5.5.2016<br \/>\n.<br \/>\nZitate aus:<br \/>\nAbdel-Hakim Ourghi, &#8222;Keine Angst vor Kritik!&#8220;, Glauben und Zweifeln,<br \/>\nDIE ZEIT vom 4.5.2016, Seite 54, <a href=\"https:\/\/www.zeit.de\">www.zeit.de<\/a><\/p>\n","protected":false},"excerpt":{"rendered":"<p>F\u00fcr die muslimischen Dachverb\u00e4nde in D ist der Islam nicht reformierbar und Islamkritk deshalb unsinnig. Dem entgegnet Abdel-Hakim Ourghi :&#8220;Es gen\u00fcgt nicht, zu behaupten der Islam sei eine Friedensreligion. Wir m\u00fcssen ihn dazu machen. Wir brauchen Islamkritik als integralen Bestandteil &hellip; <a href=\"https:\/\/www.freiburg-schwarzwald.de\/blog\/ourghi-fordert-islamkritik-in-d\/\">Weiterlesen <span class=\"meta-nav\">&rarr;<\/span><\/a><\/p>\n","protected":false},"author":2,"featured_media":0,"comment_status":"open","ping_status":"closed","sticky":false,"template":"","format":"standard","meta":{"footnotes":""},"categories":[155,61,89,19,95,6],"tags":[633,31,421,503,301,623,585],"class_list":["post-60815","post","type-post","status-publish","format-standard","hentry","category-integration","category-kinder","category-kirchen","category-religion","category-schulen","category-vereine","tag-demokratie","tag-fruherziehung","tag-islam","tag-church","tag-culture","tag-moschee","tag-schule"],"_links":{"self":[{"href":"https:\/\/www.freiburg-schwarzwald.de\/blog\/wp-json\/wp\/v2\/posts\/60815","targetHints":{"allow":["GET"]}}],"collection":[{"href":"https:\/\/www.freiburg-schwarzwald.de\/blog\/wp-json\/wp\/v2\/posts"}],"about":[{"href":"https:\/\/www.freiburg-schwarzwald.de\/blog\/wp-json\/wp\/v2\/types\/post"}],"author":[{"embeddable":true,"href":"https:\/\/www.freiburg-schwarzwald.de\/blog\/wp-json\/wp\/v2\/users\/2"}],"replies":[{"embeddable":true,"href":"https:\/\/www.freiburg-schwarzwald.de\/blog\/wp-json\/wp\/v2\/comments?post=60815"}],"version-history":[{"count":0,"href":"https:\/\/www.freiburg-schwarzwald.de\/blog\/wp-json\/wp\/v2\/posts\/60815\/revisions"}],"wp:attachment":[{"href":"https:\/\/www.freiburg-schwarzwald.de\/blog\/wp-json\/wp\/v2\/media?parent=60815"}],"wp:term":[{"taxonomy":"category","embeddable":true,"href":"https:\/\/www.freiburg-schwarzwald.de\/blog\/wp-json\/wp\/v2\/categories?post=60815"},{"taxonomy":"post_tag","embeddable":true,"href":"https:\/\/www.freiburg-schwarzwald.de\/blog\/wp-json\/wp\/v2\/tags?post=60815"}],"curies":[{"name":"wp","href":"https:\/\/api.w.org\/{rel}","templated":true}]}}