{"id":60810,"date":"2016-05-19T14:27:18","date_gmt":"2016-05-19T12:27:18","guid":{"rendered":"https:\/\/www.freiburg-schwarzwald.de\/blog\/?p=60810"},"modified":"2016-05-19T14:32:22","modified_gmt":"2016-05-19T12:32:22","slug":"seyran-ates-liberale-moschee","status":"publish","type":"post","link":"https:\/\/www.freiburg-schwarzwald.de\/blog\/seyran-ates-liberale-moschee\/","title":{"rendered":"Seyran Ates: Liberale Moschee"},"content":{"rendered":"<p>Angesichts des in Deutschland dominierenden konservativen (Moscheevereine, <a title=\"Islam-Organisationen\" href=\"https:\/\/www.freiburg-schwarzwald.de\/blog\/religion\/islam\/islam-organisationen\/\">Islamverb\u00e4nde<\/a>) und zunehmend radikalen (Salafismus) <a title=\"Islam\" href=\"https:\/\/www.freiburg-schwarzwald.de\/blog\/religion\/islam\/\">Islam<\/a> setzt sich die deutsch-t\u00fcrkische <a title=\"Islam-Frauen\" href=\"https:\/\/www.freiburg-schwarzwald.de\/blog\/religion\/islam\/islam-frauen\/\">Frauenrechtlerin<\/a> <a title=\"Ates\" href=\"https:\/\/www.freiburg-schwarzwald.de\/blog\/religion\/islam\/ates\/\">Seyran Ates<\/a> f\u00fcr einen <a title=\"Islam-Reformen\" href=\"https:\/\/www.freiburg-schwarzwald.de\/blog\/religion\/islam\/islam-reformen\/\">friedlichen Islam<\/a> ein: &#8222;Gr\u00fcndet mit mir eine liberale <a title=\"Moscheen\" href=\"https:\/\/www.freiburg-schwarzwald.de\/blog\/religion\/islam\/moscheen\/\">Moschee<\/a>&#8222;. Um die Reformierbarkeit des Islam zu belegen. Um die Vertreter der <a title=\"Kirche-Staat\" href=\"https:\/\/www.freiburg-schwarzwald.de\/blog\/religion\/kirche-staat\/\">Theokratie<\/a> zur\u00fcckzuweisen. Um die Rufe nach Einf\u00fchrung der <a title=\"Koran\" href=\"https:\/\/www.freiburg-schwarzwald.de\/blog\/religion\/islam\/koran\/\">Scharia<\/a> zu \u00fcbert\u00f6nen. <!--more-->Um den vielen Imamen zu widersprechen, die sagen, das Haus des Islam sei erst gebaut, wenn es die ganze Welt umfasse. Um die Diskriminierung von muslimischen Frauen in und au\u00dferalb der Moschee endlich zu beenden. Die &#8222;demokratische Moschee&#8220; soll in Berlin, im Herzen Europas, gebaut werden.<br \/>\n.<br \/>\nAtes beklagt, dass in Deuschland der t\u00fcrkische Staats-Islam herrscht. &#8222;Liberale, moderne, demokratische oder gar s\u00e4kulare Muslime sind in der europ\u00e4ischen Moscheenlandschaft heimatlos. Sie haben keinen religi\u00f6sen Treffpunkt, keine Plattform, sie sind nicht organisiert und daher auch nicht Partner der Politik.&#8220;<br \/>\nDie meisten der \u00fcber 2000 Moscheen in Deutschland werden vom t\u00fcrkischen Staat kontrolliert (<a title=\"Ditib\" href=\"https:\/\/www.freiburg-schwarzwald.de\/blog\/global\/tuerkei\/ditib\/\">Ditib<\/a>, von Diynet ausgebildete Imame), die deutschen Islamverb\u00e4nde vertreten einen &#8222;volkst\u00fcmlichen Islam, patriarchal und konservativ.&#8220; Hier ist die freiheitlich-demokratische Grundordnung in Gefahr: &#8222;Wann verteidigt der Westen seine Freiheit endlich gegen die Feinde der Freiheit?&#8220; Was in den deutschen Moscheen insbesondere im Hinblick auf die Erziehung Kinder geschehe, mu\u00df gestoppt werden: &#8222;Zu viele Moscheen predigen einen Islam von vorgestern. &#8230; Die meisten aktiven Imame in Deutschland haben ein gest\u00f6rtes Verh\u00e4ltnis zu demokratischen Standards wie Religionsfreiheit, Gleichberechtigung und Respekt vor Homosexualit\u00e4t.&#8220;<br \/>\nF\u00fcr Seran Ates als Juristin und Frauenrechtlerin zeigt sich der Modernisierungsberarf des Islam besonders drastisch am erniedrigenden <a title=\"Frauenrechte\" href=\"https:\/\/www.freiburg-schwarzwald.de\/blog\/global\/integration\/frauenrechte\/\">Frauenbild<\/a>: &#8222;An keinem anderen Ort f\u00fchle ich mich derart diskriminiert wie in Moscheen.&#8220; <a title=\"Integration-Islam\" href=\"https:\/\/www.freiburg-schwarzwald.de\/blog\/global\/integration\/integration-islam\/\">Integration<\/a> der muslimischen Fl\u00fcchtlinge in Deutschland kann nur gelingen, wenn die muslimischen Frauen hier einen freiheitlichen Islam leben k\u00f6nnen: &#8222;Nur durch eine geschlechtergerechte Auslegung des Koran und der Hadithen k\u00f6nnten wir an eine Gleichberechtigung glauben, wie sie uns (den Frauen) in Deutschland vom Grundgesetz garantiert wird.&#8220;<br \/>\nIm Klartext bedeutet dies, dass f\u00fcr <a title=\"Ates\" href=\"https:\/\/www.freiburg-schwarzwald.de\/blog\/religion\/islam\/ates\/\">Seyran Ates<\/a> der Slogan <em>&#8222;Der Islam geh\u00f6rt zu Deutschland&#8220;<\/em>\u00a0 f\u00fcr den derzeit vorherrschenden konservativen, patriarchalischen, traditionellen Islam schon aus dem Grunde nicht gilt, da er Frauen unterdr\u00fcckt und Frauenrechte als Teil der Menschenrechte mi\u00dfachtet. Solange die Moscheen und Islamverb\u00e4nde in Deutschland zu 95% von T\u00fcrkei (Erdogans Staatsislam), Iran (Schiiten) und Saudi-Arabien (Sunniten, Salafisten) finanziert werden, wird es der Reform-Islam schwer haben. F\u00fcr Seyran Ates unverst\u00e4ndlich, denn: &#8222;Zugleich w\u00fcnschen sich immer mehr Musliminnen und Muslime einen friedlichen Islam, der den Dialog mit anderen Religionen pflegt. Doch dieser Islam hat in Europa noch keinen Ort. Es gibt nur die etablierten, konservativen Gemeinden, die Kritik und Zweifel kaum zulassen. Was fehlt ist eine liberale Moschee.&#8220;<br \/>\n19.5.2016<br \/>\n.<br \/>\nZitate aus:<br \/>\n<a title=\"Ates\" href=\"https:\/\/www.freiburg-schwarzwald.de\/blog\/religion\/islam\/ates\/\">Seyran Ates<\/a>, &#8222;Gr\u00fcndet mir eine liberale Moschee!&#8220;. DIE ZEIT vom 19.5.2016, Seite 52<\/p>\n","protected":false},"excerpt":{"rendered":"<p>Angesichts des in Deutschland dominierenden konservativen (Moscheevereine, Islamverb\u00e4nde) und zunehmend radikalen (Salafismus) Islam setzt sich die deutsch-t\u00fcrkische Frauenrechtlerin Seyran Ates f\u00fcr einen friedlichen Islam ein: &#8222;Gr\u00fcndet mit mir eine liberale Moschee&#8222;. Um die Reformierbarkeit des Islam zu belegen. Um die &hellip; <a href=\"https:\/\/www.freiburg-schwarzwald.de\/blog\/seyran-ates-liberale-moschee\/\">Weiterlesen <span class=\"meta-nav\">&rarr;<\/span><\/a><\/p>\n","protected":false},"author":2,"featured_media":0,"comment_status":"open","ping_status":"closed","sticky":false,"template":"","format":"standard","meta":{"footnotes":""},"categories":[59,155,13,80,19,6],"tags":[633,612,421,503,623],"class_list":["post-60810","post","type-post","status-publish","format-standard","hentry","category-frauen","category-integration","category-kultur","category-medien","category-religion","category-vereine","tag-demokratie","tag-frau","tag-islam","tag-church","tag-moschee"],"_links":{"self":[{"href":"https:\/\/www.freiburg-schwarzwald.de\/blog\/wp-json\/wp\/v2\/posts\/60810","targetHints":{"allow":["GET"]}}],"collection":[{"href":"https:\/\/www.freiburg-schwarzwald.de\/blog\/wp-json\/wp\/v2\/posts"}],"about":[{"href":"https:\/\/www.freiburg-schwarzwald.de\/blog\/wp-json\/wp\/v2\/types\/post"}],"author":[{"embeddable":true,"href":"https:\/\/www.freiburg-schwarzwald.de\/blog\/wp-json\/wp\/v2\/users\/2"}],"replies":[{"embeddable":true,"href":"https:\/\/www.freiburg-schwarzwald.de\/blog\/wp-json\/wp\/v2\/comments?post=60810"}],"version-history":[{"count":0,"href":"https:\/\/www.freiburg-schwarzwald.de\/blog\/wp-json\/wp\/v2\/posts\/60810\/revisions"}],"wp:attachment":[{"href":"https:\/\/www.freiburg-schwarzwald.de\/blog\/wp-json\/wp\/v2\/media?parent=60810"}],"wp:term":[{"taxonomy":"category","embeddable":true,"href":"https:\/\/www.freiburg-schwarzwald.de\/blog\/wp-json\/wp\/v2\/categories?post=60810"},{"taxonomy":"post_tag","embeddable":true,"href":"https:\/\/www.freiburg-schwarzwald.de\/blog\/wp-json\/wp\/v2\/tags?post=60810"}],"curies":[{"name":"wp","href":"https:\/\/api.w.org\/{rel}","templated":true}]}}