{"id":60752,"date":"2016-05-13T18:48:21","date_gmt":"2016-05-13T16:48:21","guid":{"rendered":"https:\/\/www.freiburg-schwarzwald.de\/blog\/?p=60752"},"modified":"2016-05-13T18:52:44","modified_gmt":"2016-05-13T16:52:44","slug":"hasskriminalitaet-von-muslimen","status":"publish","type":"post","link":"https:\/\/www.freiburg-schwarzwald.de\/blog\/hasskriminalitaet-von-muslimen\/","title":{"rendered":"Hasskriminalitaet von Muslimen"},"content":{"rendered":"<p>Die <a title=\"NGO\" href=\"https:\/\/www.freiburg-schwarzwald.de\/blog\/vereine\/ngo\/\">NGO&#8217;s<\/a> Open Doors, &#8222;Internationale Gesellschaft f\u00fcr <a title=\"Menschenrechte\" href=\"https:\/\/www.freiburg-schwarzwald.de\/blog\/kultur\/aufklaerung\/menschenrechte\/\">Menschenrechte<\/a>&#8220; und &#8222;Aktion f\u00fcr <a title=\"Kulturkampf Islam \u2013 Christen\" href=\"https:\/\/www.freiburg-schwarzwald.de\/blog\/kulturkampf-islam-christen\/\">verfolgte Christen<\/a> und Notleidende&#8220; berichten von immer mehr F\u00e4llen von brutaler Gewalt von <a title=\"Migration-Maenner\" href=\"https:\/\/www.freiburg-schwarzwald.de\/blog\/global\/migration\/migration-maenner\/\">muslimischen<\/a> gegen <a title=\"Fluechtlinge-Christen\" href=\"https:\/\/www.freiburg-schwarzwald.de\/blog\/global\/integration\/fluechtlinge-christen\/\">christliche Fl\u00fcchtlinge<\/a>, also &#8222;offenkundig systematische Erniedrigungen <a title=\"Islam\" href=\"https:\/\/www.freiburg-schwarzwald.de\/blog\/religion\/islam\/\">Andersgl\u00e4ubiger<\/a>. Solche Taten betreffen nicht nur den Einzelnen. Sie sind ein Angriff auf den sozialen Frieden und auf die Toleranz, die grundlegend sind f\u00fcr diese Gesellschaft.&#8220;<br \/>\n<!--more-->.<br \/>\nDie meisten Gewalttaten werden von den <a title=\"Christen\" href=\"https:\/\/www.freiburg-schwarzwald.de\/blog\/religion\/christen\/\">Christen<\/a> in den Wohnheimen aus Angst nicht angezeigt oder von den <a title=\"Medien\" href=\"https:\/\/www.freiburg-schwarzwald.de\/blog\/kultur\/medien\/\">Medien<\/a> der <a title=\"Political-Correctness\" href=\"https:\/\/www.freiburg-schwarzwald.de\/blog\/kultur\/medien\/political-correctness\/\">Political Correctness<\/a>\u00a0(der deutsche B\u00fcrger darf aufgrund seiner Unm\u00fcndigkeit nicht mit der vollen Wahrheit konfrontiert werden) gem\u00e4\u00df totgeschwiegen. Doch was tun, wenn Muslime, die angeblich vor Verfolgung fliehen, hier nichts Besseres zu tun haben, als die in ihren Augen <a title=\"Religion\" href=\"https:\/\/www.freiburg-schwarzwald.de\/blog\/religion\/\">Ungl\u00e4ubigen<\/a> &#8211; vornehmlich Christen und <a title=\"Humanismus\" href=\"https:\/\/www.freiburg-schwarzwald.de\/blog\/kultur\/aufklaerung\/humanismus\/\">Agnostiker<\/a> &#8211; zu verfolgen?<br \/>\nSeit 2015 wurde im Zuge der NSU-Morde das Strafgesetz f\u00fcr Taten, die auf &#8222;rassistischen, fremdenfeindlichen oder sonstigen menschenverachtenden Motiven&#8220; gr\u00fcnden, deutlich versch\u00e4rft. Dieser neue &#8222;hate crime&#8220;-Paragraf sollte &#8222;explizit um das Merkmal der &#8218;religi\u00f6sen&#8216; Beweggr\u00fcnde erweitert werden. Die Opfer von Hasskriminalit\u00e4t brauchen die Gewi\u00dfheit, dass die T\u00e4ter konsequent verfolgt werden.&#8220;<br \/>\n13.5.2016<br \/>\n.<br \/>\nMehr dazu auch auf:<br \/>\nJochen Bittner, &#8222;Euer Krieg mu\u00df drau\u00dfen bleiben. Was tun, wenn muslimische Einwanderer Hassverbrechen begehen? Ganz einfach: Gleiche rechtliche H\u00e4rte gegen Alle&#8220;, DIE ZEIT vom 12.5.2016, Seite 8<br \/>\n<a href=\"https:\/\/www.zeit.de\">www.zeit.de<\/a><\/p>\n","protected":false},"excerpt":{"rendered":"<p>Die NGO&#8217;s Open Doors, &#8222;Internationale Gesellschaft f\u00fcr Menschenrechte&#8220; und &#8222;Aktion f\u00fcr verfolgte Christen und Notleidende&#8220; berichten von immer mehr F\u00e4llen von brutaler Gewalt von muslimischen gegen christliche Fl\u00fcchtlinge, also &#8222;offenkundig systematische Erniedrigungen Andersgl\u00e4ubiger. Solche Taten betreffen nicht nur den Einzelnen. &hellip; <a href=\"https:\/\/www.freiburg-schwarzwald.de\/blog\/hasskriminalitaet-von-muslimen\/\">Weiterlesen <span class=\"meta-nav\">&rarr;<\/span><\/a><\/p>\n","protected":false},"author":2,"featured_media":0,"comment_status":"open","ping_status":"closed","sticky":false,"template":"","format":"standard","meta":{"footnotes":""},"categories":[52,155,19,172],"tags":[633,485,431,732,421],"class_list":["post-60752","post","type-post","status-publish","format-standard","hentry","category-einewelt","category-integration","category-religion","category-zukunft","tag-demokratie","tag-refugee","tag-gerecht","tag-gewalt","tag-islam"],"_links":{"self":[{"href":"https:\/\/www.freiburg-schwarzwald.de\/blog\/wp-json\/wp\/v2\/posts\/60752","targetHints":{"allow":["GET"]}}],"collection":[{"href":"https:\/\/www.freiburg-schwarzwald.de\/blog\/wp-json\/wp\/v2\/posts"}],"about":[{"href":"https:\/\/www.freiburg-schwarzwald.de\/blog\/wp-json\/wp\/v2\/types\/post"}],"author":[{"embeddable":true,"href":"https:\/\/www.freiburg-schwarzwald.de\/blog\/wp-json\/wp\/v2\/users\/2"}],"replies":[{"embeddable":true,"href":"https:\/\/www.freiburg-schwarzwald.de\/blog\/wp-json\/wp\/v2\/comments?post=60752"}],"version-history":[{"count":0,"href":"https:\/\/www.freiburg-schwarzwald.de\/blog\/wp-json\/wp\/v2\/posts\/60752\/revisions"}],"wp:attachment":[{"href":"https:\/\/www.freiburg-schwarzwald.de\/blog\/wp-json\/wp\/v2\/media?parent=60752"}],"wp:term":[{"taxonomy":"category","embeddable":true,"href":"https:\/\/www.freiburg-schwarzwald.de\/blog\/wp-json\/wp\/v2\/categories?post=60752"},{"taxonomy":"post_tag","embeddable":true,"href":"https:\/\/www.freiburg-schwarzwald.de\/blog\/wp-json\/wp\/v2\/tags?post=60752"}],"curies":[{"name":"wp","href":"https:\/\/api.w.org\/{rel}","templated":true}]}}