{"id":60703,"date":"2016-05-11T12:28:28","date_gmt":"2016-05-11T10:28:28","guid":{"rendered":"https:\/\/www.freiburg-schwarzwald.de\/blog\/?p=60703"},"modified":"2016-05-11T12:28:28","modified_gmt":"2016-05-11T10:28:28","slug":"willkommensnetz-fluechtlinge","status":"publish","type":"post","link":"https:\/\/www.freiburg-schwarzwald.de\/blog\/willkommensnetz-fluechtlinge\/","title":{"rendered":"Willkommensnetz Fluechtlinge"},"content":{"rendered":"<p>Das neue WillkommensNetz Freiburg bringt die zur <a title=\"Migration\" href=\"https:\/\/www.freiburg-schwarzwald.de\/blog\/global\/migration\/\">Fl\u00fcchtlingshilfe<\/a> relevante <a title=\"Integrieren\" href=\"https:\/\/www.freiburg-schwarzwald.de\/blog\/global\/integration\/integrieren\/\">Informationen<\/a> zusammen: <a title=\"Willkommenskultur\" href=\"https:\/\/www.freiburg-schwarzwald.de\/blog\/global\/integration\/willkommenskultur\/\">Aktivit\u00e4ten<\/a> im <a title=\"Asylanten\" href=\"https:\/\/www.freiburg-schwarzwald.de\/blog\/global\/integration\/asylanten\/\">FreundeskreisAsyl<\/a> Freiburg Wiki. Termine zu <a title=\"UMF\" href=\"https:\/\/www.freiburg-schwarzwald.de\/blog\/global\/integration\/umf\/\">Migration<\/a> und <a title=\"Integration-Islam\" href=\"https:\/\/www.freiburg-schwarzwald.de\/blog\/global\/integration\/integration-islam\/\">Integration<\/a> im Wandelkalender Freiburg. So ist seit Jahresbeginn 2016 eine <a title=\"Migration-Internet\" href=\"https:\/\/www.freiburg-schwarzwald.de\/blog\/global\/migration\/migration-internet\/\">Online<\/a>-Kommunikationsplattform f\u00fcr Interessierte, HelferInnen und <a title=\"Fluechtlinge\" href=\"https:\/\/www.freiburg-schwarzwald.de\/blog\/global\/integration\/fluechtlinge\/\">Gefl\u00fcchtete<\/a> f\u00fcr Freiburg und Umgebung im Entstehen.<!--more--><br \/>\n.<br \/>\n<a href=\"https:\/\/www.willkommensnetz-freiburg.de\">https:\/\/www.willkommensnetz-freiburg.de<\/a> \/<\/p>\n<p><strong>Wandelkalender Freiburg<\/strong><br \/>\nDer WandelKalender ist ein Projekt von Freiburg im Wandel &#8211; Netzwerk f\u00fcr ein Nachhaltiges Freiburg. Freiburg im Wandel (link is external) ist ein seit 2012 bestehendes zivilgesellschaftliches Netzwerk. Es richtet sich an alle Engagierten, die sich dem Ziel der Nachhaltigkeit verpflichtet f\u00fchlen, also einer Entwicklung, die \u00f6kologische, soziale und \u00f6konomische Ziele gleicherma\u00dfen anstrebt.<br \/>\n<a href=\"https:\/\/freiburg.wandelkalender.de\/calendar?thema[]=230\">https:\/\/freiburg.wandelkalender.de\/calendar?thema[]=230<\/a><\/p>\n<p><strong>Freundeskreis Asyl Freiburg<\/strong><br \/>\n<a href=\"https:\/\/wiki.freundeskreisasyl-freiburg.de\/doku.php\">https:\/\/wiki.freundeskreisasyl-freiburg.de\/doku.php<\/a><\/p>\n","protected":false},"excerpt":{"rendered":"<p>Das neue WillkommensNetz Freiburg bringt die zur Fl\u00fcchtlingshilfe relevante Informationen zusammen: Aktivit\u00e4ten im FreundeskreisAsyl Freiburg Wiki. Termine zu Migration und Integration im Wandelkalender Freiburg. So ist seit Jahresbeginn 2016 eine Online-Kommunikationsplattform f\u00fcr Interessierte, HelferInnen und Gefl\u00fcchtete f\u00fcr Freiburg und Umgebung &hellip; <a href=\"https:\/\/www.freiburg-schwarzwald.de\/blog\/willkommensnetz-fluechtlinge\/\">Weiterlesen <span class=\"meta-nav\">&rarr;<\/span><\/a><\/p>\n","protected":false},"author":2,"featured_media":0,"comment_status":"open","ping_status":"closed","sticky":false,"template":"","format":"standard","meta":{"footnotes":""},"categories":[49,400,14,155,9],"tags":[485,725,421,622],"class_list":["post-60703","post","type-post","status-publish","format-standard","hentry","category-freiburg","category-freiwillig","category-global","category-integration","category-soziales","tag-refugee","tag-integration","tag-islam","tag-migration"],"_links":{"self":[{"href":"https:\/\/www.freiburg-schwarzwald.de\/blog\/wp-json\/wp\/v2\/posts\/60703","targetHints":{"allow":["GET"]}}],"collection":[{"href":"https:\/\/www.freiburg-schwarzwald.de\/blog\/wp-json\/wp\/v2\/posts"}],"about":[{"href":"https:\/\/www.freiburg-schwarzwald.de\/blog\/wp-json\/wp\/v2\/types\/post"}],"author":[{"embeddable":true,"href":"https:\/\/www.freiburg-schwarzwald.de\/blog\/wp-json\/wp\/v2\/users\/2"}],"replies":[{"embeddable":true,"href":"https:\/\/www.freiburg-schwarzwald.de\/blog\/wp-json\/wp\/v2\/comments?post=60703"}],"version-history":[{"count":0,"href":"https:\/\/www.freiburg-schwarzwald.de\/blog\/wp-json\/wp\/v2\/posts\/60703\/revisions"}],"wp:attachment":[{"href":"https:\/\/www.freiburg-schwarzwald.de\/blog\/wp-json\/wp\/v2\/media?parent=60703"}],"wp:term":[{"taxonomy":"category","embeddable":true,"href":"https:\/\/www.freiburg-schwarzwald.de\/blog\/wp-json\/wp\/v2\/categories?post=60703"},{"taxonomy":"post_tag","embeddable":true,"href":"https:\/\/www.freiburg-schwarzwald.de\/blog\/wp-json\/wp\/v2\/tags?post=60703"}],"curies":[{"name":"wp","href":"https:\/\/api.w.org\/{rel}","templated":true}]}}