{"id":60698,"date":"2016-04-28T13:17:54","date_gmt":"2016-04-28T11:17:54","guid":{"rendered":"https:\/\/www.freiburg-schwarzwald.de\/blog\/?p=60698"},"modified":"2016-05-10T13:35:21","modified_gmt":"2016-05-10T11:35:21","slug":"375000000000-euro-kosten-eu","status":"publish","type":"post","link":"https:\/\/www.freiburg-schwarzwald.de\/blog\/375000000000-euro-kosten-eu\/","title":{"rendered":"375000000000 Euro Kosten &#8211; EU"},"content":{"rendered":"<p>Die EU will L\u00e4nder ohne <a title=\"Migration\" href=\"https:\/\/www.freiburg-schwarzwald.de\/blog\/global\/migration\/\">Fl\u00fcchtlingsaufnahme<\/a> mit 250.000 Euro\/Person zu belegen. Diese Abla\u00df- bzw. Strafzahlung ist unverst\u00e4ndlich, da Merkel-GroKo die vielen\u00a0<a title=\"Migration-Maenner\" href=\"https:\/\/www.freiburg-schwarzwald.de\/blog\/global\/migration\/migration-maenner\/\">Fl\u00fcchtlinge<\/a>\u00a0aus Arabien und Afrika als <a title=\"Fluechtlinge-Chance\" href=\"https:\/\/www.freiburg-schwarzwald.de\/blog\/global\/integration\/fluechtlinge-chance\/\">Bereicherung<\/a> f\u00fcrs Land ansieht. Oder erzeugen die 1,5 Mio seit <a title=\"Budapest-Dublin2015\" href=\"https:\/\/www.freiburg-schwarzwald.de\/blog\/global\/eu\/budapest-dublin2015\/\">Budapest 9\/2015<\/a>\u00a0nach D Geflohenen also doch Kosten von 375.000.000.000 bzw. 375 Mrd Euro? Die EU rechnet es mit naiver <a title=\"Ehrlichkeit\" href=\"https:\/\/www.freiburg-schwarzwald.de\/blog\/engagement\/zukunft\/ehrlichkeit\/\">Ehrlichkeit<\/a> noch runter:<br \/>\n<!--more-->Da durch die Familienzusammenf\u00fchrung aus einem Migranten fr\u00fcher oder sp\u00e4ter f\u00fcnf werden, vermeidet die Strafzahlung also 5 Zuwanderungen, womit sich die Abla\u00dfzahlung auf &#8217;nur&#8216; 50.000 Euro\/Fl\u00fcchtling vermindert.<br \/>\n.<br \/>\nDiese Zahlen der EU-Kommission offenbaren die L\u00fcge der <a title=\"Wir-schaffen-das\" href=\"https:\/\/www.freiburg-schwarzwald.de\/blog\/global\/migration\/wir-schaffen-das\/\">deutschen Fl\u00fcchtlingspolitik<\/a>: 375 Mrd Kosten statt Bereicherung. Der Staat nimmt sich diese 375 Mrd Euro vom Steuerzahler &#8211; der 2012 verstorbene Roland Baader erinnert in seinem Buch &#8222;Das Ende des Papiergeld-Zeitalters &#8211; Ein Brevier der Freiheit&#8220; an die einfachen Zusammenh\u00e4nge:<br \/>\n<em>\u201eWo immer also die Menschen geglaubt haben, da\u00df nicht mehr der Markt, sondern nur noch die Regierung in der Lage sei, Besch\u00e4ftigung zu erzeugen und Arbeitspl\u00e4tze zu schaffen, da hatte zuvor der gro\u00dfe Hexenmeister \u201eStaat\u201c weit mehr Arbeitspl\u00e4tze vernichtet als er anschlie\u00dfend wieder aufp\u00e4ppeln konnte. Und auch dieses Aufp\u00e4ppeln konnte wiederum nur auf Kosten der Opfer des vorangegangenen Desasters geschehen. Der Staat oder die sogenannte \u00f6ffentliche Hand kann niemals eigenes, durch eigene produktive Arbeit verdientes Geld haben. Was er ausgibt, um damit Besch\u00e4ftigung im \u00f6ffentlichen oder im privaten Sektor zu \u201eschaffen\u201c, mu\u00df er stets vorher oder hinterher seinen B\u00fcrgern wegnehmen. Und das bedeutet, (\u2026) da\u00df er andere private und produktive Besch\u00e4ftigung verhindert. Sogar wenn die auf solche Weise entstehenden Arbeitspl\u00e4tze ebenso produktiv sein sollten wie es die verhinderten gewesen w\u00e4ren, sorgt allein schon die kostentr\u00e4chtige Existenz des staatlichen Verwaltungsapparates daf\u00fcr, da\u00df die Dimension des unterdr\u00fcckten Besch\u00e4ftigungsvolumens stets gr\u00f6\u00dfer sein mu\u00df als die Menge der \u201egeschaffenen\u201c Arbeit.\u201c<\/em><br \/>\nKritiker werden einwenden, dass man den 375 Mrd Euro an Kosten doch die durch die Masseneinwanderung entstandenen Gewinne gegenrechnen m\u00fcsse. Korrekt. Aber genau hier beginnt die Misere, denn wo genau entstehen Gewinne, wenn h\u00f6chstens 5% der Fl\u00fcchtlinge &#8222;in absehbarer Zeit&#8220; (Andrea Nahles) eine sozialversicherungspflichtige Arbeit aufnehmen k\u00f6nnen?<br \/>\n10.5.2016<br \/>\n.<br \/>\nAuch mit der Abschaffung der 500-Euro-Bargeldscheine im Mai 2016 hat dieses Buch nichts an seiner Aktualit\u00e4t verloren.<br \/>\nRoland Bader: Das Ende des Papiergeld-Zeitalters &#8211; Ein Brevier der Freiheit&#8220;<br \/>\n<a href=\"https:\/\/www.roland-baader.de\/roland-baader-brevier-erschienen-das-ende-des-papiergeld-zeitalters-ein-brevier-der-freiheit\/\">https:\/\/www.roland-baader.de\/roland-baader-brevier-erschienen-das-ende-des-papiergeld-zeitalters-ein-brevier-der-freiheit\/<\/a><\/p>\n","protected":false},"excerpt":{"rendered":"<p>Die EU will L\u00e4nder ohne Fl\u00fcchtlingsaufnahme mit 250.000 Euro\/Person zu belegen. Diese Abla\u00df- bzw. Strafzahlung ist unverst\u00e4ndlich, da Merkel-GroKo die vielen\u00a0Fl\u00fcchtlinge\u00a0aus Arabien und Afrika als Bereicherung f\u00fcrs Land ansieht. Oder erzeugen die 1,5 Mio seit Budapest 9\/2015\u00a0nach D Geflohenen also &hellip; <a href=\"https:\/\/www.freiburg-schwarzwald.de\/blog\/375000000000-euro-kosten-eu\/\">Weiterlesen <span class=\"meta-nav\">&rarr;<\/span><\/a><\/p>\n","protected":false},"author":2,"featured_media":0,"comment_status":"open","ping_status":"closed","sticky":false,"template":"","format":"standard","meta":{"footnotes":""},"categories":[79,195,155,9],"tags":[489,426,622,525,631],"class_list":["post-60698","post","type-post","status-publish","format-standard","hentry","category-arbeit","category-eu","category-integration","category-soziales","tag-european-union","tag-job","tag-migration","tag-politik","tag-staat"],"_links":{"self":[{"href":"https:\/\/www.freiburg-schwarzwald.de\/blog\/wp-json\/wp\/v2\/posts\/60698","targetHints":{"allow":["GET"]}}],"collection":[{"href":"https:\/\/www.freiburg-schwarzwald.de\/blog\/wp-json\/wp\/v2\/posts"}],"about":[{"href":"https:\/\/www.freiburg-schwarzwald.de\/blog\/wp-json\/wp\/v2\/types\/post"}],"author":[{"embeddable":true,"href":"https:\/\/www.freiburg-schwarzwald.de\/blog\/wp-json\/wp\/v2\/users\/2"}],"replies":[{"embeddable":true,"href":"https:\/\/www.freiburg-schwarzwald.de\/blog\/wp-json\/wp\/v2\/comments?post=60698"}],"version-history":[{"count":0,"href":"https:\/\/www.freiburg-schwarzwald.de\/blog\/wp-json\/wp\/v2\/posts\/60698\/revisions"}],"wp:attachment":[{"href":"https:\/\/www.freiburg-schwarzwald.de\/blog\/wp-json\/wp\/v2\/media?parent=60698"}],"wp:term":[{"taxonomy":"category","embeddable":true,"href":"https:\/\/www.freiburg-schwarzwald.de\/blog\/wp-json\/wp\/v2\/categories?post=60698"},{"taxonomy":"post_tag","embeddable":true,"href":"https:\/\/www.freiburg-schwarzwald.de\/blog\/wp-json\/wp\/v2\/tags?post=60698"}],"curies":[{"name":"wp","href":"https:\/\/api.w.org\/{rel}","templated":true}]}}