{"id":60683,"date":"2016-05-09T19:52:23","date_gmt":"2016-05-09T17:52:23","guid":{"rendered":"https:\/\/www.freiburg-schwarzwald.de\/blog\/?p=60683"},"modified":"2016-05-11T18:12:43","modified_gmt":"2016-05-11T16:12:43","slug":"das-neue-deutschland-merkel","status":"publish","type":"post","link":"https:\/\/www.freiburg-schwarzwald.de\/blog\/das-neue-deutschland-merkel\/","title":{"rendered":"Das neue Deutschland &#8211; Merkel"},"content":{"rendered":"<p>&#8222;Wie viel <a title=\"Diskussionskultur\" href=\"https:\/\/www.freiburg-schwarzwald.de\/blog\/kultur\/medien\/diskussionskultur\/\">Hohn und Mitleid<\/a> w\u00fcrde ein <a title=\"France\" href=\"https:\/\/www.freiburg-schwarzwald.de\/blog\/global\/france\/\">Franzose<\/a> (Francois Hollande) oder ein <a title=\"Grossbritannien\" href=\"https:\/\/www.freiburg-schwarzwald.de\/blog\/global\/grossbritannien\/\">Engl\u00e4nder<\/a> (David Cameron) ernten, der seinen verdutzten Landsleuten mitteilte, dass es an der Zeit sei, dass sich Frankreich oder England \u00e4nderte und ein neues Frankreich oder England erstrebenswert sei?&#8220; (Klaus-R\u00fcdiger Mai). Sp\u00e4testens seit <a title=\"Budapest-Dublin2015\" href=\"https:\/\/www.freiburg-schwarzwald.de\/blog\/global\/eu\/budapest-dublin2015\/\">Budapest 9\/2015<\/a> mit der <a title=\"Migration-Maenner\" href=\"https:\/\/www.freiburg-schwarzwald.de\/blog\/global\/migration\/migration-maenner\/\">Massenimmigration<\/a> von <a title=\"Migranten-Fluechtlinge\" href=\"https:\/\/www.freiburg-schwarzwald.de\/blog\/global\/migration\/migranten-fluechtlinge\/\">1,5 Mio Fl\u00fcchtlingen<\/a> (ohne <a title=\"Integration-Islam\" href=\"https:\/\/www.freiburg-schwarzwald.de\/blog\/global\/integration\/integration-islam\/\">Familiennachzug<\/a>) <!--more-->und der Isolierung in der <a title=\"EU\" href=\"https:\/\/www.freiburg-schwarzwald.de\/blog\/global\/eu\/\">EU<\/a>\u00a0(28 gegen 1 &#8211; alle anderen EU-L\u00e4nder gegen D) schafft <a title=\"Merkelismus\" href=\"https:\/\/www.freiburg-schwarzwald.de\/blog\/engagement\/zukunft\/demokratie\/merkelismus\/\">Angela Merkel<\/a> dieses neue Deutschland &#8211; scheinbar ohne Hohn und Mitleid, da all dies aufgrund der von politischen Romantikerin verk\u00fcndeten <a title=\"Alternativlosigkeit vor Wahlen\" href=\"https:\/\/www.freiburg-schwarzwald.de\/blog\/alternativlosigkeit-vor-wahlen\/\">Alternativlosigkeit<\/a> sofort in die rechte Ecke abgetan wird.<br \/>\n&#8222;Gerade wil noch niemand \u00fcberzeigend begr\u00fcnden konnte, warum sich Deutschland ver\u00e4ndern mu\u00df, wird dies Forderung umso lautst\u00e4rker vorgebracht&#8220;.<br \/>\nEuro, Fl\u00fcchtlinge, <a title=\"Freihandelsabkommen\" href=\"https:\/\/www.freiburg-schwarzwald.de\/blog\/global\/eu\/freihandelsabkommen\/\">TTIP<\/a>, Dieselgate, <a title=\"Christen\" href=\"https:\/\/www.freiburg-schwarzwald.de\/blog\/religion\/christen\/\">Christen<\/a>&#8211;<a title=\"Ditib\" href=\"https:\/\/www.freiburg-schwarzwald.de\/blog\/global\/tuerkei\/ditib\/\">Muslime<\/a>, Griechenland, Kriminalit\u00e4t &#8211; \u00fcber 60% der Deutschen glauben Anfang Mai 2016, von Regierung wie Medien nicht objektiv und vollumf\u00e4nglich informiert zu werden. Die ganze <a title=\"Ehrlichkeit\" href=\"https:\/\/www.freiburg-schwarzwald.de\/blog\/engagement\/zukunft\/ehrlichkeit\/\">Wahrheit<\/a> k\u00f6nnte die B\u00fcrger ja erschrecken. Sp\u00e4ter werden die Konsequenzen zur politischen Verarbeitung dieser Wahrheit dann als alternativlos verk\u00fcndet. Alternativlosigkeit widerspricht der Demokratie &#8211; leider nicht f\u00fcr die GroKo. Der Erdogan-Deal von Merkel erinnert an den Kafkas Aphorismus: Sie &#8222;l\u00e4uft den Tatsachen nach wie ein Anf\u00e4nger im Schlittschuhlaufen, der \u00fcberdies irgendwo \u00fcbt, wo es verboten ist&#8220;.<br \/>\n9.5.2016<br \/>\n.<br \/>\n<em>Klaus-R\u00fcdiger Mai: &#8222;Geh\u00f6rt <a title=\"Luther500\" href=\"https:\/\/www.freiburg-schwarzwald.de\/blog\/religion\/evangelisch\/luther500\/\">Luther<\/a> zu Deutschland?&#8220;<\/em><br \/>\n<em>Herder Verlag Freiburg 4\/2016, Seite 33<\/em><br \/>\n.<br \/>\n<strong>Zuerst Wahrheit verheimlichen, dann alternativloser Zugzwang<\/strong><br \/>\nVerschweigen, vernebeln \u2013 und blo\u00df keinem wehtun &#8230; Mehrheitsparteien in diesem Land in ein nacheilendes Legitimationsdesaster geraten. Im Feuer einer Gegen\u00f6ffentlichkeit verlieren sie die Meinungsf\u00fchrerschaft. Ob Euro-Schuldenkrise, Fl\u00fcchtlingskrise, TTIP oder Dieselgate: Unter dem Strich bleibt der Eindruck, dass weder die regierungstragenden Parteien noch wesentliche Teile der ernst zu nehmenden Opposition dem Wahlvolk von vornherein jene Wahrheiten zumuten, von denen es danach alternativlos unter Zugzwang gesetzt wird.<br \/>\nAlles von Ulrich Clau\u00df vom 8.5.2016 bitte lesen auf<br \/>\n<a href=\"https:\/\/www.welt.de\/debatte\/kommentare\/article155012367\/Verschweigen-vernebeln-und-bloss-keinem-wehtun.html\">https:\/\/www.welt.de\/debatte\/kommentare\/article155012367\/Verschweigen-vernebeln-und-bloss-keinem-wehtun.html<br \/>\n<\/a>\u00a0 \u00a0.<\/p>\n<p><strong>Politische Romantik &#8211; Romantische Politik<\/strong><br \/>\nUnser Problem ist eine abgrundtiefe Liebe zu Romantik und Idealismus, die wir nicht als philosophische Schw\u00e4rmerei begreifen, sondern als Auftrag zur Verbesserung der Welt. Deshalb sind wir immer besonders gef\u00e4hrdet, die Realit\u00e4ten v\u00f6llig auszublenden und Projekte gegen jede Vernunft in die Tat umzusetzen. Derzeit leiden wir an Europa-, Fl\u00fcchtlings-, TTIP- und erneuerbare Energien-Schw\u00e4rmerei &#8211; nat\u00fcrlich blind vor Liebe.<br \/>\n8.4.2016, R.Brombach<br \/>\n.<br \/>\n<strong>Manipulation der B\u00fcrger: Fr\u00fcher durch die Religion, heute die Medien<\/strong><br \/>\nMan vergisst immer wieder, dass Kommunikation seit es Radio, Fernsehen, Film und Internet gibt, immer mehr gesteuert, verfeinert, manipuliert und vor allem wissenschaftlich fundiert massenpsychologisch f\u00fcr gewisse Ziele angewendet wird. Was fr\u00fcher durch Religion gesteuert wurde, ist nun durch moderne Kommunikation m\u00f6glich. Und eben weil man es zu perfekt zu machen versucht, geht es immer wieder schief. Denn auch Schafe sehen irgendwann den Wolf, der sich in Schafspelz geh\u00fcllt hat. &#8222;Man will ja die Bev\u00f6lkerung nicht verwirren&#8220;. Kurzfristig geht es gut, langfristig entsteht massiver Schaden, der sich in sinkendem Vertrauen und Vertrauensverlust \u00e4u\u00dfert. Nicht umsonst rauschen SPD und CDU runter.<br \/>\n8.5.2016, Jan Schmidt<br \/>\n.<br \/>\n<strong>Merkels Versagen ist episch<\/strong><\/p>\n<p>Das Erleben einer verdichteten Zeiterfahrung, seit Merkel sich entschied, ihr pers\u00f6nliches Fortkommen offen \u00fcber die Interessen Deutschlands und Europas zu stellen, sollte dem Geschichtsbewussten zu denken geben. Was sie damit dem Land und seinen B\u00fcrgern tats\u00e4chlich antut, ist monstr\u00f6s. Egal wie verheerend die Auswirkungen dieses Handelns klar zu erkennen sind, die Ulrich Clau\u00df andeutet, es ist ihr einfach egal. Es geht ihr um sich, sonst niemand.<br \/>\nDie intellektuellen Zumutungen, die ihre verst\u00f6renden Verlautbarungen kennzeichnen, werden dereinst Fassungslosigkeit ausl\u00f6sen. Man wird sich fragen, wie es m\u00f6glich war, dieser Person nicht in den Arm gefallen zu sein. Das Versagen ist episch.<br \/>\nMir will einfach nicht in den Kopf gehen, wie die Aufgabe nationaler Souver\u00e4nit\u00e4t und Beschr\u00e4nkung nationaler Interessen nationalen Interessen dienen soll.<br \/>\nK.Rusch<\/p>\n<p><strong>Die AfD als Indikator des Staatsversagens<\/strong><br \/>\nWo w\u00e4ren wir ohne AfD? Noch immer w\u00fcrden Politiker in vorauseilendem Gehorsam Statistiken verschwinden lassen. Noch immer w\u00e4ren unsere Grenzen offen (hier verweise ich auf die FP\u00d6 in \u00d6sterreich) ohne Kontrollen und Konzepte. Noch immer w\u00fcrden Kritiker mit der Nazikeule in die rechte Ecke gedr\u00e4ngt. Nein, die AfD ist wichtig. Vielleicht liegt sie in einigen Punkten daneben. Aber im Gro\u00dfen und Ganzen begrenzt sie den Schaden gewaltig, den die Etablierten angerichtet haben. Danke daf\u00fcr!<br \/>\nDie AfD ist nur das Messger\u00e4t f\u00fcr das beschriebene Versagen, nicht mehr, nicht weniger.<br \/>\n.<br \/>\n<strong>Presse in 2016: Nur die AfD ist populistisch<br \/>\n<\/strong>Und merkw\u00fcrdig dass die AfD auf Stimmenfang geht. Bei anderen Parteien hei\u00dft es immer, sie werben um die W\u00e4hler. Nur die AfD muss Stimmen fangen.<br \/>\nDas ist das Gleiche wie mit dem Begriff des &#8222;Populismus&#8220;. Wenn es um die AfD geht, sind ihre Parolen &#8222;populistisch&#8220;. Diejenigen anderer Parteien sind es zwar nicht weniger, aber man kommuniziert es nicht. Presse im Jahr 2016 halt.<br \/>\nSalia Henryk<br \/>\n.<br \/>\n<strong>Angela Merkel ist der Krise nicht mehr gewachsen<\/strong><br \/>\nEs bedurfte nur der K\u00e4lte einer Silvesternacht, um den Schleier von Merkels Politiksimulation zu zerrei\u00dfen. H\u00e4ssliche Details sind sichtbar: Chaos und Staatsversagen. Die Kanzlerin hat fertig&#8230;&#8230;<br \/>\nHat man die Globalisierung bislang als Vergr\u00f6\u00dferung der eigenen Marktchancen aufgefasst, begegnet man nun \u2013 im Fl\u00fcchtling mit Smartphone \u2013 einer Gestalt, die keineswegs auf der H\u00f6he dieser Ratio denkt, sondern vielmehr die Problematik der R\u00fcckst\u00e4ndigkeit verk\u00f6rpert &#8230;.<br \/>\nDie Welt, mit der uns der Fl\u00fcchtling mit Smartphone konfrontiert, ist komplizierter und vielschichtiger als die Scheinproduktion der EZB. Denn w\u00e4hrend uns die G\u00fcter des Weltmarktes nur als stumme Objekte gegen\u00fcbertreten, treten uns hier Menschen gegen\u00fcber, die ihre (zerfallende) Kultur, ihre Religion (Islam) und ihre Probleme (Sozialisation in Diktatur) mitbringen. &#8230;<br \/>\nWenn die (von Merkel verordnete) eigene Toleranz die konkrete Fremdheit des anderen nicht \u00fcberlebt, so sagt man sich, umso schlimmer f\u00fcr ihn \u2013 und kneift die Augen nur umso fester zusammen. &#8230;.<br \/>\nAlles von Martin Burckhart vom 11.5.2016 bitte lesen auf<br \/>\n<a href=\"https:\/\/www.welt.de\/debatte\/kommentare\/article155231636\/Angela-Merkel-ist-der-Krise-nicht-mehr-gewachsen.html\">https:\/\/www.welt.de\/debatte\/kommentare\/article155231636\/Angela-Merkel-ist-der-Krise-nicht-mehr-gewachsen.html<br \/>\n<\/a>\u00a0 \u00a0.<br \/>\n<strong>Merkel hat \u00fcberhaupt keinen Plan<\/strong><br \/>\nFr\u00fcher gelang es Merkel perfekt die Abwesenheit von Politik als Politik zu verkaufen und dadurch die Republik zu entpolitisieren \u2013 jetzt funktioniert diese Masche nicht mehr. Deutschland ist quasi \u00fcber Nacht hoch politisiert. Der B\u00fcrger w\u00fcrde gerne einmal h\u00f6ren, wie Deutschland 2020 aussehen soll oder 2025 oder 2030.Was ist das Ziel, was ist der Plan?<br \/>\nUnter Merkel ist die CDU zu einer Linkspartei mutiert, die den Herausforderungen einer Regierung nicht mehr gewachsen ist.<br \/>\n11.5.2016, B.Brech<br \/>\n.<br \/>\n<strong>Unser Staat \u00f6ffnet sich kaputt<\/strong><br \/>\n60% der Leute die hier \u00fcber die offenen Grenzen kommen, haben keinen Ausweis dabei. Trotzdem werden sie vollversorgt und k\u00f6nnen sogar f\u00fcr immer bleiben. Das widerspricht so ziemlich allen Gesetzen (und auch der normalen Logik). Der Staat ist durchgedreht. So gehts nicht weiter.<br \/>\nP. Hansen<\/p>\n","protected":false},"excerpt":{"rendered":"<p>&#8222;Wie viel Hohn und Mitleid w\u00fcrde ein Franzose (Francois Hollande) oder ein Engl\u00e4nder (David Cameron) ernten, der seinen verdutzten Landsleuten mitteilte, dass es an der Zeit sei, dass sich Frankreich oder England \u00e4nderte und ein neues Frankreich oder England erstrebenswert &hellip; <a href=\"https:\/\/www.freiburg-schwarzwald.de\/blog\/das-neue-deutschland-merkel\/\">Weiterlesen <span class=\"meta-nav\">&rarr;<\/span><\/a><\/p>\n","protected":false},"author":2,"featured_media":0,"comment_status":"open","ping_status":"closed","sticky":false,"template":"","format":"standard","meta":{"footnotes":""},"categories":[195,80,172],"tags":[281,421,622,525],"class_list":["post-60683","post","type-post","status-publish","format-standard","hentry","category-eu","category-medien","category-zukunft","tag-burgerinitiativen","tag-islam","tag-migration","tag-politik"],"_links":{"self":[{"href":"https:\/\/www.freiburg-schwarzwald.de\/blog\/wp-json\/wp\/v2\/posts\/60683","targetHints":{"allow":["GET"]}}],"collection":[{"href":"https:\/\/www.freiburg-schwarzwald.de\/blog\/wp-json\/wp\/v2\/posts"}],"about":[{"href":"https:\/\/www.freiburg-schwarzwald.de\/blog\/wp-json\/wp\/v2\/types\/post"}],"author":[{"embeddable":true,"href":"https:\/\/www.freiburg-schwarzwald.de\/blog\/wp-json\/wp\/v2\/users\/2"}],"replies":[{"embeddable":true,"href":"https:\/\/www.freiburg-schwarzwald.de\/blog\/wp-json\/wp\/v2\/comments?post=60683"}],"version-history":[{"count":0,"href":"https:\/\/www.freiburg-schwarzwald.de\/blog\/wp-json\/wp\/v2\/posts\/60683\/revisions"}],"wp:attachment":[{"href":"https:\/\/www.freiburg-schwarzwald.de\/blog\/wp-json\/wp\/v2\/media?parent=60683"}],"wp:term":[{"taxonomy":"category","embeddable":true,"href":"https:\/\/www.freiburg-schwarzwald.de\/blog\/wp-json\/wp\/v2\/categories?post=60683"},{"taxonomy":"post_tag","embeddable":true,"href":"https:\/\/www.freiburg-schwarzwald.de\/blog\/wp-json\/wp\/v2\/tags?post=60683"}],"curies":[{"name":"wp","href":"https:\/\/api.w.org\/{rel}","templated":true}]}}