{"id":60664,"date":"2016-04-28T10:28:51","date_gmt":"2016-04-28T08:28:51","guid":{"rendered":"https:\/\/www.freiburg-schwarzwald.de\/blog\/?p=60664"},"modified":"2016-05-01T10:37:13","modified_gmt":"2016-05-01T08:37:13","slug":"tafeln-erwarten-neuen-ansturm","status":"publish","type":"post","link":"https:\/\/www.freiburg-schwarzwald.de\/blog\/tafeln-erwarten-neuen-ansturm\/","title":{"rendered":"Tafeln erwarten neuen Ansturm"},"content":{"rendered":"<p>Die <a title=\"Migration-Zahlen\" href=\"https:\/\/www.freiburg-schwarzwald.de\/blog\/global\/migration\/migration-zahlen\/\">Migration<\/a> verst\u00e4rkt 2016 den <a title=\"Sozialstaat\" href=\"https:\/\/www.freiburg-schwarzwald.de\/blog\/selbsthilfe\/soziales\/sozialstaat\/\">Ansturm<\/a> auf die <a title=\"Tafel\" href=\"https:\/\/www.freiburg-schwarzwald.de\/blog\/business\/handel\/tafel\/\">Tafeln<\/a> weiter. Drei Meinungen hierzu: 1) <a title=\"Armutszuwanderung\" href=\"https:\/\/www.freiburg-schwarzwald.de\/blog\/global\/integration\/armutszuwanderung\/\">Verteilungskampf<\/a> an den Kassen auch der Freiburger Tafel. 2) Armut in Deutschland (Arbeits-, Obdachlosigkeit, niedrige <a title=\"Hartz\" href=\"https:\/\/www.freiburg-schwarzwald.de\/blog\/selbsthilfe\/soziales\/arbeit\/hartz\/\">Hartz IV-S\u00e4tze<\/a>) und Fl\u00fcchtlinge haben nichts miteinander zu tun. 3) Die Massenmigration sch\u00e4rft die Sinne zur <a title=\"Armut\" href=\"https:\/\/www.freiburg-schwarzwald.de\/blog\/selbsthilfe\/soziales\/armut\/\">Armut<\/a> in der <a title=\"Reichtum\" href=\"https:\/\/www.freiburg-schwarzwald.de\/blog\/selbsthilfe\/soziales\/reichtum\/\">Gesellschaft<\/a>. 1.5 Mio Fl\u00fcchtlinge seit <a title=\"Budapest-Dublin2015\" href=\"https:\/\/www.freiburg-schwarzwald.de\/blog\/global\/eu\/budapest-dublin2015\/\">Budapest 9\/2015<\/a>. F\u00fcr 2016 werden weitere 800000 Migranten erwartet. <!--more-->Da vornehmlich aus bildungsfernen Schichten und laut Ministerin Nahles nur zu 10% arbeitsf\u00e4hig, dr\u00e4ngen diese in den bereits \u00fcber vollen <a title=\"Job\" href=\"https:\/\/www.freiburg-schwarzwald.de\/blog\/selbsthilfe\/soziales\/arbeit\/job\/\">Niedriglohnsektor<\/a>.<br \/>\n28.4.2016<br \/>\n.<br \/>\n<strong>Tafeln sind nicht f\u00fcr Fl\u00fcchtlinge da<br \/>\n<\/strong>Dass jetzt in die Tafeln viele Fl\u00fcchtlinge gehen, ist ziemlich ungerecht. Unsere Politiker empfangen die Menschen mit offenen Armen ohne Kontrollen, wer eigentlich alles kommt. Man berechtigt sie, in den Tafeln einzukaufen, was so nicht vorgesehen war. Das ist Sache der L\u00e4nder beziehungsweise des Bundes. Es kann nicht sein, dass die \u00c4rmsten jetzt auch noch teilen m\u00fcssen. Auch wenn die Zust\u00e4nde in den Heimen alles andere als ideal sind \u2013 die Menschen werden dort mit Essen, Kleidung und warmer Unterkunft versorgt, das haben hier l\u00e4ngst nicht alle. Die Tafeln sind in einer bl\u00f6den Situation. Sie sind eigentlich f\u00fcr die \u00c4rmsten hier da, die Fl\u00fcchtlinge darf man nicht abweisen, dann w\u00e4re man ja &#8222;Rechts&#8220;. Aber den Ansturm werden die Tafeln auf Dauer nicht stemmen k\u00f6nnen.<\/p>\n<p>Man hat immer noch nicht kapiert, dass die gro\u00dfe Wut vieler Leute nicht mal was mit den Fl\u00fcchtlingen zu tun hat, sondern mit den ganzen Zust\u00e4nden in diesem Land. Viele sind in Billigstjobs und schuften daf\u00fcr rund um die Uhr, es gibt keine bezahlbaren Wohnungen, arme Kinder sind von Kultur und guter Bildung ausgeschlossen. Man macht nichts, um Menschen aus dem Arbeitslosen-Dahinsiechen herauszuholen. F\u00fcr viele wichtige Dinge hier wird kein Geld lockergemacht, da muss man die Schwarze Null halten. Und zu dem ganzen Elend kommen noch Massen an Fl\u00fcchtlingen. F\u00fcr die und vor allem f\u00fcr die Bankenrettungen spielen Milliarden keine Rolle. Da durch diese ganze uns\u00e4glich d\u00e4mliche Politik Deutschlands und der EU-Oberen auf allen Ebenen die Armut und der Frust der Leute weiter wachsen wird, darf man schon jetzt gespannt sein auf die n\u00e4chste Bundestagswahl.<br \/>\n29.3.2016, Ulrike Bause, Freiburg<br \/>\n.<br \/>\n<strong>Die Freiburger Tafel braucht Platz<\/strong><br \/>\nVergangenes Jahr, erz\u00e4hlt Theobald, kamen knapp 800 Neukunden dazu, fast die H\u00e4lfte waren Fl\u00fcchtlinge. Mit Menschen aus mehr als 50 Nationen haben es die Ladenmitarbeiter zu tun, dass die T\u00fctensuppe 25 Cent kostet und der Energy-Drink 40 Cent, wird manchmal mit H\u00e4nden und F\u00fc\u00dfen \u00fcbersetzt. &#8230;. Alles vom 10.3.2016 bitte lesen auf<br \/>\n<a href=\"https:\/\/www.badische-zeitung.de\/freiburg\/die-freiburger-tafel-braucht-mehr-platz--119401140.html\">https:\/\/www.badische-zeitung.de\/freiburg\/die-freiburger-tafel-braucht-mehr-platz&#8211;119401140.html<\/a><br \/>\n<a href=\"https:\/\/www.freiburger-tafel.de\">www.freiburger-tafel.de<\/a><br \/>\n.<br \/>\n<strong>Tafel &#8211; Mitleidsbranche, Helferindustrie?<\/strong><br \/>\nWenn der Platz knapp wird, k\u00f6nnte es nat\u00fcrlich auch daran liegen, da\u00df man meint, das \u00fcberaus lebenswichtige, klebrige Zeugs mit Gummib\u00e4rlegeschmack, genannt Energy-Drink, f\u00fcr 40 Cent verkaufen zu m\u00fcssen. Ein Lebensmittel ist das jedenfalls nicht, allein und recht leicht erkennbar am regul\u00e4ren USt.-Satz (auch dann, wenn man&#8217;s &#8218;To go&#8216; kauft). In diesem Fall ist die Tafel eine feine Methode f\u00fcr den Handel, urspr\u00fcnglich mit hohen Margenerwartungen, aber tats\u00e4chlich z\u00e4h verk\u00e4ufliche &#8218;Trendgetr\u00e4nke&#8216; \u00fcberaus steuermindernd (mittels Spendenbescheinigung, siehe https:\/\/freiburger-tafel.de\/waren-spenden\/), stark risikogemindert, wieder loszuwerden. Wenn man sowas liest, k\u00f6nnte man meinen, die Tafel ist ein Ramschladen oder ne&#8216; Resterampe. F\u00fcr dieses Sortiment war m.E. die urspr\u00fcngliche Tafelladen-Idee dieses &#8222;richtig mittelst\u00e4ndischen Unternehmens&#8220; aber nie gedacht. Nun, auch die &#8218;Mitleidsbranche&#8216; ist ja mittlerweile eine nicht unbeachtliche Wirtschaftsgr\u00f6\u00dfe mit Ihren vielen &#8218;Ehrenamtlichen mit Aufwandsentsch\u00e4digung&#8216;<br \/>\n29.3.2016, H.D.Kratzer<\/p>\n<p><strong>Den Tafeln gehts gut &#8211; auch mit Fl\u00fcchtlingen<\/strong><br \/>\nAls langj\u00e4hrige, ehrenamtliche Mitarbeiter der Freiburger Tafel m\u00fcssen wir der Meinung von Frau Ulrike Bause widersprechen und ihre Behauptungen korrigieren:<br \/>\n1. Die Freiburger Tafel befindet sich absolut nicht in einer &#8222;bl\u00f6den Situation&#8220;.<br \/>\n2. Die Versorgung aller Kunden ist unver\u00e4ndert gew\u00e4hrleistet. Wir haben die \u00d6ffnungszeiten verl\u00e4ngert. Es gibt keine Einschr\u00e4nkungen im Zusammenhang mit der aktuellen Fl\u00fcchtlingssituation.<br \/>\n3. Die Zufluchtsuchenden sind erst dann zum Einkauf berechtigt, wenn sie nicht mehr &#8222;vollversorgt&#8220; sind.<br \/>\n4. Dank der gro\u00dfartigen Unterst\u00fctzung vieler Unternehmen k\u00f6nnen wir jeden Monat \u00fcber 30 Tonnen Lebensmittel verarbeiten (in Normkisten gestapelt zehn mal so hoch wie der M\u00fcnsterturm).<br \/>\n5. Die Freiburger Tafel wird auch auf Dauer \u2013 bestens organisiert und unterst\u00fctzt von vielen helfenden H\u00e4nden \u2013 &#8222;den Ansturm stemmen&#8220;.<br \/>\n30.4.2016, Anne und Heiner Frank, Freiburg<\/p>\n","protected":false},"excerpt":{"rendered":"<p>Die Migration verst\u00e4rkt 2016 den Ansturm auf die Tafeln weiter. Drei Meinungen hierzu: 1) Verteilungskampf an den Kassen auch der Freiburger Tafel. 2) Armut in Deutschland (Arbeits-, Obdachlosigkeit, niedrige Hartz IV-S\u00e4tze) und Fl\u00fcchtlinge haben nichts miteinander zu tun. 3) Die &hellip; <a href=\"https:\/\/www.freiburg-schwarzwald.de\/blog\/tafeln-erwarten-neuen-ansturm\/\">Weiterlesen <span class=\"meta-nav\">&rarr;<\/span><\/a><\/p>\n","protected":false},"author":2,"featured_media":0,"comment_status":"open","ping_status":"closed","sticky":false,"template":"","format":"standard","meta":{"footnotes":""},"categories":[79,197,54,104],"tags":[382,409,415,485,426,423,87],"class_list":["post-60664","post","type-post","status-publish","format-standard","hentry","category-arbeit","category-caritas","category-ehrenamt","category-hilfe","tag-arbeit-working","tag-armut","tag-ernte","tag-refugee","tag-job","tag-lebensmittel","tag-lokal-handeln"],"_links":{"self":[{"href":"https:\/\/www.freiburg-schwarzwald.de\/blog\/wp-json\/wp\/v2\/posts\/60664","targetHints":{"allow":["GET"]}}],"collection":[{"href":"https:\/\/www.freiburg-schwarzwald.de\/blog\/wp-json\/wp\/v2\/posts"}],"about":[{"href":"https:\/\/www.freiburg-schwarzwald.de\/blog\/wp-json\/wp\/v2\/types\/post"}],"author":[{"embeddable":true,"href":"https:\/\/www.freiburg-schwarzwald.de\/blog\/wp-json\/wp\/v2\/users\/2"}],"replies":[{"embeddable":true,"href":"https:\/\/www.freiburg-schwarzwald.de\/blog\/wp-json\/wp\/v2\/comments?post=60664"}],"version-history":[{"count":0,"href":"https:\/\/www.freiburg-schwarzwald.de\/blog\/wp-json\/wp\/v2\/posts\/60664\/revisions"}],"wp:attachment":[{"href":"https:\/\/www.freiburg-schwarzwald.de\/blog\/wp-json\/wp\/v2\/media?parent=60664"}],"wp:term":[{"taxonomy":"category","embeddable":true,"href":"https:\/\/www.freiburg-schwarzwald.de\/blog\/wp-json\/wp\/v2\/categories?post=60664"},{"taxonomy":"post_tag","embeddable":true,"href":"https:\/\/www.freiburg-schwarzwald.de\/blog\/wp-json\/wp\/v2\/tags?post=60664"}],"curies":[{"name":"wp","href":"https:\/\/api.w.org\/{rel}","templated":true}]}}