{"id":60648,"date":"2016-04-30T18:25:07","date_gmt":"2016-04-30T16:25:07","guid":{"rendered":"https:\/\/www.freiburg-schwarzwald.de\/blog\/?p=60648"},"modified":"2016-05-01T10:07:19","modified_gmt":"2016-05-01T08:07:19","slug":"afd-bundesparteitag-stuttgart","status":"publish","type":"post","link":"https:\/\/www.freiburg-schwarzwald.de\/blog\/afd-bundesparteitag-stuttgart\/","title":{"rendered":"AfD-Bundesparteitag Stuttgart"},"content":{"rendered":"<p>In der Stuttgarter Messehalle diskutierten 2400 <a title=\"AfD\" href=\"https:\/\/www.freiburg-schwarzwald.de\/blog\/vereine\/partei\/afd\/\">AfD-Mitglieder<\/a> auf ihrem Parteitag, w\u00e4hrend davor viele\u00a0<a title=\"Links\" href=\"https:\/\/www.freiburg-schwarzwald.de\/blog\/engagement\/zukunft\/demokratie\/links\/\">Antifa-Leute<\/a> leider \u00a0randalierten. Dazwischen die\u00a0<a title=\"Polizei\" href=\"https:\/\/www.freiburg-schwarzwald.de\/blog\/selbsthilfe\/soziales\/justiz\/polizei\/\">Polizei<\/a>, die ca 600 <a title=\"Gewalt\" href=\"https:\/\/www.freiburg-schwarzwald.de\/blog\/selbsthilfe\/krise\/gewalt\/\">Gewaltt\u00e4ter<\/a> festnehmen muss. Drinnen <a title=\"Direkte-Demokratie\" href=\"https:\/\/www.freiburg-schwarzwald.de\/blog\/engagement\/zukunft\/demokratie\/direkte-demokratie\/\">Basisdemokratie<\/a>\u00a0(die umst\u00e4ndlich sein mu\u00df) von rechts und drau\u00dfen Gewalt (die brutal war) von links. Dar\u00fcber die <a title=\"Pressekodex\" href=\"https:\/\/www.freiburg-schwarzwald.de\/blog\/kultur\/medien\/pressekodex\/\">Presse<\/a> als 4.Gewalt, die das <a title=\"Political-Correctness\" href=\"https:\/\/www.freiburg-schwarzwald.de\/blog\/kultur\/medien\/political-correctness\/\">political correct<\/a> und tendenzi\u00f6s anders sah (lesen Sie dazu unten Faz und Welt).<!--more--><\/p>\n<p>.<br \/>\nMachen Sie sich bitte selbst ein Bild unserer kl\u00e4glichen Medien-Berichterstattung vom AfD-Parteitag:<br \/>\n1) Live-Bericht mit zwischengeschalteten Interviews\u00a0im Fernsehen auf Ph\u00f6nix. Objektiv &#8211; hier kann man sich seine eigene Meinung selbst bilden:<br \/>\n<a href=\"https:\/\/www.phoenix.de\/content\/\/1100390\">https:\/\/www.phoenix.de\/content\/\/1100390<\/a><br \/>\n2) Berichte in der Faz und \u00a0der Welt, beides also Qualit\u00e4tsmedien (siehe unten): Hier wird\u00a0dem B\u00fcrger in ach so gutmenschlicher F\u00fcrsorge die eigene Meinungsbildung derart vehement abgenommen, dass sich sogar die\u00a0Kommentatoren in den eigenen Online-Foren beklagen.<br \/>\nGibt es in unserem <a title=\"Demokratie\" href=\"https:\/\/www.freiburg-schwarzwald.de\/blog\/engagement\/zukunft\/demokratie\/\">demokratischen<\/a> <a title=\"Rechtsstaat\" href=\"https:\/\/www.freiburg-schwarzwald.de\/blog\/selbsthilfe\/soziales\/justiz\/rechtsstaat\/\">Rechtsstaat<\/a> also doch eine Art von <a title=\"Luegenpresse\" href=\"https:\/\/www.freiburg-schwarzwald.de\/blog\/kultur\/medien\/luegenpresse\/\">L\u00fcgenpresse<\/a>?<\/p>\n<p>&nbsp;<\/p>\n<p><strong>Phoenix berichtet live und objektiv &#8211; Printmedien verzerren AfD-Parteitag<\/strong><br \/>\nIch habe mir den Livestream angetan und stelle fest, da\u00df Phoenix seiner Aufgabe gerecht wurde. Erstmalig im Deutschen Fernsehen war ein Sender in der Lage, neutral und umfangreich von einem AfD-Parteitag zu berichten &#8211; ohne Untert\u00f6ne, ohne Verleumdungen. Wie gegens\u00e4tzlich erscheint doch das hier in der FAZ Geschriebene&#8230;.<br \/>\n30.4.2016, Hans-J\u00fcrgen Bletz, FO<br \/>\n<a href=\"https:\/\/www.phoenix.de\">www.phoenix.de<\/a><\/p>\n<p><strong>Tendenzi\u00f6ser Parteitagsbericht in der FAZ<\/strong><br \/>\nDie Anspielung auf Himmler im FAZ-Bericht ist nicht Ausdruck eines seri\u00f6sen Journalismus. Dagegen macht es der FAZ offenbar keine Sorge, dass Hunderte Linksradikale andere Menschen mit brutaler Gewalt an der Aus\u00fcbung Elemente demokratischer Rechte hindern wollen.<br \/>\n30.4. Carlos Anton, FO<br \/>\n<a href=\"https:\/\/www.faz.net\/aktuell\/politik\/inland\/afd-parteitag-ringt-um-die-zukunft-der-partei-14208755.html\">https:\/\/www.faz.net\/aktuell\/politik\/inland\/afd-parteitag-ringt-um-die-zukunft-der-partei-14208755.html<br \/>\n<\/a>\u00a0 .<br \/>\n<strong>Laut FAZ \u00a0sind AfD-Organisatoren die Verursacher des Chaos, nicht aber linke Gewaltt\u00e4ter<\/strong><br \/>\nLaut FAZ wurde das Chaos (also die h\u00f6chste Form der Unordnung) bei der Messehalle in Stuttgart nicht durch linke Antifa verursacht, sondern durch die AfD-Saalordner, die Schwierigkeiten bei der Einla\u00dfkontrolle hatten, wodurch sich lange Warteschlangen bildeten. Sieht so deutscher Qualit\u00e4tsjournalismus aus? Zum laut FAZ gar nicht existierenden wirklichen Chaos in Stuttgart am 30.4.2016:<br \/>\nLinke steckten Autoreifen in Brand und z\u00fcndeten Feuerwerksk\u00f6rper, warfen Flaschen und Steine gegen Polizisten. Bei der Demo durch die Innenstadt wurden gef\u00fcllte Kotbeutel (Menschen-, keine Hundeschei\u00dfe) gegen Polizisten geworfen &#8211; nat\u00fcrlich gewaltfrei, aber erniedrigend. Die vielen Bilder mit <strong>Polizeibeamten mit &#8222;Schei\u00dfe im Gesicht&#8220;<\/strong> sind Ausdruck daf\u00fcr, wie das Gewaltmonopol unserer Gesellschaft und damit der Rechtsstaat ablehnt wird. Laut Bundesvorsitzendem J\u00f6rg Meuthen wurden die Namen und Adressen der Parteitagsteilnehmer von Linksradikalen gehackt und ver\u00f6ffentlicht. Es gebe deshalb gro\u00dfe Unruhe. Die AfD will Strafanzeige stellen.<br \/>\n30.4.2016<\/p>\n<p>AfD wird bundesweit wieder drittst\u00e4rkste Partei. In der Woche ihres Bundesparteitags in Stuttgart schiebt sich die AfD erneut an den Gr\u00fcnen vorbei und wird mit 13 Prozent drittst\u00e4rkste Partei..<\/p>\n<p><strong>Vaclav Klaus als Gastredner<\/strong><br \/>\nBegeistert wurden die Versammelten dann durch den fr\u00fcheren tschechischen Pr\u00e4sidenten Vaclav Klaus. Der, schon lang ein gro\u00dfer AfD-Fan, erntete Begeisterungsst\u00fcrme, als er die Versammelten aufrief, sich den &#8222;vernichtenden Angriffen auf unsere Traditionen, Br\u00e4uche, Sitten und Werte&#8220; zu widersetzen. Die AfD m\u00fcsse &#8222;kompromisslos und unnachgiebig&#8220; bleiben. Da brach Jubel los. &#8230;. Alles vom 30.4.2016 bitte lesen auf<br \/>\n<a href=\"https:\/\/www.welt.de\/politik\/deutschland\/article154903317\/Die-AfD-schielt-jetzt-auch-auf-eine-Regierungsverantwortung.html\">https:\/\/www.welt.de\/politik\/deutschland\/article154903317\/Die-AfD-schielt-jetzt-auch-auf-eine-Regierungsverantwortung.html<br \/>\n<\/a>\u00a0\u00a0 .<\/p>\n<p><strong>Es gab zwei Veranstaltungen:\u00a0Die eine wahr\u00a0(TV, Realit\u00e4t) und die andere gefiltert (Print, Scheinwelt)<\/strong><br \/>\nIch hab die gesamte \u00dcbertragung verfolgt. Der Autor dieses Artikels in der Welt berichtet anscheinend von einer anderen Veranstaltung. Vielleicht hatte er den Artikel im wesentlichen auch schon vor der Veranstaltung verfa\u00dft, um sich dann in Ruhe dem Buffet im Foyer widmen zu k\u00f6nnen. Anders sind die Diskrepanzen zur Realit\u00e4t doch aum erkl\u00e4rbar.<br \/>\nJe nach politischer Einstellung h\u00f6rt, sieht oder versteht man etwas anderes. Zwar sollten Journalisten objektiv sein, doch gerade jenen links der Mitte f\u00e4llt so etwas schwer.<br \/>\n30.4.2015, T.Trutt, WO<\/p>\n<p><strong>Ein basis-demokratisch interessanter Parteitag<\/strong><br \/>\nIch habe auch den Parteitag live verfolgt &#8211; (DAS muss eine solche Sendung erstmal schaffen!) sehr interessant, informativ, erschien mir ausgewogen und demokratisch. Das bei einem wahrhaft straffen Arbeitspensum. Die Altparteien haben nun ein echtes Problem. Am besten war ein Interview mit Hr. Meuten &#8211; trotz deutlicher Vorurteile des Reporters &#8211; klar ruhig und auf den Punkt! Respekt &#8211; ich musste an unsere Kanzlerin denken in dieser Situation &#8211; da w\u00e4ren wieder nur Blasen gekommen! &#8211; lange nicht so gut von einem deutschen Politiker erlebt. Ein ganz klare demokratische, konservative Alternative f\u00fcr Deutschland. Ich werde diese Partei genau weiter verfolgen und versuchen zu unterst\u00fctzen. Wenn die meines Erachtens zwingend notwendigen Ver\u00e4nderungen in und f\u00fcr Deutschlands Zukunft angegangen werden sollen &#8211; dann nur ! durch diese AfD-Partei. Ich bin \u00fcbrigens Arzt (45 Jahre) Vater von 2 Kindern und habe mich bisher nur marginal politisch engagiert.<br \/>\n30.4.2015, L. Leser<\/p>\n<p><strong>Direkte erg\u00e4nzt die repr\u00e4sentative Demokratie<\/strong><br \/>\nWie sagte Elmar Brok von der CDU bei Maischberger? Er wolle sich seine parlamentarische Demokratie (die ihn auf den gut dotierten Posten in Br\u00fcssel gehievt hat) nicht durch Volksabstimmungen (also die von der AfD geforderte direkte Demokratie) kaputt machen lassen.<br \/>\n30.4.2016, Hikari<\/p>\n<p><strong>Islam als Glaube ja &#8211; Islam als politisches Scharia-System nein<\/strong><br \/>\nEndlich mal eine Partei, die sich traut, Ross und Reiter zu nennen, und der unertr\u00e4glichen Augenwischerei in unserer Gesellschaft bis hinein in h\u00f6chste kirchliche Kreise eine Absage erteilt. Ich finde den Kommentar mit dem Titel &#8222;Spiel mit der Angst&#8220; unertr\u00e4glich unsachlich. Die Vertreter der AfD unterscheiden klar zwischen dem Islam als religi\u00f6s-politisches System und dem respektvollen Umgang mit den Menschen dieser Glaubens\u00fcberzeugung. Nirgendwo wird behauptet, dass die Muslime als Menschen nicht nach Deutschland geh\u00f6ren. Der Versuch, die Vertreter der AfD in Bausch und Bogen als Fanatiker abzustempeln, die die Angst vor den Fremden bewusst nutzen wollen, um politisch daraus Kapital zu schlagen, ist eine polemische Unterstellung, die nichts zur Versachlichung der Diskussion beitr\u00e4gt, sondern sich selbst entlarvt als aufhetzend gegen Vertreter einer unliebsamen Meinung. Hoffentlich werden die anderen Parteien, die von der AfD aufgezwungene Debatte nicht ignorieren k\u00f6nnen. Auch sollte man sich doch mal fragen, warum die AfD inzwischen so viele W\u00e4hler der politischen Mitte an sich zieht. Kann es vielleicht sein, dass sie sich in ihren berechtigten Bedenken, was den Islam als religi\u00f6s-politisches System anbetrifft, von den gro\u00dfen Parteien nicht mehr angemessen vertreten f\u00fchlen?<br \/>\n30.4.2016, Anke und Ralf Bieberstein, Bad Krozingen<br \/>\n.<br \/>\nDie Linke kann eben keine Demokratie: Vielen Dank liebe Antifa, Gr\u00fcne und sonstige linke Gruppen. Wieder einmal beweist Ihr uns, dass Ihr nur Gewalt k\u00f6nnt und keine Demokratie. Euer Weltbild ist so einfach. Jeder, der kein Linker ist, ist ein &#8222;NAZI&#8220;. Wie erb\u00e4rmlich Eure Denke doch ist und Ihr merkt es nicht einmal. Mit solchen Demos helft Ihr nur der AfD, die jetzt wieder einmal sagen kann: &#8222;Da schaut her, wir sind friedlich, Die Chaoten sitzen vor der T\u00fcr.&#8220;<br \/>\nEs macht mich fassungslos mit welcher Respektlosigkeit die Polizei angegangen wird. Diese Links-Protestler kennen nur Randale und Terror!<br \/>\n30.4.2016, Rainer Seemann, BO<\/p>\n","protected":false},"excerpt":{"rendered":"<p>In der Stuttgarter Messehalle diskutierten 2400 AfD-Mitglieder auf ihrem Parteitag, w\u00e4hrend davor viele\u00a0Antifa-Leute leider \u00a0randalierten. Dazwischen die\u00a0Polizei, die ca 600 Gewaltt\u00e4ter festnehmen muss. Drinnen Basisdemokratie\u00a0(die umst\u00e4ndlich sein mu\u00df) von rechts und drau\u00dfen Gewalt (die brutal war) von links. Dar\u00fcber die &hellip; <a href=\"https:\/\/www.freiburg-schwarzwald.de\/blog\/afd-bundesparteitag-stuttgart\/\">Weiterlesen <span class=\"meta-nav\">&rarr;<\/span><\/a><\/p>\n","protected":false},"author":2,"featured_media":0,"comment_status":"open","ping_status":"closed","sticky":false,"template":"","format":"standard","meta":{"footnotes":""},"categories":[1],"tags":[],"class_list":["post-60648","post","type-post","status-publish","format-standard","hentry","category-allgemein"],"_links":{"self":[{"href":"https:\/\/www.freiburg-schwarzwald.de\/blog\/wp-json\/wp\/v2\/posts\/60648","targetHints":{"allow":["GET"]}}],"collection":[{"href":"https:\/\/www.freiburg-schwarzwald.de\/blog\/wp-json\/wp\/v2\/posts"}],"about":[{"href":"https:\/\/www.freiburg-schwarzwald.de\/blog\/wp-json\/wp\/v2\/types\/post"}],"author":[{"embeddable":true,"href":"https:\/\/www.freiburg-schwarzwald.de\/blog\/wp-json\/wp\/v2\/users\/2"}],"replies":[{"embeddable":true,"href":"https:\/\/www.freiburg-schwarzwald.de\/blog\/wp-json\/wp\/v2\/comments?post=60648"}],"version-history":[{"count":0,"href":"https:\/\/www.freiburg-schwarzwald.de\/blog\/wp-json\/wp\/v2\/posts\/60648\/revisions"}],"wp:attachment":[{"href":"https:\/\/www.freiburg-schwarzwald.de\/blog\/wp-json\/wp\/v2\/media?parent=60648"}],"wp:term":[{"taxonomy":"category","embeddable":true,"href":"https:\/\/www.freiburg-schwarzwald.de\/blog\/wp-json\/wp\/v2\/categories?post=60648"},{"taxonomy":"post_tag","embeddable":true,"href":"https:\/\/www.freiburg-schwarzwald.de\/blog\/wp-json\/wp\/v2\/tags?post=60648"}],"curies":[{"name":"wp","href":"https:\/\/api.w.org\/{rel}","templated":true}]}}