{"id":60580,"date":"2016-04-27T12:55:02","date_gmt":"2016-04-27T10:55:02","guid":{"rendered":"https:\/\/www.freiburg-schwarzwald.de\/blog\/?p=60580"},"modified":"2016-04-27T12:55:02","modified_gmt":"2016-04-27T10:55:02","slug":"hofsgrund-turbine-windraeder","status":"publish","type":"post","link":"https:\/\/www.freiburg-schwarzwald.de\/blog\/hofsgrund-turbine-windraeder\/","title":{"rendered":"Hofsgrund &#8211; Turbine Windraeder"},"content":{"rendered":"<p>Seit seiner Dankesrede zur Verleihung des Bundesverdienstkreuzes hat der <a title=\"Schauinsland\" href=\"https:\/\/www.freiburg-schwarzwald.de\/blog\/regio\/berge\/schauinsland\/\">Bergwerksbetreiber<\/a> Berthold <a title=\"Schauinslandturm\" href=\"https:\/\/www.freiburg-schwarzwald.de\/blog\/regio\/berge\/schauinsland\/schauinslandturm\/\">Steiber<\/a> es \u00f6ffentlich gemacht: im <a title=\"Hofsgrund\" href=\"https:\/\/www.freiburg-schwarzwald.de\/blog\/regio\/orte\/hofsgrund\/\">Hofsgrunder<\/a>\u00a0<a title=\"Bergwerk\" href=\"https:\/\/www.freiburg-schwarzwald.de\/blog\/natur\/geologie\/bergwerk\/\">Bergwerk<\/a> mit 800 Meter Fallh\u00f6he k\u00f6nnte eine <a title=\"Wasserkraft\" href=\"https:\/\/www.freiburg-schwarzwald.de\/blog\/energie\/wasserkraft\/\">Turbine<\/a> installiert werden, und somit als Gegengewicht und Ausgleich zur <a title=\"Photovoltaik\" href=\"https:\/\/www.freiburg-schwarzwald.de\/blog\/energie\/solar\/photovoltaik\/\">Solarkraft<\/a> <a title=\"Strom\" href=\"https:\/\/www.freiburg-schwarzwald.de\/blog\/energie\/strom\/\">Strom<\/a> produzieren. Die <a title=\"badenova\" href=\"https:\/\/www.freiburg-schwarzwald.de\/blog\/energie\/strom\/badenova\/\">Badenova<\/a> tut sich da schwer mit der Planung, oder will nicht. Eine weitere Alternative hat einst <a title=\"Oberried\" href=\"https:\/\/www.freiburg-schwarzwald.de\/blog\/regio\/orte\/oberried\/\">Oberrieds<\/a> Ex-Schultheiss Winterhalter favorisiert: <!--more-->viele kleine, <a title=\"Wind\" href=\"https:\/\/www.freiburg-schwarzwald.de\/blog\/energie\/wind\/\">bunte Windr\u00e4der<\/a> am Sattel von Hofsgrund. Und unter 10 Meter H\u00f6he sind die noch nicht einmal genehmigungspflichtig. W\u00e4re ein richtiger Hingucker und Touristen-Attraktion. Bleibt da noch die Beteiligung der B\u00fcrger. Irgendwie werden die 5,2 Billionen Privatverm\u00f6gen f\u00fcr die Energiewende ben\u00f6tigt, aber so weit denken K\u00e4mmerer und R\u00e4te wohl nicht.<br \/>\nDie Diskussion um die Energiewende allgemein und die Windkraft im Speziellen kommt im Dreisamtal nur schleppend voran. Zu viele Gutachten, zu wenige Projekte. Nahw\u00e4rme, LeuchtturmProjekte und Biogasanlagen sind schon ab geblockt worden, jetzt soll die Windkraft folgen.<br \/>\nIn Alternativen denken.\u00a0Als Stegener B\u00fcrger mit Blick auf den Schauinsland, aber auch als Mitarbeiter im Museums-Bergwerk Schauinsland und dem wieder von mir hergerichteten Fallerhaus an dessen Fusse bin ich teils au\u00dfen vor, teils halber Hofsgrunder. Zumindest im Sommer.<br \/>\nIch w\u00fcrde in Hofsgrund in <a title=\"Dezentralisierung\" href=\"https:\/\/www.freiburg-schwarzwald.de\/blog\/energie\/dezentralisierung\/\">Alternativen denken<\/a> und handeln: Hausd\u00e4mmung, Solard\u00e4cher, und Wasserkraft. Windkraft mit Augenmass.<br \/>\n27.4.2016, Goetz Mosig-Baumeister, Stegen, <a href=\"https:\/\/www.dreisamtaeler.de\">www.dreisamtaeler.de<\/a><\/p>\n","protected":false},"excerpt":{"rendered":"<p>Seit seiner Dankesrede zur Verleihung des Bundesverdienstkreuzes hat der Bergwerksbetreiber Berthold Steiber es \u00f6ffentlich gemacht: im Hofsgrunder\u00a0Bergwerk mit 800 Meter Fallh\u00f6he k\u00f6nnte eine Turbine installiert werden, und somit als Gegengewicht und Ausgleich zur Solarkraft Strom produzieren. Die Badenova tut sich &hellip; <a href=\"https:\/\/www.freiburg-schwarzwald.de\/blog\/hofsgrund-turbine-windraeder\/\">Weiterlesen <span class=\"meta-nav\">&rarr;<\/span><\/a><\/p>\n","protected":false},"author":2,"featured_media":0,"comment_status":"open","ping_status":"closed","sticky":false,"template":"","format":"standard","meta":{"footnotes":""},"categories":[5,180,68,395],"tags":[151,470,265,305],"class_list":["post-60580","post","type-post","status-publish","format-standard","hentry","category-energie","category-hochschwarzwald","category-umwelt","category-wind","tag-erneuerbare-energien","tag-schauinsland","tag-solar-2","tag-windkraft"],"_links":{"self":[{"href":"https:\/\/www.freiburg-schwarzwald.de\/blog\/wp-json\/wp\/v2\/posts\/60580","targetHints":{"allow":["GET"]}}],"collection":[{"href":"https:\/\/www.freiburg-schwarzwald.de\/blog\/wp-json\/wp\/v2\/posts"}],"about":[{"href":"https:\/\/www.freiburg-schwarzwald.de\/blog\/wp-json\/wp\/v2\/types\/post"}],"author":[{"embeddable":true,"href":"https:\/\/www.freiburg-schwarzwald.de\/blog\/wp-json\/wp\/v2\/users\/2"}],"replies":[{"embeddable":true,"href":"https:\/\/www.freiburg-schwarzwald.de\/blog\/wp-json\/wp\/v2\/comments?post=60580"}],"version-history":[{"count":0,"href":"https:\/\/www.freiburg-schwarzwald.de\/blog\/wp-json\/wp\/v2\/posts\/60580\/revisions"}],"wp:attachment":[{"href":"https:\/\/www.freiburg-schwarzwald.de\/blog\/wp-json\/wp\/v2\/media?parent=60580"}],"wp:term":[{"taxonomy":"category","embeddable":true,"href":"https:\/\/www.freiburg-schwarzwald.de\/blog\/wp-json\/wp\/v2\/categories?post=60580"},{"taxonomy":"post_tag","embeddable":true,"href":"https:\/\/www.freiburg-schwarzwald.de\/blog\/wp-json\/wp\/v2\/tags?post=60580"}],"curies":[{"name":"wp","href":"https:\/\/api.w.org\/{rel}","templated":true}]}}