{"id":60562,"date":"2016-04-25T12:44:41","date_gmt":"2016-04-25T10:44:41","guid":{"rendered":"https:\/\/www.freiburg-schwarzwald.de\/blog\/?p=60562"},"modified":"2016-04-29T13:27:11","modified_gmt":"2016-04-29T11:27:11","slug":"akw-demos-7-rheinbruecken","status":"publish","type":"post","link":"https:\/\/www.freiburg-schwarzwald.de\/blog\/akw-demos-7-rheinbruecken\/","title":{"rendered":"AKW-Demos 7 Rheinbruecken"},"content":{"rendered":"<p>\u00dcber 4500 Menschen kamen am 24.4.2016 auf sieben <a title=\"Fluss\" href=\"https:\/\/www.freiburg-schwarzwald.de\/blog\/regio\/fluss\/\">Rhein<\/a>-Br\u00fccken zwischen Kehl und Basel, um in friedlich-selbstbewussten Aktionen gegen die <a title=\"AKW\" href=\"https:\/\/www.freiburg-schwarzwald.de\/blog\/energie\/akw\/\">Atomkraft <\/a>zu <a title=\"Demo\" href=\"https:\/\/www.freiburg-schwarzwald.de\/blog\/engagement\/buergerinitiativen\/demo\/\">demonstrieren<\/a>. Jedes privat gebaute <a title=\"Wind\" href=\"https:\/\/www.freiburg-schwarzwald.de\/blog\/energie\/wind\/\">Windrad<\/a> kleiner Betreiber und jede private <a title=\"Photovoltaik\" href=\"https:\/\/www.freiburg-schwarzwald.de\/blog\/energie\/solar\/photovoltaik\/\">PV-Anlage<\/a> ist eine Konkurrenz zu den Atom- und Kohlekraftwerken und den Offshore Windparks der Gro\u00dfkonzerne. Das Energieerzeugungsmonopol wird von den Privaten gebrochen. <!--more-->Darum wird die <a title=\"Energiewende\" href=\"https:\/\/www.freiburg-schwarzwald.de\/blog\/energie\/energiewende\/\">Energiewende<\/a> in B\u00fcrgerhand von den Kohle- und Atomkonzernen und ihren getarnten Lobbyisten (nicht nur) in den Kommentarspalten massiv bek\u00e4mpft. Die Manipulation von Internetforen, Wikipedia &amp; Leserbriefseiten geh\u00f6rt zum Standartgesch\u00e4ft von PR-Agenturen.<\/p>\n<p><strong>Demonstranten am 24.4.2016 auf den Rheinbr\u00fccken:<\/strong><br \/>\n\u2981 Europabr\u00fccke Kehl \/ Strassburg: 300<br \/>\n\u2981 Br\u00fccke Marckolsheim \/ Sasbach: 1200<br \/>\n\u2981 Br\u00fccke Breisach \/ Neu Breisach: 1500<br \/>\n\u2981 Br\u00fccke Neuenburg \/ Chalamp\u00e9: 700<br \/>\n\u2981 Br\u00fccke Schwanau-Nonnenweier \/ Gerstheim &#8211; Erstein: 150<br \/>\n\u2981 Br\u00fccke in Basel \/ Mittlere Br\u00fccke, <a title=\"Basel\" href=\"https:\/\/www.freiburg-schwarzwald.de\/blog\/global\/schweiz\/basel\/\">Basel<\/a>: 400<br \/>\n\u2981 Br\u00fccke Kaiserstuhl (CH) \/ Hohentengen: 250<\/p>\n<p>.<\/p>\n<h4><strong>Tirade f\u00fcr eine Pr\u00e4sidentengattin und viele Radio-Aktive<\/strong><br \/>\n<strong>(Rede, Dr. Eva Stegen, EWS Sch\u00f6nau 24.4.2016)<\/strong><\/h4>\n<p><strong>Tirade pour une \u00c9pouse du Pr\u00e9sident et beaucoup des Radio-Activists<\/strong><br \/>\n<strong> (discours, Dr. Eva Stegen, <a title=\"EWS-Schoenau\" href=\"https:\/\/www.freiburg-schwarzwald.de\/blog\/energie\/strom\/ews-schoenau\/\">EWS Sch\u00f6nau<\/a> 24.4.2016)<\/strong><\/p>\n<p>Ich habe gestern schlecht geschlafen. Wegen Fessenheim.<br \/>\nJe n&#8217;ai pas bien dormi hier. \u00c0 cause de Fessenheim<\/p>\n<p>Immer wieder die Frage: soll man schon die Notfalltasche bereitstellen? \u2013 wie damals am<br \/>\nEnde der Schwangerschaft? Falls es mal ganz schnell gehen muss?<br \/>\nToujours cette question: pr\u00e9parer un sac en cas d&#8217;urgence? Comme autrefois \u00e0 la fin de la<br \/>\ngrossesse? Si le temps presse ?<\/p>\n<p>Was einpacken? Zahnb\u00fcrste, Unterw\u00e4sche \u2026 Was sagt die Notfallbrosch\u00fcre?:<br \/>\nMedikamente, Geld, pers\u00f6nliche Unterlagen, wichtige Papiere \u2013 was ist dann noch wichtig?<br \/>\nQue prendre ? Brosse \u00e0 dents, sous-v\u00eatements \u2026 Que conseille la brochure d&#8217;urgence ? Des<br \/>\nm\u00e9dicaments, de l\u2019argent, les documents personnels, les papiers importants \u2013 mais qu&#8217;est<br \/>\nce qui est important dans ce cas ?<\/p>\n<p>Kleidung f\u00fcr 2-3 Tage, \u2026 hmmm warm oder kalt? Wo w\u00fcrde ich hingehen?<br \/>\nDes v\u00eatements pour 2-3 jours &#8230; hmmm pour le chaud ou le froid? O\u00f9 vais-je aller ?<br \/>\nIch wollte mich beruhigen, habe mir immer wieder die Hollande Rede angeh\u00f6rt. Die vom 12.<br \/>\nSeptember 2012:<br \/>\nJ\u2019ai voulu me calmer et j\u2019ai \u00e9cout\u00e9 en boucle le discours de Francois Hollande, celui du 12<br \/>\nseptembre 2012.<br \/>\nLa centrale de Fessenheim,<br \/>\nqui est la plus ancienne de notre parc,<br \/>\nsera ferm\u00e9e<br \/>\n\u00e0 la fin de l&#8217;ann\u00e9e 2016<\/p>\n<p>Das hat mich beruhigt und ich bin eingeschlafen. Doch dann kam der Alptraum:<br \/>\n\u00e7a m\u2019a calm\u00e9 et je me suis endormie. Mais puis vint le cauchemar:<\/p>\n<p>Ich war pl\u00f6tzlich Mme Holland, stand mit Francois in der K\u00fcche und wir diskutierten \u00fcber<br \/>\nEnergiepolitik. Ich gifte ihn an: \u201eFrancois, Du hast es versprochen, aber Du tust nichts daf\u00fcr:<br \/>\nSieh Dir die Eure Energieproduktion an: seit Jahrzehnten d\u00fcmpeln die Erneuerbaren auf<br \/>\ndemselben Niveau rum! Du bist seit 4 Jahren Pr\u00e4sident! Und? Was hast Du auf den Weg<br \/>\ngebracht?\u201c<br \/>\nSoudain j&#8217;\u00e9tais Mme Hollande, dans la cuisine avec Francois, discutant de la politique<br \/>\n\u00e9nerg\u00e9tique. Je l\u2019attaquais:\u201cFrancois, tu l\u2019a promis, mais tu n\u2018en fais rien.<br \/>\nRegarde votre Production d\u2019\u00e9nergie: les renouvelables pi\u00e9tinent depuis des d\u00e9cennies au<br \/>\nm\u00eame niveau! Tu es pr\u00e9sident depuis 4 ans! Et qu\u2019est-ce que tu a mis en route?\u201c<\/p>\n<p>Er druckste rum, murmelte was vom Energiewendegesetz, das den Anteil der Atomkraft auf<br \/>\n63 Gigawatt begrenzen soll. Deshalb k\u00f6nne Fessenheim erst vom Netz, wenn Flamanville<br \/>\neingeschaltet wird.<br \/>\nIl baffouillait, quelque chos<br \/>\ne comme loi de transition \u00e9nerg\u00e9tique, qui doit limiter la<br \/>\nproportion du nucl\u00e9aire \u00e0 63 GW. Voil\u00e0 pourquoi Fessenheim ne pourrait \u00eatre arr\u00eat\u00e9 que<br \/>\nlorsque Flamanville ouvrira .<\/p>\n<p>\u201eFrancois, wo ist denn da die Logik?\u201c keife ich \u201ediese Verkn\u00fcpfung macht doch nur Sinn,<br \/>\nwenn Du nicht UNTER 63 Gigawatt fallen willst! Wenn ich in Deinen Rucksack nur 63 kg<br \/>\npacken darf, und Dir f\u00fcr die Zukunft Erleichterung verspreche, k\u00e4mst Du Dir ziemlich<br \/>\nverarscht vor, wenn ich den Ziegelstein erst rausnehme, wenn ich einen neuen zum<br \/>\nreinpacken habe.\u201c<\/p>\n<p>J&#8217;ai braill\u00e9 : Francois, o\u00f9 est la logique? \u201eCe lien entre les deux n&#8217;a de sens que si tu ne veux<br \/>\npas tomber AU DESSOUS de 63 Gigawatt! Si je dois me limiter \u00e0 63 kg en chargeant ton sac<br \/>\n\u00e0 dos, et que je te promets de l&#8217;all\u00e9ger par la suite, tu dirais que c&#8217;est du foutage de gueule<br \/>\nsi j&#8217;enlevais une brique dans le sac seulement quand j&#8217;en ai une autre \u00e0 mettre \u00e0 la place.<br \/>\nEr kaut verlegen auf seiner Lippe herum<br \/>\nEmbarrass\u00e9 il m\u00e2chouillait ses levres.<\/p>\n<p>\u201eWerdet Ihr denn da fertig, in Flamanville? Wie lange seid Ihr da jetzt schon dran? 10 Jahre?\u201c<br \/>\nEt est-ce que vous arriverez \u00e0 finir ce truc , l\u00e0 , \u00e0 Flamanville? Combien de temps d\u00e9ja? 10<br \/>\nans?<br \/>\n\u201eNein, erst seit 2007\u201c<br \/>\n\u201eNon, seulement depuis 2007\u201c<\/p>\n<p>\u201eH\u00f6r auf! Den Druckbeh\u00e4lter habt Ihr schon vorher geschmiedet. Und das war Murks! Ihr<br \/>\nwisst das seit 2006. Was ist denn jetzt? M\u00fcsst Ihr ihn wieder ausbauen?\u201c<br \/>\n\u201eArr\u00eate! Vous avez forg\u00e9 la cuve avant! Et c\u2019\u00e9tait du travail b\u00e2cl\u00e9! Vous le savez depuis 2006.<br \/>\nQu\u2019est-ce qui se passe maintenant? Vous devrez la d\u00e9monter?<\/p>\n<p>\u201eDie Sicherheitsbeh\u00f6rde hat weitere Tests angefordert \u2026\u201c<br \/>\n\u201eL\u2019Autorit\u00e9 de suret\u00e9 nucl\u00e9aire a exig\u00e9 des tests suppl\u00e9mentaires \u2026\u201c<\/p>\n<p>\u201eUnd daf\u00fcr zers\u00e4gen sie jetzt den Druckbeh\u00e4lter, der schon f\u00fcr Hinkley Point fertig im Regal<br \/>\nlag. Um danach besser VERMUTEN zu k\u00f6nnen, ob das Herzst\u00fcck von Flamanville tats\u00e4chlich<br \/>\ndicht h\u00e4lt!<br \/>\nCherie, wer soll denn das alles bezahlen? Dein Staatskonzern hat 37 Milliarden Schulden!<br \/>\nAus dem CAC40 seid ihr rausgeflogen. Wie wollt Ihr die Schulden denn jemals abbauen?<br \/>\nGuck Dir das an: Zur Grundsteinlegung von Flamanville 2007 hast Du mir EdF-Aktien<br \/>\ngeschenkt, 85 Euro das St\u00fcck. Wei\u00dft Du was die heute wert sind? Knapp 12 \u20ac.<br \/>\n\u201eEt bien s\u00fbr c&#8217;est pour \u00e7a qu&#8217;on d\u00e9monte une cuve qui \u00e9tait d\u00e9ja pr\u00eate \u00e0 partir pour<br \/>\nHinkley Point. Pour mieux estimer, si le coeur de Flamanville est vraiment \u00e9tanche!<br \/>\nCheri, qui va payer tout \u00e7a? Ton entreprise \u00e9tatique a 37 Milliards d\u2019Euro de dette! Vous<br \/>\navez \u00e9t\u00e9 chass\u00e9s du CAC40. Comment voulez-vous rembourser vos dettes? Regarde un peu,<br \/>\n\u00e0 la pose de la premi\u00e8re pierre de Flamanville en 2007, tu m&#8217;as offert des actions d\u2019EdF \u00e0<br \/>\n85 Euro pi\u00e8ce. Tu connais leur valeur actuelle? 12 Euros!<\/p>\n<p>Er stammelt: \u201eJa aber was soll ich denn machen? Ich kann doch jetzt nicht zugeben, dass<br \/>\nFlamanville nicht fertig wird. Dann kriegen wir das Geld f\u00fcr Hinkley doch nie zusammen.<br \/>\nWenn wir Hinkley aufgeben, dann kannst Du unsere rosige Zukunft als globaler Reaktorbauer<br \/>\nvergessen.\u201c<br \/>\n\u201eMais qu\u2019est-ce que je peux faire maintenant?\u201c bafouillait-il \u201eje ne peux tout de m\u00eame pas<br \/>\nreconnaitre aujourd&#8217;hui, qu\u2019on ne finira jamais Flamanville. Si c&#8217;\u00e9tait le cas, on ne r\u00e9unirait<br \/>\njamais l&#8217;argent n\u00e9cessaire pour Hinkley Point.<br \/>\nEt si nous abandonnons Hinkley Point, tu peux oublier \u00e0 jamais notre avenir radieux de constructeur de r\u00e9acteurs.\u201c<\/p>\n<p>Ich knalle unser Haushaltsbuch auf den K\u00fcchentisch: \u201eSag das nochmal! Zukunft?<br \/>\nReaktorbauer? Aus der Baureihe EPR ist weltweit noch NIE einer ans Netz gegangen. Die<br \/>\nBaureihe ist eingestampft. Und jetzt willst Du auch noch das Tafelsilber der EdF verscherbeln<br \/>\n\u2013 die Netzsparte, die Banken \u2013 nur um dieses Luxusspielzeug zu finanzieren? Deshalb l\u00e4sst<br \/>\nDu Fessenheim am Netz? Weil Du sonst zugeben w\u00fcrdest, dass Flamanville als Bauruine<br \/>\nendet? Du willst nicht zugeben, dass Ihr keine Atomreaktoren mehr bauen k\u00f6nnt!! Dass Ihr<br \/>\nseit Jahrzehnten Tonnen von Stahl und Beton in Flamanville, Olkiluoto und Taishan verbaut,<br \/>\nf\u00fcr 4 Bauruinien, die NIE, NIEMALS, Strom produzieren! Kannst Du mir mal sagen wie Du aus<br \/>\nder Nummer wieder rauskommen willst? \u2026<\/p>\n<p>Je tappe le cahier budg\u00e9taire sur la table: \u201eRedis ca! Quel Avenir? Constructeurs de<br \/>\nreacteur? Pas un seul reacteur de la s\u00e9rie EPR n&#8216; a \u00e9t\u00e9 raccord\u00e9 au r\u00e9seau, jamais, dans le<br \/>\nmonde entier. Toute la s\u00e9rie est \u00e0 mettre au pilon. Et maintenant tu veux encore bazarder<br \/>\nles bijoux de famille d&#8217;EDF? Le r\u00e9seau, les banques \u2013 juste pour financer ce joujou de luxe?<br \/>\nC\u2019est pour \u00e7a tu ne fermes pas Fessenheim? Parce-que tu serais oblig\u00e9 d&#8217;admettre que<br \/>\nFlamanville finira en ruine industrielle? Tu ne veux pas admettre que vous ne savez plus<br \/>\nconstruire des r\u00e9acteurs!! Que vous gaspillez depuis des d\u00e9cennies des tonnes d\u2019acier et de<br \/>\nb\u00e9ton \u00e0 Flamanville, Olkiluoto et Taishan pour 4 ruines industrielles, qui ne produiront<br \/>\njamais du courant! Est-ce que tu peux me dire, comment tu vas te sortir de ce p\u00e9trin l\u00e0? \u2026<\/p>\n<p>Willst Du warten, bis Fessenheim hochgeht? Willst Du dann vor die Kameras treten, wie vor<br \/>\n5 Jahren de Japaner &#8211; mit gefalteten H\u00e4nden und gesenktem Kopf &#8211; die B\u00fcrger Europas um<br \/>\nEntschuldigung bitten? Daf\u00fcr dass sie gerade alles verloren haben, ihre \u00c4cker, ihre Weiden,<br \/>\nihre W\u00e4lder, ihre Weinberge, ihre H\u00e4user?\u201c<\/p>\n<p>Tu veux attendre que Fessenheim saute? tu veux faire face aux cam\u00e9ras, comme il y a cinq<br \/>\nans les Japonais, les mains jointes et la t\u00eate baiss\u00e9e pour demander pardon aux citoyens de<br \/>\nl\u2019Europe? Pardon \u00e0 ceux qui auront tout perdu, leurs champs, leurs p\u00e2tures, leurs for\u00eats,<br \/>\nleurs vignes, leurs maisons?\u201c<\/p>\n<p>Und er stand wirklich mit gesenktem Kopf in der K\u00fcche \u2026<br \/>\nIch habe getobt. Hab ihm das Sp\u00fclhandtuch um die Ohren gehauen und gebr\u00fcllt: \u201eLos<br \/>\nCowboy, steig aus dem Sattel, das Pferd, das Du reitest ist l\u00e4ngst tot! Mach Dich n\u00fctzlich und<br \/>\nsp\u00fcl das Geschirr ab!<br \/>\nUnd \u00fcbrigens, nur dass Du es wei\u00dft: ich hab jetzt bei Enercoop den Stromliefervertrag f\u00fcr<br \/>\nden Elysseepalast unterschrieben.\u201c<\/p>\n<p>Et il se tenait vraiment la t\u00eate baiss\u00e9e dans la cuisine \u2026<br \/>\nJe me suis d\u00e9foul\u00e9e. Je lui ai tap\u00e9 le torchon sur la t\u00eate et cri\u00e9: \u201eAllez-hopp Cowboy! Mets<br \/>\npied \u00e0 terre! Le cheval que tu montes est mort depuis longtemps! Rend-toi utile et lave la<br \/>\nvaissaille!<br \/>\nEt \u00e0 propos, faut que je te dise: j\u2019ai chang\u00e9 de fournisseur pour l\u2019Elyss\u00e9e. J\u2019ai souscrit chez<br \/>\nEnercoop.<\/p>\n<p>Und Ihr k\u00f6nnt Euch nicht vorstellen, was dann passiert ist. W\u00e4hrend ich lamentiere, dass der<br \/>\nFessenheimer Reaktordruckbeh\u00e4lter immer spr\u00f6der wird, durch den permanenten<br \/>\nNeutronenbeschuss, durch Lastwechsel, st\u00e4ndiges An- und Abfahren,<\/p>\n<p>Et vous ne pouvez pas imagner, ce qui c\u2019est pass\u00e9 ensuite. Pendant que je me lamente, que<br \/>\nla cuve de Fessenheim devient de plus en plus fragile, \u00e0 cause du bombardement<br \/>\nneutronique permanent, des changements de charge, des arr\u00eats et des redemarrages<br \/>\nincessants, \u2026<\/p>\n<p>\u2026 setzt Francois den Wasserkessel auf. Ich br\u00fclle, ob er denn \u00fcberhaupt wei\u00df, ob in<br \/>\nFessenheim nicht auch eine Fehlschmiede eingebaut wurde, wie in Flamanville: \u201eMein lieber<br \/>\nMann, die haben 1980 schon Risse gefunden. Das kannst Du in der Zeitung nachlesen! Was<br \/>\nist aus den Rissen eigentlich geworden? Hat das jemals einer vern\u00fcnftig dokumentiert? Was<br \/>\nsind das denn f\u00fcr Einschl\u00fcsse im Reaktorstahl? Wasserstoff? Carbon? Was?\u201c<\/p>\n<p>\u2026 Fran\u00e7ois met de l&#8217;eau \u00e0 boullir. Je crie, au fait, sait-il si la cuve install\u00e9e \u00e0 Fessenheim, n\u2019est<br \/>\npas une pi\u00e8ce mal-forg\u00e9e, comme \u00e0 Flamanville? Tu sais, mon vieux qu&#8217;on a d\u00e9ja trouv\u00e9 des<br \/>\nfissures d\u00e8s 1980? Tu peux relire \u00e7a dans le journal! Qu\u2019est-ce qu&#8217;il en est aujourd&#8217;hui de<br \/>\nces fissures? Est-ce que quelqu&#8217;un a fait des recherches s\u00e9rieuses l\u00e0-dessus? De quelle sorte<br \/>\nd\u2019inclusions dans l&#8217;acier de la cuve s&#8217;agit-il? Hydrog\u00e8ne? Carbone? Quoi?<\/p>\n<p>Wie in Trance holt er die kalten Gl\u00e4ser vom Gartentisch und betrachtet eines ganz genau:<br \/>\neine Luftblase ist im Glas eingeschlossen. \u201eFehlschmiede\u201c wiederholt er geistesabwesend.<br \/>\nComme en transe, il apporte les verres froids de la table de jardin et en regarde un avec<br \/>\nattention: une bulle d\u2019air est incluse dans le verre. \u201emal forg\u00e9e\u201c r\u00e9p\u00e8te t-il distraitement.<br \/>\nDas Wasser kocht, er legt die Gl\u00e4ser ins Sp\u00fclbecken, h\u00e4lt den Kessel mit kochendem Wasser<br \/>\n\u00fcber die kalten Gl\u00e4ser und \u2026.<\/p>\n<p>L\u2019eau bout , il met les verres dans l\u2019\u00e9vier, il tient la bouilloire avec l\u2019eau chaude au dessus des<br \/>\nverres froids et \u2026<\/p>\n<p>Ich schreie: \u201eFrancois! Niiiiicht!\u201c<br \/>\nJe crie: \u201cFrancois! Non!\u201c<\/p>\n<p>Die Gl\u00e4ser zerbersten.<br \/>\nLes verres se brisent.<\/p>\n<p>Ich wache schwei\u00dfgebadet auf, sitze bolzengerade im Bett und murmele vor mich hin<br \/>\n\u201eFessenheim. Spr\u00f6dbruch. Fessenheim. Spr\u00f6dbruch\u2026\u201c<br \/>\nJe me r\u00e9veille, en sueur, assise toute droite dans mon lit en murmurant:<br \/>\n\u201eFessenheim. Fracture cassante. Fessenheim. Fracture cassante\u2026\u201c<br \/>\n24.4.2016, Dr. Eva Stegen<br \/>\n.<\/p>\n<p>Der Audiomitschnitt der Welt-Urauff\u00fchrung ist nachzuh\u00f6ren unter:<br \/>\n<a href=\"https:\/\/www.youtube.com\/watch?v=xTnnnOrXJP4&amp;feature=youtu.be\">https:\/\/www.youtube.com\/watch?v=xTnnnOrXJP4&amp;feature=youtu.be<\/a><\/p>\n<p>Die verbl\u00fcffende Reaktion des Pr\u00e4sidentengatten gleich am Folgetag<br \/>\n<a href=\"https:\/\/youtu.be\/xTnnnOrXJP4\">https:\/\/youtu.be\/xTnnnOrXJP4<\/a><\/p>\n<p>Sowie die Nebelkerze des Stromriesen EdF, unter dessen Herrschaft der Pr\u00e4sident auch ein bisschen regiert:<br \/>\n<a href=\"https:\/\/www.dailymotion.com\/embed\/video\/x479sub\">https:\/\/www.dailymotion.com\/embed\/video\/x479sub<\/a><\/p>\n<p>&nbsp;<\/p>\n","protected":false},"excerpt":{"rendered":"<p>\u00dcber 4500 Menschen kamen am 24.4.2016 auf sieben Rhein-Br\u00fccken zwischen Kehl und Basel, um in friedlich-selbstbewussten Aktionen gegen die Atomkraft zu demonstrieren. Jedes privat gebaute Windrad kleiner Betreiber und jede private PV-Anlage ist eine Konkurrenz zu den Atom- und Kohlekraftwerken &hellip; <a href=\"https:\/\/www.freiburg-schwarzwald.de\/blog\/akw-demos-7-rheinbruecken\/\">Weiterlesen <span class=\"meta-nav\">&rarr;<\/span><\/a><\/p>\n","protected":false},"author":2,"featured_media":0,"comment_status":"open","ping_status":"closed","sticky":false,"template":"","format":"standard","meta":{"footnotes":""},"categories":[164,191,36,378,179,219,105],"tags":[640,163,325,279,591],"class_list":["post-60562","post","type-post","status-publish","format-standard","hentry","category-akw","category-elsass","category-engagement","category-fluss","category-markgraeflerland","category-schweiz","category-trirhena","tag-akw-2","tag-atomkraft","tag-demo","tag-fessenheim","tag-rhein"],"_links":{"self":[{"href":"https:\/\/www.freiburg-schwarzwald.de\/blog\/wp-json\/wp\/v2\/posts\/60562","targetHints":{"allow":["GET"]}}],"collection":[{"href":"https:\/\/www.freiburg-schwarzwald.de\/blog\/wp-json\/wp\/v2\/posts"}],"about":[{"href":"https:\/\/www.freiburg-schwarzwald.de\/blog\/wp-json\/wp\/v2\/types\/post"}],"author":[{"embeddable":true,"href":"https:\/\/www.freiburg-schwarzwald.de\/blog\/wp-json\/wp\/v2\/users\/2"}],"replies":[{"embeddable":true,"href":"https:\/\/www.freiburg-schwarzwald.de\/blog\/wp-json\/wp\/v2\/comments?post=60562"}],"version-history":[{"count":0,"href":"https:\/\/www.freiburg-schwarzwald.de\/blog\/wp-json\/wp\/v2\/posts\/60562\/revisions"}],"wp:attachment":[{"href":"https:\/\/www.freiburg-schwarzwald.de\/blog\/wp-json\/wp\/v2\/media?parent=60562"}],"wp:term":[{"taxonomy":"category","embeddable":true,"href":"https:\/\/www.freiburg-schwarzwald.de\/blog\/wp-json\/wp\/v2\/categories?post=60562"},{"taxonomy":"post_tag","embeddable":true,"href":"https:\/\/www.freiburg-schwarzwald.de\/blog\/wp-json\/wp\/v2\/tags?post=60562"}],"curies":[{"name":"wp","href":"https:\/\/api.w.org\/{rel}","templated":true}]}}