{"id":60438,"date":"2016-04-17T16:19:28","date_gmt":"2016-04-17T14:19:28","guid":{"rendered":"https:\/\/www.freiburg-schwarzwald.de\/blog\/?p=60438"},"modified":"2016-04-17T16:59:23","modified_gmt":"2016-04-17T14:59:23","slug":"alte-kritisieren-alte-wegen-alter","status":"publish","type":"post","link":"https:\/\/www.freiburg-schwarzwald.de\/blog\/alte-kritisieren-alte-wegen-alter\/","title":{"rendered":"Alte kritisieren Alte wegen Alter"},"content":{"rendered":"<p>Alte M\u00e4nner (<a title=\"Philosophie\" href=\"https:\/\/www.freiburg-schwarzwald.de\/blog\/bildung\/philosophie\/\">Philosoph<\/a> Richard David Precht und Soziologe\u00a0Harald Welzer) <a title=\"Diskussionskultur\" href=\"https:\/\/www.freiburg-schwarzwald.de\/blog\/kultur\/medien\/diskussionskultur\/\">beschimpfen<\/a> <a title=\"Konservativ\" href=\"https:\/\/www.freiburg-schwarzwald.de\/blog\/engagement\/zukunft\/demokratie\/konservativ\/\">\u00e4ltere M\u00e4nner<\/a> (<a title=\"Philosophie\" href=\"https:\/\/www.freiburg-schwarzwald.de\/blog\/bildung\/philosophie\/\">Denker<\/a> <a title=\"Sloterdijk \u2013 Selbstzerstoerung D\" href=\"https:\/\/www.freiburg-schwarzwald.de\/blog\/sloterdijk-selbstzerstoerung-d\/\">Peter Sloterdijk<\/a> und <a title=\"Literatur\" href=\"https:\/\/www.freiburg-schwarzwald.de\/blog\/kultur\/dichter\/literatur\/\">Literat<\/a> J\u00fcrgen <a title=\"Badenweiler Literaturtage\" href=\"https:\/\/www.freiburg-schwarzwald.de\/blog\/badenweiler-literaturtage\/\">Safranski<\/a>) mit dem <a title=\"Senioren\" href=\"https:\/\/www.freiburg-schwarzwald.de\/blog\/selbsthilfe\/senioren\/\">Alter<\/a> als Vorwurf: Sie \u201cpassen nicht mehr<a title=\"Zukunft\" href=\"https:\/\/www.freiburg-schwarzwald.de\/blog\/engagement\/zukunft\/\"> in die Zeit<\/a>\u201d und sollen \u201cvon den J\u00fcngeren lernen\u201d. Hintergrund: Die <a title=\"Fluechtlinge\" href=\"https:\/\/www.freiburg-schwarzwald.de\/blog\/global\/integration\/fluechtlinge\/\">Massenmigration<\/a> (1,6 Mio <a title=\"Migration\" href=\"https:\/\/www.freiburg-schwarzwald.de\/blog\/global\/migration\/\">Fl\u00fcchtlinge<\/a> seit <a title=\"Budapest-Dublin2015\" href=\"https:\/\/www.freiburg-schwarzwald.de\/blog\/global\/eu\/budapest-dublin2015\/\">Budapest 9\/2015<\/a>) geht dank unkontrollierter Grenzen ohne <a title=\"Einwanderungsgesetz\" href=\"https:\/\/www.freiburg-schwarzwald.de\/blog\/global\/integration\/einwanderungsgesetz\/\">Einwanderungsgesetz<\/a> weiter \u2013 <!--more-->und Sloterdijk &amp; Co halten die <a title=\"Merkelismus\" href=\"https:\/\/www.freiburg-schwarzwald.de\/blog\/engagement\/zukunft\/demokratie\/merkelismus\/\">Merkel\u2019sche<\/a> Politik der <a title=\"Obergrenze\" href=\"https:\/\/www.freiburg-schwarzwald.de\/blog\/global\/integration\/obergrenze\/\">offenen Grenzen<\/a> f\u00fcr unvern\u00fcnftig.<br \/>\n.<br \/>\n<a title=\"Alte\" href=\"https:\/\/www.freiburg-schwarzwald.de\/blog\/selbsthilfe\/senioren\/alte\/\">Mehr dazu\u00a0lesen Sie bitte\u00a0hier<\/a><\/p>\n","protected":false},"excerpt":{"rendered":"<p>Alte M\u00e4nner (Philosoph Richard David Precht und Soziologe\u00a0Harald Welzer) beschimpfen \u00e4ltere M\u00e4nner (Denker Peter Sloterdijk und Literat J\u00fcrgen Safranski) mit dem Alter als Vorwurf: Sie \u201cpassen nicht mehr in die Zeit\u201d und sollen \u201cvon den J\u00fcngeren lernen\u201d. Hintergrund: Die Massenmigration &hellip; <a href=\"https:\/\/www.freiburg-schwarzwald.de\/blog\/alte-kritisieren-alte-wegen-alter\/\">Weiterlesen <span class=\"meta-nav\">&rarr;<\/span><\/a><\/p>\n","protected":false},"author":2,"featured_media":0,"comment_status":"open","ping_status":"closed","sticky":false,"template":"","format":"standard","meta":{"footnotes":""},"categories":[18,96,80,102],"tags":[552,26,485,301,722,525],"class_list":["post-60438","post","type-post","status-publish","format-standard","hentry","category-bildung","category-dichter","category-medien","category-senioren","tag-buch-2","tag-deutsch","tag-refugee","tag-culture","tag-literatur","tag-politik"],"_links":{"self":[{"href":"https:\/\/www.freiburg-schwarzwald.de\/blog\/wp-json\/wp\/v2\/posts\/60438","targetHints":{"allow":["GET"]}}],"collection":[{"href":"https:\/\/www.freiburg-schwarzwald.de\/blog\/wp-json\/wp\/v2\/posts"}],"about":[{"href":"https:\/\/www.freiburg-schwarzwald.de\/blog\/wp-json\/wp\/v2\/types\/post"}],"author":[{"embeddable":true,"href":"https:\/\/www.freiburg-schwarzwald.de\/blog\/wp-json\/wp\/v2\/users\/2"}],"replies":[{"embeddable":true,"href":"https:\/\/www.freiburg-schwarzwald.de\/blog\/wp-json\/wp\/v2\/comments?post=60438"}],"version-history":[{"count":0,"href":"https:\/\/www.freiburg-schwarzwald.de\/blog\/wp-json\/wp\/v2\/posts\/60438\/revisions"}],"wp:attachment":[{"href":"https:\/\/www.freiburg-schwarzwald.de\/blog\/wp-json\/wp\/v2\/media?parent=60438"}],"wp:term":[{"taxonomy":"category","embeddable":true,"href":"https:\/\/www.freiburg-schwarzwald.de\/blog\/wp-json\/wp\/v2\/categories?post=60438"},{"taxonomy":"post_tag","embeddable":true,"href":"https:\/\/www.freiburg-schwarzwald.de\/blog\/wp-json\/wp\/v2\/tags?post=60438"}],"curies":[{"name":"wp","href":"https:\/\/api.w.org\/{rel}","templated":true}]}}