{"id":6038,"date":"2012-06-30T10:34:50","date_gmt":"2012-06-30T10:34:50","guid":{"rendered":"https:\/\/www.freiburg-schwarzwald.de\/blog\/?p=6038"},"modified":"2012-08-04T21:35:57","modified_gmt":"2012-08-04T19:35:57","slug":"kitas-sind-kein-allheilmittel-solange-es-familien-gibt","status":"publish","type":"post","link":"https:\/\/www.freiburg-schwarzwald.de\/blog\/kitas-sind-kein-allheilmittel-solange-es-familien-gibt\/","title":{"rendered":"Kitas sind kein Allheilmittel solange es Familien gibt"},"content":{"rendered":"<p>Zum <a title=\"Bildungsbericht 2012 \u2013 Dossier Kulturelle Bildung in Deutschland\" href=\"https:\/\/www.freiburg-schwarzwald.de\/blog\/2012\/06\/29\/bildungsbericht-2012-dossier-kulturelle-bildung-in-deutschland\/\">Bildungsbericht 2012<\/a>: Nachdem sich viele Jahrzehnte niemand um die Frage gek\u00fcmmert hat, wohin eine allein erziehende Mutter oder ein Vater ihr Kind vom fr\u00fchen Morgen bis zum Abend bringen k\u00f6nnen, um \u00fcberhaupt eine Arbeitsstelle antreten zu k\u00f6nnen, weil Staat und Kommunen f\u00fcr solche Einrichtungen kein Geld hatten, ist nun ein regelrechter Kulturkampf um diesen neuen <a title=\"Kindergarten\" href=\"https:\/\/www.freiburg-schwarzwald.de\/blog\/bildung\/kindergarten\/\">Kita<\/a>-Markt ausgebrochen. Auf der einen Seite der Front k\u00e4mpfen die angeblich betreuungsgeldhungrigen M\u00fctter und V\u00e4ter mit Hilfe ihres Schutzengels Sankt Seehofer im R\u00fccken, die glatt behaupten: &#8222;In den ersten drei Lebensjahren ist eine verl\u00e4ssliche famili\u00e4re Bindung f\u00fcr ein Kind die beste Bildungsinvestition.&#8220; <!--more-->Auf der anderen Seite formieren sich &#8222;unabh\u00e4ngige Wissenschaftler und Experten&#8220; beiderlei Geschlechtes, die den Eindruck vermitteln, dass sich die kaum der Mutterbrust entw\u00f6hnten Kleinkinder nur in einer \u00f6ffentlichen Einrichtung wahrhaft entwickeln k\u00f6nnen. Nur wenn die kleinen Popos von staatlich diplomierten Expertinnen gewickelt werden, kann \u00fcberhaupt ein schul-taugliches Individuum daraus entstehen.<br \/>\nDonnerwetter, welche Erkenntnisse! Und ich frage mich, wie viele Sch\u00e4den hat meine Frau bei unseren Kindern angerichtet, als sie sich drei Jahre lang als Mutter um deren fr\u00fchkindliche Entwicklung bem\u00fcht hat? Ohne Betreuungsgeld! Dass die Kinder ihr Abitur samt Studium mit Bestnoten bestanden, kann da doch wohl nur ein dummer Zufall sein!<br \/>\nH\u00f6rt endlich auf, Eltern, die sich selbst um ihre Kleinkinder k\u00fcmmern und dem Steuerzahler auch noch Geld sparen, als r\u00fcckst\u00e4ndige Hinterw\u00e4lder zu diffamieren! Kindertagesst\u00e4tten sind notwendig, aber sie sind kein Allheilmittel, solange es in unserer Gesellschaft auch noch intakte <a title=\"Familie\" href=\"https:\/\/www.freiburg-schwarzwald.de\/blog\/selbsthilfe\/familie\/\">Familien<\/a> gibt. Und ein breit gestreutes Betreuungsgeld kann und darf kein Mittel sein, notwendige Kitas zu verhindern!<br \/>\nBernhard M\u00f6\u00dfner, Herbolzheim, 30.6.2012<br \/>\n<!-- RSPEAK_STOP --><\/p>\n","protected":false},"excerpt":{"rendered":"<p>Zum Bildungsbericht 2012: Nachdem sich viele Jahrzehnte niemand um die Frage gek\u00fcmmert hat, wohin eine allein erziehende Mutter oder ein Vater ihr Kind vom fr\u00fchen Morgen bis zum Abend bringen k\u00f6nnen, um \u00fcberhaupt eine Arbeitsstelle antreten zu k\u00f6nnen, weil Staat &hellip; <a href=\"https:\/\/www.freiburg-schwarzwald.de\/blog\/kitas-sind-kein-allheilmittel-solange-es-familien-gibt\/\">Weiterlesen <span class=\"meta-nav\">&rarr;<\/span><\/a><\/p>\n","protected":false},"author":2,"featured_media":0,"comment_status":"open","ping_status":"closed","sticky":false,"template":"","format":"standard","meta":{"footnotes":""},"categories":[61,93],"tags":[721,152],"class_list":["post-6038","post","type-post","status-publish","format-standard","hentry","category-kinder","category-kindergarten","tag-kindergarten","tag-kita"],"_links":{"self":[{"href":"https:\/\/www.freiburg-schwarzwald.de\/blog\/wp-json\/wp\/v2\/posts\/6038","targetHints":{"allow":["GET"]}}],"collection":[{"href":"https:\/\/www.freiburg-schwarzwald.de\/blog\/wp-json\/wp\/v2\/posts"}],"about":[{"href":"https:\/\/www.freiburg-schwarzwald.de\/blog\/wp-json\/wp\/v2\/types\/post"}],"author":[{"embeddable":true,"href":"https:\/\/www.freiburg-schwarzwald.de\/blog\/wp-json\/wp\/v2\/users\/2"}],"replies":[{"embeddable":true,"href":"https:\/\/www.freiburg-schwarzwald.de\/blog\/wp-json\/wp\/v2\/comments?post=6038"}],"version-history":[{"count":0,"href":"https:\/\/www.freiburg-schwarzwald.de\/blog\/wp-json\/wp\/v2\/posts\/6038\/revisions"}],"wp:attachment":[{"href":"https:\/\/www.freiburg-schwarzwald.de\/blog\/wp-json\/wp\/v2\/media?parent=6038"}],"wp:term":[{"taxonomy":"category","embeddable":true,"href":"https:\/\/www.freiburg-schwarzwald.de\/blog\/wp-json\/wp\/v2\/categories?post=6038"},{"taxonomy":"post_tag","embeddable":true,"href":"https:\/\/www.freiburg-schwarzwald.de\/blog\/wp-json\/wp\/v2\/tags?post=6038"}],"curies":[{"name":"wp","href":"https:\/\/api.w.org\/{rel}","templated":true}]}}