{"id":60379,"date":"2016-04-15T19:43:09","date_gmt":"2016-04-15T17:43:09","guid":{"rendered":"https:\/\/www.freiburg-schwarzwald.de\/blog\/?p=60379"},"modified":"2016-04-18T16:47:40","modified_gmt":"2016-04-18T14:47:40","slug":"satire-schmaehkritik-erdogan","status":"publish","type":"post","link":"https:\/\/www.freiburg-schwarzwald.de\/blog\/satire-schmaehkritik-erdogan\/","title":{"rendered":"Satire Schmaehkritik &#8211; Erdogan"},"content":{"rendered":"<p>Ein <a title=\"Justiz\" href=\"https:\/\/www.freiburg-schwarzwald.de\/blog\/selbsthilfe\/soziales\/justiz\/\">Straftat<\/a> (Schm\u00e4hkritik gegen Erdogan) begehen, aber nur um zu demonstrieren, was strafbar ist &#8211; diese primitive Methode von <a title=\"Medien\" href=\"https:\/\/www.freiburg-schwarzwald.de\/blog\/kultur\/medien\/\">Jan B\u00f6hmermann<\/a> wirft Fragen auf: (1) Ist das <a title=\"Pressekodex\" href=\"https:\/\/www.freiburg-schwarzwald.de\/blog\/kultur\/medien\/pressekodex\/\">Schm\u00e4hkritik-Gedicht<\/a> rechtskonform (<a title=\"Freiheit\" href=\"https:\/\/www.freiburg-schwarzwald.de\/blog\/engagement\/zukunft\/demokratie\/freiheit\/\">Meinungsfreiheit<\/a>)? (2) Welches Niveau hat Satire als <a title=\"Kultur\" href=\"https:\/\/www.freiburg-schwarzwald.de\/blog\/kultur\/\">Kunst<\/a>\u00a0in D? (3) Ist <a title=\"Merkelismus\" href=\"https:\/\/www.freiburg-schwarzwald.de\/blog\/engagement\/zukunft\/demokratie\/merkelismus\/\">Merkel-Deutschland<\/a> von <a title=\"Tuerkei\" href=\"https:\/\/www.freiburg-schwarzwald.de\/blog\/global\/tuerkei\/\">Erdogan-T\u00fcrkei<\/a> nach dem <a title=\"Fluechtlinge2016\" href=\"https:\/\/www.freiburg-schwarzwald.de\/blog\/global\/integration\/fluechtlinge2016\/\">Fl\u00fcchtlings<\/a>-Deal erpre\u00dfbar? (4) Ist <a title=\"Nationalismus\" href=\"https:\/\/www.freiburg-schwarzwald.de\/blog\/engagement\/zukunft\/demokratie\/nationalismus\/\">Nationalstolz<\/a> in D undenkbar? (5) Ist B\u00f6hmermann ein rechter Islam-Hetzer?<!--more-->\u00a0 \u00a0 \u00a0.<\/p>\n<p><strong>(1) Rechtsstaat?<\/strong>\u00a0 Es ist Aufgabe der Gerichte, zu pr\u00fcfen, ob Jan B\u00f6hmermann mit seiner selbsternannten Schm\u00e4hkritik gegen Gesetze unseres Rechtsstaats versto\u00dfen hat oder nicht. Am 15.4.2016 l\u00e4\u00dft die Bundesregierung ein Ermittlungsverfahren gegen den ZDF-Satiriker wegen Beleidigung des t\u00fcrkischen Staatspr\u00e4sidenten Erdogan (\u00a7 103 StGB) zu.<br \/>\n.<br \/>\n<strong>(2)\u00a0Satire ohne Niveau?<\/strong>\u00a0Der deutsche Kunstbetrieb befindet sich im Niedergang. Mangels eigenem K\u00f6nnen, Kreativit\u00e4t, Einfallsreichtum, Wissen und Format bedienen sich die &#8222;K\u00fcnstler&#8220; (<a title=\"Gender\" href=\"https:\/\/www.freiburg-schwarzwald.de\/blog\/selbsthilfe\/frauen\/gender\/\">genderm\u00e4\u00dfig<\/a> besser: K\u00fcnstlerInnen, Kunstschaffende) dem billigen Spektrum von Gewalt, Sex, Sado, Kriminalit\u00e4t, Porno und Beleidigung, um durch Provokation zu Quote, Umsatz und Geld f\u00fcr das jeweilige &#8222;Kunstobjekt&#8220; (Text, Bild, Sprache, Szene) zu kommen. Kein Theater ohne Gewalt, verschissene Unterw\u00e4sche, Mord, Qu\u00e4lerei, Vergewaltigung, Nacktheit, Kakofonie, Perversit\u00e4t, usw.. Kein Text ohne Genital-, Urologie- bzw. Gyn\u00e4kologie-Anleihe aus der Gosse und ohne Diffamierung &#8211; gerne mit einer Keule (Nazi-, Antisemitismus-, Rassismus-, Islam-Keule usw.) ausge\u00fcbt. &#8222;Provokation statt K\u00f6nnen&#8220; als vorherrschende Devise im Kunstbetrieb.<br \/>\n.<br \/>\n<strong>(3) D von TR erpressbar?<\/strong> Jeder B\u00fcrger kann als Privatmann das Schm\u00e4hkritik-Gedicht als geschmacklose Verh\u00f6hnung von Herrn Erdogan abtun &#8211; auch Frau Merkel. Wenn sie dies aber als Bundeskanzlerin und \u00fcber ihren Pressesprecher tut, dann hat dies schon ein &#8222;Geschm\u00e4ckle&#8220;- ist dies ein Entgegenkommen daf\u00fcr, dass die T\u00fcrkei den Deutschen im EU-T\u00fcrkei-Deal die Registrierung, Unterbringung und Auswahl von Fl\u00fcchtlingen abgenommen hat?<br \/>\n.<br \/>\n<strong>(4) Nationalstolz?<\/strong> Minister Sch\u00e4uble als rollstuhlfahrender Judenm\u00f6rder (Euro-Krise), Bundeskanzlerin als Hure mit Hitler-Schnurrbart (Griechenland-Krise), &#8230; Warum d\u00fcrfen die gew\u00e4hlten Repr\u00e4sentanten der deutschen Demokratie so verunglimpft werden? Liegt es an Slogans wie &#8222;Deutschland verrecke&#8220; und &#8222;Deutschland Du mieses St\u00fcck Schei\u00dfe&#8220;, hinter denen Gutmenschen wie Claudia Roth so gerne hinterherlaufen? Sind Patriotismus und Nationalstolz nach 71 Jahren in D immer noch Tabu-Begriffe?<br \/>\n.<br \/>\n<strong>(5) Hetze gegen Islam?<\/strong> \u00a0Erdogan ist demokratisch gew\u00e4hlter Pr\u00e4sident der T\u00fcrkei und versucht als gl\u00e4ubiger Muslim, den Laizismus (strenge <a title=\"Kirche-Staat\" href=\"https:\/\/www.freiburg-schwarzwald.de\/blog\/religion\/kirche-staat\/\">Trennung von Kirche und Staat<\/a>) des Staatsgr\u00fcnders Kemal Atat\u00fcrk zur\u00fcckzudr\u00e4ngen zugunsten einer islamischen T\u00fcrkei.<br \/>\nDas Schwein gilt im <a title=\"Islam-Reformen\" href=\"https:\/\/www.freiburg-schwarzwald.de\/blog\/religion\/islam\/islam-reformen\/\">Islam<\/a> als unrein. Mit seinem Gedichtvers<br \/>\n<em>&#8222;Sein (Erdogan&#8217;s) Gel\u00f6t stinkt schlimm nach D\u00f6ner,<\/em><br \/>\n<em>selbst ein Schweinefurz riecht sch\u00f6ner.&#8220;<\/em><br \/>\ndr\u00fcckt B\u00f6hmermann somit die <strong>gr\u00f6\u00dftm\u00f6gliche Beleidigung des Islam<\/strong> aus &#8211; selbst ein Furz des Unreinen rieche besser als jeder gl\u00e4ubige Muslim. Diese \u00fcble Hetze gegen T\u00fcrken und Muslime k\u00f6nnte aus den <a title=\"Rechts\" href=\"https:\/\/www.freiburg-schwarzwald.de\/blog\/engagement\/zukunft\/demokratie\/rechts\/\">rechten Foren<\/a> stammen. <strong>B\u00f6hmermann ist ein verkappter Rechtsextremist<\/strong>, der sich der Hasstiraden rechter Dumpfbacken bedient, um TV-Quote und damit Geld zu machen.<br \/>\nIm Grunde sind die obigen Fragen (1)- (4) zweitrangig. Das Problem liegt bei (5): B\u00f6hmermann ist ein rechter Islamophober, der nicht nur gegen eine Einzelperson (Erdogan), sondern gegen sein Volk (T\u00fcrkei) und dessen Religion (Islam) hetzt.<br \/>\n15.4.2016<br \/>\n.<br \/>\n.<br \/>\n<strong>B\u00f6hmermann&#8217;s Schm\u00e4hkritik-Gedicht<\/strong><br \/>\n<em>B\u00f6hmermann: Ich hab ein Gedicht, das hei\u00dft &#8222;Schm\u00e4hkritik&#8220;. K\u00f6nnen wir vielleicht dazu so eine t\u00fcrkisch angehauchte Version von nem Nena-Song haben? (Die gew\u00fcnschte Musik erklingt) Und die t\u00fcrkische Flagge im Hintergrund bei mir? (Der Hintergrund \u00e4ndert sich) Sehr gut. Und das, was jetzt kommt, das darf man nicht machen. &#8230; Wenn das \u00f6ffentlich aufgef\u00fchrt wird, das w\u00e4re in Deutschland verboten und da k\u00f6nnte man dann\u2026 Okay, das Gedicht hei\u00dft &#8222;Schm\u00e4hkritik&#8220;&#8230;.<\/em><br \/>\n<em>Sackdoof, feige und verklemmt,<\/em><br \/>\n<em>ist Erdogan, der Pr\u00e4sident.<\/em><br \/>\n<em>Sein Gel\u00f6t stinkt schlimm nach D\u00f6ner,<\/em><br \/>\n<em>selbst ein Schweinefurz riecht sch\u00f6ner.<\/em><br \/>\n<em>Er ist der Mann, der M\u00e4dchen schl\u00e4gt<\/em><br \/>\n<em>und dabei Gummimasken tr\u00e4gt.<\/em><\/p>\n<p><em>Am liebsten mag er Ziegen ficken<\/em><br \/>\n<em>und Minderheiten unterdr\u00fccken,<\/em><br \/>\n<em>Kurden treten, Christen hauen<\/em><br \/>\n<em>und dabei Kinderpornos schauen.<\/em><br \/>\n<em>Und selbst abends hei\u00dft\u2019s statt schlafen,<\/em><br \/>\n<em>Fellatio mit hundert Schafen.<\/em><br \/>\n<em>Ja, Erdogan ist voll und ganz,<\/em><br \/>\n<em>ein Pr\u00e4sident mit kleinem Schwanz.<\/em><\/p>\n<p><em>Jeden T\u00fcrken h\u00f6rt man fl\u00f6ten, <\/em><br \/>\n<em>die dumme Sau hat Schrumpelkl\u00f6ten.<\/em><br \/>\n<em>Von Ankara bis Istanbul<\/em><br \/>\n<em>wei\u00df jeder, dieser Mann ist schwul,<\/em><br \/>\n<em>pervers, verlaust und zoophil &#8211;<\/em><br \/>\n<em>Recep Fritzl Priklopil.<\/em><br \/>\n<em>Sein Kopf so leer wie seine Eier,<\/em><br \/>\n<em>der Star auf jeder Gangbang-Feier.<\/em><br \/>\n<em>Bis der Schwanz beim Pinkeln brennt,<\/em><br \/>\n<em>das ist Recep Erdogan, der t\u00fcrkische Pr\u00e4sident.<\/em><br \/>\n&#8230;.<br \/>\nGesamten Text vom 12.4.2016 bitte lesen auf<br \/>\n<a href=\"https:\/\/www.badische-zeitung.de\/deutschland-1\/boehmermann-vs-erdogan-wortlaut-und-kontext-des-geloeschten-gedichts--120693256.html\">https:\/\/www.badische-zeitung.de\/deutschland-1\/boehmermann-vs-erdogan-wortlaut-und-kontext-des-geloeschten-gedichts&#8211;120693256.html<br \/>\n<\/a>\u00a0 \u00a0.<br \/>\n<strong>B\u00f6hmermann-Stil: Straftat begehen, nur um zu zeigen, dass so etwas strafbar ist<\/strong><br \/>\nBl\u00f6der Vorwand, um jemanden zu beleidigen: &#8222;Man m\u00f6chte nur den Unterschied zwischen Satire und Schm\u00e4hkritik &#8211; was ja strafbar ist &#8211; verdeutlichen&#8220;. Ok, dann begehe ich einfach mal eine Straftat; um zu zeigen; dass diese Tat strafbar ist. Im Ernst, eine d\u00fcmmere Ausrede kann es kaum geben.<br \/>\n13.4.2016, T. Boran<br \/>\n.<br \/>\n<strong>Was daran Satire sein soll, ist mir schleierhaft<\/strong><br \/>\nIn Artikel 1 des Grundgesetzes hei\u00dft es: &#8222;Die W\u00fcrde des Menschen ist unantastbar&#8220;. Ich denke, das gilt f\u00fcr alle Menschen, egal welcher Hautfarbe, Nationalit\u00e4t oder Religion. Man muss nicht mit Erdogan einer Meinung sein, aber ihn, den Pr\u00e4sidenten eines gro\u00dfen und stolzen Landes, so \u00f6ffentlich mit einem niveaulosen und geschmacklosen Gedicht zu verunglimpfen, ist mehr als besch\u00e4mend. Was B\u00f6hmermanns Gedicht mit Satire zu tun haben soll, ist mir ebenso schleierhaft. Da macht sich jemand lustig auf alleruntersten Niveau. Selbst von einem Pubertierenden kann ich mehr erwarten. Sch\u00fcler sollen lernen, Anstand und Respekt vor dem anderen zu haben. Wenn das Schule macht und wir in Deutschland jetzt so miteinander umgehen, dann gute Nacht. B\u00f6hmermann hat die Grenzen des Erlaubten weit \u00fcberschritten. Ich denke, kein Leser m\u00f6chte so ein Gedicht \u00fcber sich selber h\u00f6ren. Das hat nichts mehr mit Meinungsfreiheit zu tun, sondern ist einfach nur beleidigend. V\u00f6llig zu Recht hat Herr B\u00f6hmermann die Strafanzeige bekommen, und vielleicht lernt er ja, seine Worte \u00f6ffentlich mehr abzuw\u00e4gen und nicht jeden M\u00fcll als Grenze der Satire zu deklarieren.<br \/>\n15.4.2016, Volker Gralher<br \/>\n.<br \/>\n<strong>Welch ein Niederringen von Stil und innerem Anstand<\/strong><br \/>\nDas ist keine gute Entwicklung, wozu Jan B\u00f6hmermann auf erb\u00e4rmliche Weise beitr\u00e4gt. Ehrenr\u00fchrig ist es nicht, wenn man dem t\u00fcrkischen Pr\u00e4sidenten nicht besonders nahesteht. Ihn aber auf eine solch heruntergekommene Weise zu beleidigen und ihn als Sodomisten (&#8222;Ziegenficker&#8220;) und P\u00e4dophilen zu beschimpfen, ist sch\u00e4big und gar nicht lachenswert. Der smart sich gebende, artig sich verbeugende und kokett noch darauf hinweisende &#8222;K\u00fcnstler&#8220;, dass dies in Deutschland nicht erlaubt sei, ist sich seiner Claque wohl sehr bewusst, und ein bewilligtes Forum beim NDR 3 wird seinem obsz\u00f6nen Hochmut Schubkraft vermittelt haben. Was B\u00f6hmermann hier absonderte, hat mit Satire oder gar Kunst nicht im Geringsten zu tun. Der Satire eigen ist eine gewisse Geistessch\u00e4rfe mit einer brillanten Zuspitzung auf Missst\u00e4nde oder bemerkenswertes Zeitgeschehen. Darum geht es B\u00f6hmermann aber gar nicht. Billiger, unreflektierter Applaus ist eine Gabe, die bei uns zunehmend s\u00fcchtig macht. Und wenn der Springer- Chef, Herr D\u00f6pfner, so etwas gelungen findet, blo\u00df weil der Inhalt in eine Art Gedicht gebracht wurde, hat er ein sich seitw\u00e4rts entwickelndes Verst\u00e4ndnis von Kunst und Kultur. Eine intellektuelle Differenz (in dieser Angelegenheit) vermochte ich bei B\u00f6hmermann als auch bei D\u00f6pfner nicht auszumachen. Eine vulg\u00e4re Beleidigung vermag ich jederzeit in gereimte Gedichtform zu bringen; wenn\u2019s sein muss, auch in ein Sonett. Dieses dann gleichwohl auf die H\u00f6he des Kunstwerks zu hieven, ist nicht Chuzpe, wie B\u00f6hmermann und D\u00f6pfner vielleicht meinen, sondern blo\u00dfe Entw\u00fcrdigungsabsicht. Welch ein Niederringen von Stil und innerem Anstand!<br \/>\n15.4.2016, Erich Moldenhauer, Hinterzarten, BO<br \/>\n.<br \/>\n<strong>(National-)Stolz bei Merkel und bei Erdogen<\/strong><br \/>\nAngela Merkel l\u00e4sst sich doch auch viel gefallen. Bezugnehmend auf eine Aussage von Pr\u00e4sident Erdogan zur Satire im Fernsehen (&#8222;Dies ist nicht Ihr Land, dies ist die T\u00fcrkei&#8220;), frage ich mich, warum wir nun dazu Stellung nehmen m\u00fcssen. Angela Merkel l\u00e4sst sich ein B\u00e4rtchen im Gesicht und andere Aussagen (Beschimpfung Merkels als &#8222;Schlampe&#8220; und ihre Darstellung als Hitler bei den Antisparpolitik-Protesten in Griechenland) gefallen. Wieso wird hier in keinem anderen Land das Gericht eingeschaltet. Dies geht nur in Deutschland.<br \/>\n15.4.2016, Frank Hallbaur, Weil am Rhein<br \/>\n.<br \/>\n<strong>B\u00f6hmermann-Trittbrettfahrer<\/strong><br \/>\n<em>Angeblich darf Satire ja &#8222;ALLES&#8220;. Entsteht nur noch die Frage, ob die Anw\u00fcrfe von Herrn B. \u00fcberhaupt noch &#8222;Satire&#8220; oder &#8222;Schm\u00e4h&#8220; oder beides sind oder gar nichts davon. Ich bin wirklich kein &#8222;Fan&#8220; von Herrn Erdogan, aber dieses &#8222;Gedicht&#8220; von Herrn B. ist e.k.e.l.e.r.r.e.g.e.n.d. Pfui. Unsere Regierung wird einen wahren Eiertanz wg. diesem @rsch-0 hinlegen m\u00fcssen.<\/em><br \/>\nSie verwenden ein beleidigendes Schimpfwort, das gegen die Netiquette verst\u00f6\u00dft, n\u00e4mlich Arschloch. Da sie sich f\u00fcr einen anst\u00e4ndigen Menschen halten, haben sie das Wort ein bisschen unkenntlich gemacht in @rsch-O. Ganz kreativ. Sie haben also B\u00f6hmermann als Arschloch bezeichnet und doch auch wieder nicht. Sie sind der kleine B\u00f6hmermann-Trittbrettfahrer. Aber Sie f\u00fchlen sich wahrscheinlich grandios. Das ist meistens so bei den Anst\u00e4ndigen, die sich ihrer schwarzen Seele nicht bewusst sind.<br \/>\n12.4.2016, Ursula Birgin<br \/>\n.<br \/>\n<strong>Erdogans Strafantrag ist ein Geschenk des Himmels<\/strong><br \/>\n&#8222;Man kann dem t\u00fcrkischen Pr\u00e4sidenten Recep Erdogan gar nicht dankbar genug sein f\u00fcr seinen Strafantrag gegen den ZDF-Satiriker Jan B\u00f6hmermann. Seit Monaten bombardiert der t\u00fcrkische Sultan die Kurden, heizt Minderheitenkonflikte an und unterdr\u00fcckt Dissidenz und Medien in seinem Land. (&#8230;) All das war der europ\u00e4ischen \u00d6ffentlich eher egal. (&#8230;) Nun aber richtet sich der Blick voll und ganz auf Erdogan und seinen von B\u00f6hmermann verlachten &#8222;kleinen Schwanz&#8220;. (&#8230;) Erdogans Strafantrag ist ein Geschenk des Himmels. Denn erstens muss der Herrscher nun hinabsteigen in den weltlichen Gerichtssaal, um mit dem Hofnarren \u00fcber die Gr\u00f6\u00dfe seiner Eier zu prozessieren. Zweitens wird die Justiz &#8211; in Kenntnis der europ\u00e4ischen Verfassung &#8211; B\u00f6hmermann glatt freisprechen m\u00fcssen&#8220; &#8230;. mehr vom &#8222;Falter&#8220; aus Wien vom 15.4.2016 auf<br \/>\n<a href=\"https:\/\/www.falter.at\/archiv\/FALTER_201604131EC47B0333\/sultan-gegen-hofnarr-wieso-der-prozess-fur-europa-wichtig-ist\">https:\/\/www.falter.at\/archiv\/FALTER_201604131EC47B0333\/sultan-gegen-hofnarr-wieso-der-prozess-fur-europa-wichtig-ist<br \/>\n<\/a>\u00a0 .<br \/>\n<strong>Schr\u00f6ders Merkel-Nazi-Vergleich stellt Erdogan blo\u00df<\/strong><br \/>\nEx-Familienministerin Kristina Schr\u00f6der h\u00e4lt sich mit Kritik an dem t\u00fcrkischen Pr\u00e4sidenten und dessen Verhalten nicht zur\u00fcck. &#8222;Denken Sie an Angela Merkel, wie oft sie als Nazi karikiert worden ist&#8220;, sagte die CDU-Abgeordnete dem Magazin &#8222;Stern&#8220;. Merkel k\u00e4me nie auf die Idee, Klage einzureichen &#8211; sie stehe einfach dr\u00fcber und zeigt ihre Souver\u00e4nit\u00e4t. &#8230;<br \/>\n&#8222;Ich habe das Gef\u00fchl, dass Erdogan permanent Kampfansagen an die vollst\u00e4ndige Integration macht&#8220;. Schr\u00f6der fragt sich, ob Erdogan \u00fcberhaupt m\u00f6chte, dass sich Muslime in Deutschland integrieren. So sei dessen Botschaft auf Wahlkampfveranstaltungen: &#8222;Der Pr\u00e4sident der T\u00fcrken in Deutschland und der t\u00fcrkischst\u00e4mmigen Deutschen bin immer noch ich.&#8220; Das sei hochproblematisch. &#8230; Alles vom 16.4.2016 bitte lesen auf<br \/>\n<a href=\"https:\/\/www.welt.de\/politik\/ausland\/article154421489\/Schroeders-Merkel-Nazi-Vergleich-stellt-Erdogan-bloss.html\">https:\/\/www.welt.de\/politik\/ausland\/article154421489\/Schroeders-Merkel-Nazi-Vergleich-stellt-Erdogan-bloss.html<br \/>\n<\/a><br \/>\n<strong>Zwei andere Erdogan-Ausspr\u00fcche sollte man ebenfalls nicht vergessen:<\/strong><br \/>\n&#8222;Wir sind jetzt die Weltmacht T\u00fcrkei&#8220; &#8211; vor einer von Ankara organisierten Konferenz von etwa 1500 Vertretern auslandst\u00fcrkischer Verb\u00e4nde vor einigen Jahren.<br \/>\n&#8222;Die T\u00fcrken in Deutschland sind Teil der Macht Ankaras&#8220; &#8211; Wahlkampfveranstaltung in Deutschland.<\/p>\n<p>.<br \/>\n<strong>Meinungsfreiheit: Unterschied zwischen \u201elinks\u201c und \u201erechts\u201c<\/strong><br \/>\nStellen Sie sich einmal vor, der Provokateur Akif Pirin\u00e7ci h\u00e4tte in Dresden bei einer Veranstaltung von sogenannten <a title=\"Pegida\" href=\"https:\/\/www.freiburg-schwarzwald.de\/blog\/global\/integration\/pegida\/\">Wutb\u00fcrgern<\/a> folgende Worte \u00fcber einen T\u00fcrken gesprochen: \u201eSein Gel\u00f6t stinkt schlimm nach D\u00f6ner, selbst ein Schweinefurz riecht sch\u00f6ner. Er ist der Mann, der M\u00e4dchen schl\u00e4gt und dabei Gummimasken tr\u00e4gt. Am liebsten mag er Ziegen ficken&#8230;.\u201c Da w\u00e4re aber was los gewesen. Entsetzen in den Tagesthemen. Claus Kleber den Tr\u00e4nen nah. Gro\u00dfalarm im deutschen Feuilleton. Ruf nach dem Staatsanwalt. Facebook-Sperrung. Das ganze Programm. Und das w\u00e4re auch nicht besonders verwunderlich gewesen. Schlie\u00dflich kann man dumpfes Ressentiment gegen T\u00fcrken kaum klarer aussprechen. Primitiver geht\u2019s ja gar nicht, sollte es wohl auch nicht. So klingt rassistische Hetze, da bei\u00dft die Maus keinen Faden ab. &#8230;.<br \/>\nZweierlei Maas bei der Zensur. Aber offenbar gibt es Unterschiede, wenn zwei das gleiche tun. K\u00f6nnte es daran liegen, dass Akif Pirin\u00e7ci (als Rechter) sich mit den Reich des B\u00f6sen eingelassen hat, w\u00e4hrend B\u00f6hmermann (als Linker) ganz im Gegenteil stets im \u201eKampf gegen Rechts\u201c die Fahne hoch gehalten hat? &#8230; Alles von Dirk Maxeiner vom 18.4.2016 bitte lesen auf<br \/>\n<a href=\"https:\/\/www.achgut.com\/artikel\/ich_gehe_jetzt_zum_pinkeln_aber_aus_anderen_gruenden\">https:\/\/www.achgut.com\/artikel\/ich_gehe_jetzt_zum_pinkeln_aber_aus_anderen_gruenden<\/a><\/p>\n","protected":false},"excerpt":{"rendered":"<p>Ein Straftat (Schm\u00e4hkritik gegen Erdogan) begehen, aber nur um zu demonstrieren, was strafbar ist &#8211; diese primitive Methode von Jan B\u00f6hmermann wirft Fragen auf: (1) Ist das Schm\u00e4hkritik-Gedicht rechtskonform (Meinungsfreiheit)? (2) Welches Niveau hat Satire als Kunst\u00a0in D? (3) Ist &hellip; <a href=\"https:\/\/www.freiburg-schwarzwald.de\/blog\/satire-schmaehkritik-erdogan\/\">Weiterlesen <span class=\"meta-nav\">&rarr;<\/span><\/a><\/p>\n","protected":false},"author":2,"featured_media":0,"comment_status":"open","ping_status":"closed","sticky":false,"template":"","format":"standard","meta":{"footnotes":""},"categories":[195,13,80,172],"tags":[485,392,301,438],"class_list":["post-60379","post","type-post","status-publish","format-standard","hentry","category-eu","category-kultur","category-medien","category-zukunft","tag-refugee","tag-kleinkunst","tag-culture","tag-zeitung"],"_links":{"self":[{"href":"https:\/\/www.freiburg-schwarzwald.de\/blog\/wp-json\/wp\/v2\/posts\/60379","targetHints":{"allow":["GET"]}}],"collection":[{"href":"https:\/\/www.freiburg-schwarzwald.de\/blog\/wp-json\/wp\/v2\/posts"}],"about":[{"href":"https:\/\/www.freiburg-schwarzwald.de\/blog\/wp-json\/wp\/v2\/types\/post"}],"author":[{"embeddable":true,"href":"https:\/\/www.freiburg-schwarzwald.de\/blog\/wp-json\/wp\/v2\/users\/2"}],"replies":[{"embeddable":true,"href":"https:\/\/www.freiburg-schwarzwald.de\/blog\/wp-json\/wp\/v2\/comments?post=60379"}],"version-history":[{"count":0,"href":"https:\/\/www.freiburg-schwarzwald.de\/blog\/wp-json\/wp\/v2\/posts\/60379\/revisions"}],"wp:attachment":[{"href":"https:\/\/www.freiburg-schwarzwald.de\/blog\/wp-json\/wp\/v2\/media?parent=60379"}],"wp:term":[{"taxonomy":"category","embeddable":true,"href":"https:\/\/www.freiburg-schwarzwald.de\/blog\/wp-json\/wp\/v2\/categories?post=60379"},{"taxonomy":"post_tag","embeddable":true,"href":"https:\/\/www.freiburg-schwarzwald.de\/blog\/wp-json\/wp\/v2\/tags?post=60379"}],"curies":[{"name":"wp","href":"https:\/\/api.w.org\/{rel}","templated":true}]}}