{"id":60359,"date":"2016-04-12T19:03:49","date_gmt":"2016-04-12T17:03:49","guid":{"rendered":"https:\/\/www.freiburg-schwarzwald.de\/blog\/?p=60359"},"modified":"2016-04-12T19:05:21","modified_gmt":"2016-04-12T17:05:21","slug":"unterwerfung-koeln-mann-frau","status":"publish","type":"post","link":"https:\/\/www.freiburg-schwarzwald.de\/blog\/unterwerfung-koeln-mann-frau\/","title":{"rendered":"Unterwerfung Koeln Mann Frau"},"content":{"rendered":"<p>Warum wurden in der Silvesternacht am <a title=\"Koeln-Silvester2015\" href=\"https:\/\/www.freiburg-schwarzwald.de\/blog\/global\/integration\/koeln-silvester2015\/\">K\u00f6lner Hauptbahnhof<\/a> rund tausend Frauen Opfer <a title=\"Vergewaltigung\" href=\"https:\/\/www.freiburg-schwarzwald.de\/blog\/selbsthilfe\/krise\/sexuellermissbrauch\/vergewaltigung\/\">sexueller Gewalt<\/a>? Nach Erkenntnissen von Bundesjustizminister Heiko Maas lag es weder an den <a title=\"Islam-Frauen\" href=\"https:\/\/www.freiburg-schwarzwald.de\/blog\/religion\/islam\/islam-frauen\/\">muslimischen<\/a> jungen <a title=\"Fluechtlinge2016\" href=\"https:\/\/www.freiburg-schwarzwald.de\/blog\/global\/integration\/fluechtlinge2016\/\">Fl\u00fcchtlingen<\/a> aus <a title=\"Maghreb\" href=\"https:\/\/www.freiburg-schwarzwald.de\/blog\/global\/maghreb\/\">arabischen L\u00e4ndern<\/a> noch an den zu aufreizend <a title=\"Verschleierung\" href=\"https:\/\/www.freiburg-schwarzwald.de\/blog\/religion\/islam\/verschleierung\/\">unverh\u00fcllten<\/a> jungen deutschen Frauen. Sondern an unserer sexistischen <a title=\"Werbung\" href=\"https:\/\/www.freiburg-schwarzwald.de\/blog\/business\/dienste\/werbung\/\">Werbebranche<\/a>, die mit Minirock, Busen und <a title=\"Erotik\" href=\"https:\/\/www.freiburg-schwarzwald.de\/blog\/selbsthilfe\/frauen\/erotik\/\">Erotik<\/a> kapitalistische <a title=\"Arm und Reich \u2013 Kapital Arbeit\" href=\"https:\/\/www.freiburg-schwarzwald.de\/blog\/arm-und-reich-kapital-arbeit\/\">Reklame<\/a> betreibt.<!--more--><\/p>\n<p>Schuld haben also nicht die T\u00e4ter bzw. ihre sexistische Vorbildung aus dem <a title=\"Islam-Opferrolle\" href=\"https:\/\/www.freiburg-schwarzwald.de\/blog\/religion\/islam\/islam-opferrolle\/\">islamischen Kulturkreis<\/a>, die ihnen die <a title=\"Frauenrechte\" href=\"https:\/\/www.freiburg-schwarzwald.de\/blog\/global\/integration\/frauenrechte\/\">Rechtlosigkeit der Frauen<\/a> anerzogen hat. Schuld haben auch nicht unsere emanzipierten M\u00e4dels. Schuld tr\u00e4gt laut Maas die Versautheit der deutschen Werbewirtschaft. Mit der Gesetzesvorlage nach weniger Erotik in der \u00d6ffentlichkeit (ist eine Arml\u00e4nge Rock unterm Knie keusch genug?) geht unser Justizministerium einen weiteren Schritt in Richtung einer <a title=\"Unterwerfung\" href=\"https:\/\/www.freiburg-schwarzwald.de\/blog\/religion\/islam\/unterwerfung\/\">&#8222;Unterwerfung&#8220;<\/a>, wie sie Michel Houellebecq in seinem Roman geschildert hat.<br \/>\n12.4.2016<br \/>\n.<br \/>\n<strong>Eine weitere Geste der kulturellen Unterwerfung<\/strong><br \/>\nJustizminister Maas will &#8222;diskriminierende&#8220; Werbung verbieten, damit sexuelle \u00dcbergriffe wie in K\u00f6ln nie mehr geschehen. Sollen also Models nun Burka tragen \u2013 oder nur Kopftuch wie Frau Erdogan? &#8230;. Als die armen Neub\u00fcrger aus dem Maghreb und dem Orient Knall auf Fall mit dieser Orgie der Unmoral konfrontiert wurden, konnten sie gar nicht anders. Schuld an sexueller Gewalt durch M\u00e4nner aus dem islamischen Kulturkreis sind also nicht die T\u00e4ter und auch nicht ihre sexistische Vorbildung von daheim \u2013 Schuld ist die Versautheit der deutschen Werbewirtschaft. Diesen bisher viel zu wenig erforschten Zusammenhang hat man im Justizministerium (unter Heiko Maas) herausgefunden, wo Fachkr\u00e4fte gerade eine Gesetzesnovelle gegen &#8222;geschlechterdiskriminierende Werbung&#8220; planen. &#8230;.<br \/>\nAlles vom 12.4.2016 bitte lesen auf<br \/>\n<a href=\"https:\/\/www.welt.de\/kultur\/article154234384\/Eine-weitere-Geste-der-kulturellen-Unterwerfung.html\">https:\/\/www.welt.de\/kultur\/article154234384\/Eine-weitere-Geste-der-kulturellen-Unterwerfung.html<\/a><br \/>\n.<br \/>\nWenn ich Herrn Maas sehe, muss ich unwilk\u00fcrlich an das deutsche Volkslied &#8222;Ein M\u00e4nnlein steht im Walde&#8220; denken. Mit solchen Politikern ist Deutschland verloren.<br \/>\n&#8222;Die SPD ist nicht mehr die Partei f\u00fcr Arbeiter, sie ist nur noch die Partei f\u00fcr Sozialarbeiter&#8220;.<br \/>\n.<br \/>\n<strong>SPD-Ideologie und Islam-Religion passen gut zusammen<\/strong><br \/>\nIch glaube nicht dass es um Unterwerfung geht. Vielmehr sehe ich die uebliche Tendenz aller Ideologen ihre Vorstellungen mit Zwang durchzusetzen. Das hat mit der Kampagne gegen Hass im Netz angefangen. Damals hat aber niemand gefragt wieso wir Facebook und irgendwelchen Stiftungen aus dem Umfeld von SPD und Gruenen die Entscheidung ueberlassen sollten darueber was denn nun genau einen Hasskommentar ausmacht und was nicht. Jetzt kommt der naechste Versuch die Gesellschaft von schlechten Einfluessen zu reinigen. Hier will der Maas gleich zwei Fliegen mit einer Klappe schlagen: auf der einen Seite hilft er den Femministen- und Genderideologen; auf der anderen tut er was fuer die Migrantenversteherfraktion. Wer diese SPD der Maas, der Stegners, der Nahles, der Oppermanns usw waehlt der wird staatliche Gaengelung bis zum Abwinken kriegen&#8230; und zwar alles im Namen von Moral und Anstand. Und das passt ja sowieso ganz gut zu den Verhaeltnissen in der islamischen Welt. Nur halt, dass die SPD nicht in der Moschee, sondern in der Gendervorlesung &#8218;betet&#8216; und dass nicht der Imam, sondern der selbsternannte Gender- und Antirassismusexperte die Vorgaben macht.<br \/>\n12.4.2015, Ferdinand<\/p>\n<p><strong>Demn\u00e4chst Bikiniverbot?<\/strong><br \/>\nWas kommt als N\u00e4chstes? Ein Bikiniverbot? Das verpflichtende Tragen von Burkinis f\u00fcr alle, damit die Gef\u00fchle von Minderheiten nicht verletzt werden? Wohin die Reise wirklich geht, macht das Gesetz von Maas in erschreckender Weise deutlich. Nicht die Neuank\u00f6mmlinge m\u00fcsse sich anpassen und umgew\u00f6hnen &#8211; nein, es ist die hier lebende Bev\u00f6lkerung, die ihren &#8222;Integrationsbeitrag&#8220; zu leisten hat.<br \/>\n12.4.2016, Frahm<\/p>\n<p><strong>Zuwanderung und Feminismus als Moralw\u00e4chter<\/strong><br \/>\nEs geht nicht nur um die Zuwanderer. Es sind vor allem <a title=\"Feminismus\" href=\"https:\/\/www.freiburg-schwarzwald.de\/blog\/selbsthilfe\/frauen\/feminismus\/\">Feministinnen<\/a> und sonstige Moral- und Tugendw\u00e4chter, denen hier die m\u00fchsam erk\u00e4mpfte Freiheit geopfert werden soll. Wehret den Anf\u00e4ngen!<br \/>\nHerr Maas ist durch und durch ein Ideologe&#8230;Die SPD wird durch solche Typen zu einer Verbotspartei. Was jahrzehntelang keinen gest\u00f6rt hat,soll nun verboten werden. Dies ist ja eine Art Unterwerfung gegen neue G\u00e4ste aus anderen Kulturkreisen.<br \/>\n12.4.2016, Sandra Ruggeri<br \/>\n.<br \/>\n&#8222;Deshalb wurden und werden doch Frauen nicht an jeder Ecke sexuell bel\u00e4stigt.&#8220; Genau das ist der Punkt! Derartige massive Bel\u00e4stigungen gab es vor Silvester nicht, diese Werbung aber schon. Es bestand also bei der bisherigen m\u00e4nnlichen Bev\u00f6lkerung keine Kausalit\u00e4t zwischen dieser Werbung und etwaigen Bel\u00e4stigungen. Jetzt aber hat sich die Struktur der m\u00e4nnlichen Bev\u00f6lkerung ge\u00e4ndert und die Bel\u00e4stigungen nehmen zu &#8211; wie K\u00f6ln zeigt, sogar bis zum Exzess. Das ist inakzeptabel, nicht jedoch diese Werbung, die es bereits vorher schon gab.<br \/>\n12.4.2016, Hugo Bat<br \/>\n.<br \/>\n<strong>&#8222;Eine weitere Geste der kulturellen Unterwerfung&#8220;<\/strong><br \/>\nWir haben es geschaft in den letzten Jahrzehnten eine offene Gesellschaft zu erlangen. In den letzten Jahren werden alle Errungenschaften zur\u00fcckgeschraubt und wir erleben wieder eine Diktatur von Oben. Alles wird geregelt\/verboten. Unfassbar, was hier passiert!<br \/>\nF\u00fcr &#8222;wehret den Anf\u00e4ngen&#8220; ist es mittlerweile zu sp\u00e4t! Wir haben eine blanke Meinungsdiktatur &#8211; wenn Politiker gegen Volksabstimmungen mit dem &#8222;Argument&#8220; kommen, dass dadurch der Bestand der EU gef\u00e4hrdet w\u00e4re, weis man eigentlich schon, woran man ist&#8230;.ein Tipp: Mit Demokratie hat das nichts mehr zu tun!<br \/>\nFrei nach houellebecqs Unterwerfung werden wir bald erleben, dass den Frauen hier zu Lande nahe gelegt wird, sich z\u00fcchtig zu kleiden, sei es aus R\u00fccksicht oder im Sinne &#8222;einer Arml\u00e4nge Abstand&#8220; zum Eigenschutz.<br \/>\n12.4.2016, Tester<\/p>\n","protected":false},"excerpt":{"rendered":"<p>Warum wurden in der Silvesternacht am K\u00f6lner Hauptbahnhof rund tausend Frauen Opfer sexueller Gewalt? Nach Erkenntnissen von Bundesjustizminister Heiko Maas lag es weder an den muslimischen jungen Fl\u00fcchtlingen aus arabischen L\u00e4ndern noch an den zu aufreizend unverh\u00fcllten jungen deutschen Frauen. &hellip; <a href=\"https:\/\/www.freiburg-schwarzwald.de\/blog\/unterwerfung-koeln-mann-frau\/\">Weiterlesen <span class=\"meta-nav\">&rarr;<\/span><\/a><\/p>\n","protected":false},"author":2,"featured_media":0,"comment_status":"open","ping_status":"closed","sticky":false,"template":"","format":"standard","meta":{"footnotes":""},"categories":[59,162,13,19,65],"tags":[],"class_list":["post-60359","post","type-post","status-publish","format-standard","hentry","category-frauen","category-internet","category-kultur","category-religion","category-sexuellermissbrauch"],"_links":{"self":[{"href":"https:\/\/www.freiburg-schwarzwald.de\/blog\/wp-json\/wp\/v2\/posts\/60359","targetHints":{"allow":["GET"]}}],"collection":[{"href":"https:\/\/www.freiburg-schwarzwald.de\/blog\/wp-json\/wp\/v2\/posts"}],"about":[{"href":"https:\/\/www.freiburg-schwarzwald.de\/blog\/wp-json\/wp\/v2\/types\/post"}],"author":[{"embeddable":true,"href":"https:\/\/www.freiburg-schwarzwald.de\/blog\/wp-json\/wp\/v2\/users\/2"}],"replies":[{"embeddable":true,"href":"https:\/\/www.freiburg-schwarzwald.de\/blog\/wp-json\/wp\/v2\/comments?post=60359"}],"version-history":[{"count":0,"href":"https:\/\/www.freiburg-schwarzwald.de\/blog\/wp-json\/wp\/v2\/posts\/60359\/revisions"}],"wp:attachment":[{"href":"https:\/\/www.freiburg-schwarzwald.de\/blog\/wp-json\/wp\/v2\/media?parent=60359"}],"wp:term":[{"taxonomy":"category","embeddable":true,"href":"https:\/\/www.freiburg-schwarzwald.de\/blog\/wp-json\/wp\/v2\/categories?post=60359"},{"taxonomy":"post_tag","embeddable":true,"href":"https:\/\/www.freiburg-schwarzwald.de\/blog\/wp-json\/wp\/v2\/tags?post=60359"}],"curies":[{"name":"wp","href":"https:\/\/api.w.org\/{rel}","templated":true}]}}