{"id":6034,"date":"2012-06-30T09:53:33","date_gmt":"2012-06-30T09:53:33","guid":{"rendered":"https:\/\/www.freiburg-schwarzwald.de\/blog\/?p=6034"},"modified":"2012-06-30T09:59:42","modified_gmt":"2012-06-30T09:59:42","slug":"biogas-energielandwirte-treiben-preise-fur-ackerland-nach-oben","status":"publish","type":"post","link":"https:\/\/www.freiburg-schwarzwald.de\/blog\/biogas-energielandwirte-treiben-preise-fur-ackerland-nach-oben\/","title":{"rendered":"Biogas-Energielandwirte treiben Preise f\u00fcr Ackerland nach oben"},"content":{"rendered":"<p>Mit staatlich garantierter Verg\u00fctung f\u00fcr den Strom, den eine <a title=\"Biogas\" href=\"https:\/\/www.freiburg-schwarzwald.de\/blog\/energie\/biomasse\/biogas\/\">Biogasanlage<\/a> liefert, kann sich ein Landwirt vom Auf und Ab der Preise f\u00fcr Weizen oder Milch l\u00f6sen. Wenig \u00fcberraschend, dass die Zahl der Anlagen in den vergangenen Jahren drastisch gestiegen ist und mit ihnen der Hunger der Energielandwirte nach Fl\u00e4che.\u00a0&#8230;Bislang seien Pachtpreise von 200 Euro pro Hektar und Jahr \u00fcblich gewesen. Die &#8222;Biogasler&#8220;, wie er die Konkurrenz nennt, w\u00fcrden mitunter 400 bis 500 Euro bieten. Alles vom 30.6.2012 bitte lesen auf<br \/>\n<a href=\"https:\/\/www.badische-zeitung.de\/nachrichten\/wirtschaft\/biogas-heizt-kampf-um-pachtland-im-suedwesten-an--61157060.html\">https:\/\/www.badische-zeitung.de\/nachrichten\/wirtschaft\/biogas-heizt-kampf-um-pachtland-im-suedwesten-an&#8211;61157060.html<\/a>\u00a0<!--more--><\/p>\n<p><strong>Agroenergie statt Bioenergie w\u00e4re ehrlicher<\/strong><br \/>\ninwandfrei, gut f\u00fcr die Umwelt, den Menschen &#8211; einfach sauber. Ich denke, hier ist der Begriff Agroenergie angebracht. Die Verdr\u00e4ngung von landwirtschaftlichen Nutz-Anbaufl\u00e4chen durch Pflanzen f\u00fcr sog. &#8218;Bioenergie&#8216; geschieht nicht nur hier im S\u00fcdwesten oder in Norddeutschland, sondern vor allem in Brasilien, die der Hauptexporteur f\u00fcr die Agroenergiemasse sind &#8211; die Bundesrepublik ist der Hauptabnehmer.<br \/>\nChristiane Sieverling, 30.6.2012<\/p>\n<p><strong>Ackerfl\u00e4che sechsmal so gross wie Deutschland?<\/strong><br \/>\nDie fl\u00e4chennormierte Gesamtdurchschnittsleistung Deutschlands sind 1,2 Watt\/qm. Wir br\u00e4uchten also 6 mal Deutschland komplett als Acker, um unseren Energiebedarf mittels Biogas zu decken. Oder mit Deutschland zu 50% voller Energiepflanzen kommen wir dann auf 8,3% AnTeil des Biogases am Gesamtenergiebedarf. Nischenprodukt oder gef\u00e4hrliche Sackgasse.\u00a0Ich g\u00f6nn den Landwirten die Einnahmen, aber da l\u00e4uft was geh\u00f6rig schief.<br \/>\nMartin Rotzinger, 29.6.2012<\/p>\n","protected":false},"excerpt":{"rendered":"<p>Mit staatlich garantierter Verg\u00fctung f\u00fcr den Strom, den eine Biogasanlage liefert, kann sich ein Landwirt vom Auf und Ab der Preise f\u00fcr Weizen oder Milch l\u00f6sen. Wenig \u00fcberraschend, dass die Zahl der Anlagen in den vergangenen Jahren drastisch gestiegen ist &hellip; <a href=\"https:\/\/www.freiburg-schwarzwald.de\/blog\/biogas-energielandwirte-treiben-preise-fur-ackerland-nach-oben\/\">Weiterlesen <span class=\"meta-nav\">&rarr;<\/span><\/a><\/p>\n","protected":false},"author":2,"featured_media":0,"comment_status":"open","ping_status":"closed","sticky":false,"template":"","format":"standard","meta":{"footnotes":""},"categories":[131,201],"tags":[282],"class_list":["post-6034","post","type-post","status-publish","format-standard","hentry","category-biomasse","category-landwirt","tag-biogas"],"_links":{"self":[{"href":"https:\/\/www.freiburg-schwarzwald.de\/blog\/wp-json\/wp\/v2\/posts\/6034","targetHints":{"allow":["GET"]}}],"collection":[{"href":"https:\/\/www.freiburg-schwarzwald.de\/blog\/wp-json\/wp\/v2\/posts"}],"about":[{"href":"https:\/\/www.freiburg-schwarzwald.de\/blog\/wp-json\/wp\/v2\/types\/post"}],"author":[{"embeddable":true,"href":"https:\/\/www.freiburg-schwarzwald.de\/blog\/wp-json\/wp\/v2\/users\/2"}],"replies":[{"embeddable":true,"href":"https:\/\/www.freiburg-schwarzwald.de\/blog\/wp-json\/wp\/v2\/comments?post=6034"}],"version-history":[{"count":0,"href":"https:\/\/www.freiburg-schwarzwald.de\/blog\/wp-json\/wp\/v2\/posts\/6034\/revisions"}],"wp:attachment":[{"href":"https:\/\/www.freiburg-schwarzwald.de\/blog\/wp-json\/wp\/v2\/media?parent=6034"}],"wp:term":[{"taxonomy":"category","embeddable":true,"href":"https:\/\/www.freiburg-schwarzwald.de\/blog\/wp-json\/wp\/v2\/categories?post=6034"},{"taxonomy":"post_tag","embeddable":true,"href":"https:\/\/www.freiburg-schwarzwald.de\/blog\/wp-json\/wp\/v2\/tags?post=6034"}],"curies":[{"name":"wp","href":"https:\/\/api.w.org\/{rel}","templated":true}]}}