{"id":60328,"date":"2016-04-09T16:19:59","date_gmt":"2016-04-09T14:19:59","guid":{"rendered":"https:\/\/www.freiburg-schwarzwald.de\/blog\/?p=60328"},"modified":"2016-04-09T16:22:12","modified_gmt":"2016-04-09T14:22:12","slug":"afd-als-opposition-ueberfordert","status":"publish","type":"post","link":"https:\/\/www.freiburg-schwarzwald.de\/blog\/afd-als-opposition-ueberfordert\/","title":{"rendered":"AfD als Opposition ueberfordert"},"content":{"rendered":"<p>Die <a title=\"AfD\" href=\"https:\/\/www.freiburg-schwarzwald.de\/blog\/vereine\/partei\/afd\/\">AfD<\/a> ist Sammelbecken all derer, die mit der <a title=\"Wir-schaffen-das\" href=\"https:\/\/www.freiburg-schwarzwald.de\/blog\/global\/migration\/wir-schaffen-das\/\">Fl\u00fcchtlingspolitik<\/a> der erweiterten <a title=\"Merkelismus\" href=\"https:\/\/www.freiburg-schwarzwald.de\/blog\/engagement\/zukunft\/demokratie\/merkelismus\/\">Merkel<\/a>-GroKo CDU-SPD-<a title=\"Gruene\" href=\"https:\/\/www.freiburg-schwarzwald.de\/blog\/vereine\/partei\/gruene\/\">Gr\u00fcne<\/a>-Linke nicht einverstanden sind. Dies sind (je nach <a title=\"Fluechtlinge\" href=\"https:\/\/www.freiburg-schwarzwald.de\/blog\/global\/integration\/fluechtlinge\/\">Umfrage<\/a>) zwischen <a title=\"Migration-Maenner\" href=\"https:\/\/www.freiburg-schwarzwald.de\/blog\/global\/migration\/migration-maenner\/\">50% und 60%<\/a> der Deutschen. Damit ist die AfD \u00fcberfordert, zumal dieser <a title=\"Partei\" href=\"https:\/\/www.freiburg-schwarzwald.de\/blog\/vereine\/partei\/\">Partei<\/a> nach dem <a title=\"Diskussionskultur\" href=\"https:\/\/www.freiburg-schwarzwald.de\/blog\/kultur\/medien\/diskussionskultur\/\">eleganten<\/a> <a title=\"Links\" href=\"https:\/\/www.freiburg-schwarzwald.de\/blog\/engagement\/zukunft\/demokratie\/links\/\">Linksrutsch<\/a> von <a title=\"Gesinnungsethik\" href=\"https:\/\/www.freiburg-schwarzwald.de\/blog\/engagement\/zukunft\/demokratie\/gesinnungsethik\/\">Merkel<\/a> praktisch das <a title=\"Opposition\" href=\"https:\/\/www.freiburg-schwarzwald.de\/blog\/engagement\/zukunft\/demokratie\/opposition\/\">Oppositions<\/a>-Monopol zukommt. Die derzeitige Zusammensetzung des <a title=\"Rechtsstaat\" href=\"https:\/\/www.freiburg-schwarzwald.de\/blog\/selbsthilfe\/soziales\/justiz\/rechtsstaat\/\">Bundestags<\/a> <!--more-->spiegelt den Willen der B\u00fcrger nicht mehr wider, das Parteiengef\u00fcge repr\u00e4sentiert das Volk als Souver\u00e4n unserer <a title=\"Demokratie\" href=\"https:\/\/www.freiburg-schwarzwald.de\/blog\/engagement\/zukunft\/demokratie\/\">Demokratie<\/a> nur noch verzerrt. <!--more-->\u00a0 .<br \/>\nSo sieht auch Wolfgang J\u00e4ger das Parteiengef\u00fcge als gest\u00f6rt an: &#8222;Niemand erwartet, dass die politischen Parteien geliebt werden. Schlie\u00dflich sind sie der wichtigste Ort des politischen Streits in einer Demokratie. Aber sie bilden das notwendige Scharnier zwischen der Gesellschaft und den Verfassungsinstitutionen. Hier werden im Ringen um das Gemeinwohl gesellschaftliche Konflikte in staatliches Handeln transformiert. Wenn die Parteien bei der Aufgabe versagen, die in der Gesellschaft artikulierten Anliegen aufzunehmen, \u00e4ndert sich das Parteiensystem. Parteien schwinden oder verschwinden, neue entstehen. Die j\u00fcngsten Landtagswahlen legen von solchen Repr\u00e4sentationsdefiziten ein beredtes Zeugnis ab.&#8220;<br \/>\nWilfried Kretschmann sagte nach der Landtagswahl vom 13.3.2016, mit allen demokratischen Parteien au\u00dfer der AfD Sondierungsgespr\u00e4che zu f\u00fchren und warnte vor &#8222;parteitaktischen Spielen&#8220;. Diese beiden Statements des Ministerpr\u00e4sidenten wertete Wolfgang J\u00e4ger mit einem deutlichen &#8222;weise war es nicht&#8220;:<br \/>\nZum einen ist die AfD eine demokratische Partei wie alle anderen Parteien auch (siehe unten Verfassungsschutzpr\u00e4sident Maa\u00dfen). Was der Gr\u00fcnen-Chef hier mit der AfD veranstaltet, ist demokratiesch\u00e4dlich und zudem arrogant.<br \/>\nZum anderen sind Parteitaktik, politischer Streit, harte Diskussion sowie bei\u00dfende Opposition doch gerade Merkmale einer gesunden Demokratie. J\u00e4ger formuliert es treffend: &#8222;Auseinandersetzungen finden nicht nur zwischen den Parteien statt, sondern auch innerhalb der Parteien, wo es personal- und sachpolitisch immer brodelt. Parteif\u00fchrer m\u00fcssen sich legitimieren, gegen\u00fcber den Mitgliedern, den W\u00e4hlern und der \u00d6ffentlichkeit. Vor allem gilt dies nach Wahlniederlagen. Was als parteitaktisches Spiel erscheint, mag in Wirklichkeit ein schwieriges Unterfangen sein, an der Gestaltung des politischen Willens kompromissbereit mitzuwirken und die Partei auf allen Ebenen daf\u00fcr zu motivieren. Solche Vorg\u00e4nge sind das Tagesgesch\u00e4ft der politischen Parteien. Dies mit dem Begriff der &#8222;parteitaktischen Spiele&#8220; herabzusetzen, hei\u00dft der ohnehin verbreiteten Politikverdrossenheit weiterhin Vorschub zu leisten.&#8220;<br \/>\n9.4.2016<br \/>\n.<br \/>\nWolfgang J\u00e4ger (ehem. Rektor der Uni Freiburg): Parteien &#8211; der wichtigste Ort des politischen Streits, 9.4.2016<br \/>\n<a href=\"https:\/\/www.badische-zeitung.de\/kolumnen-sonstige\/der-wichtigste-ort-des-politischen-streits--120566966.html\">https:\/\/www.badische-zeitung.de\/kolumnen-sonstige\/der-wichtigste-ort-des-politischen-streits&#8211;120566966.html<br \/>\n<\/a>\u00a0 \u00a0.<br \/>\n<strong>AfD keine rechtsextremistische Partei<\/strong><br \/>\nDer Pr\u00e4sident des Bundesamts f\u00fcr Verfassungsschutz, Hans-Georg Maa\u00dfen, sieht keinen Anlass, Politiker der Alternative f\u00fcr Deutschland (AfD) \u00fcberwachen zu lassen. &#8222;Die AfD ist aus unserer Sicht derzeit keine rechtsextremistische Partei&#8220;, 9.4.2016<br \/>\n<a href=\"https:\/\/www.welt.de\/politik\/deutschland\/article154166752\/AfD-ist-keine-rechtsextremistische-Partei.html\">https:\/\/www.welt.de\/politik\/deutschland\/article154166752\/AfD-ist-keine-rechtsextremistische-Partei.html<br \/>\n<\/a>\u00a0 .<br \/>\nMeine G\u00fcte. Jetzt soll wohl alles \u00fcberwacht werden, was nicht der &#8222;alternativlosen&#8220; Politik der etablierten Parteien entspricht. Wo haben diese alternativlosen Leute Demokratie gelernt?<\/p>\n","protected":false},"excerpt":{"rendered":"<p>Die AfD ist Sammelbecken all derer, die mit der Fl\u00fcchtlingspolitik der erweiterten Merkel-GroKo CDU-SPD-Gr\u00fcne-Linke nicht einverstanden sind. Dies sind (je nach Umfrage) zwischen 50% und 60% der Deutschen. Damit ist die AfD \u00fcberfordert, zumal dieser Partei nach dem eleganten Linksrutsch &hellip; <a href=\"https:\/\/www.freiburg-schwarzwald.de\/blog\/afd-als-opposition-ueberfordert\/\">Weiterlesen <span class=\"meta-nav\">&rarr;<\/span><\/a><\/p>\n","protected":false},"author":2,"featured_media":0,"comment_status":"open","ping_status":"closed","sticky":false,"template":"","format":"standard","meta":{"footnotes":""},"categories":[18,195,13,157,9],"tags":[71,633,626,631],"class_list":["post-60328","post","type-post","status-publish","format-standard","hentry","category-bildung","category-eu","category-kultur","category-oeffentlicher-raum","category-soziales","tag-burgerentscheid","tag-demokratie","tag-partei","tag-staat"],"_links":{"self":[{"href":"https:\/\/www.freiburg-schwarzwald.de\/blog\/wp-json\/wp\/v2\/posts\/60328","targetHints":{"allow":["GET"]}}],"collection":[{"href":"https:\/\/www.freiburg-schwarzwald.de\/blog\/wp-json\/wp\/v2\/posts"}],"about":[{"href":"https:\/\/www.freiburg-schwarzwald.de\/blog\/wp-json\/wp\/v2\/types\/post"}],"author":[{"embeddable":true,"href":"https:\/\/www.freiburg-schwarzwald.de\/blog\/wp-json\/wp\/v2\/users\/2"}],"replies":[{"embeddable":true,"href":"https:\/\/www.freiburg-schwarzwald.de\/blog\/wp-json\/wp\/v2\/comments?post=60328"}],"version-history":[{"count":0,"href":"https:\/\/www.freiburg-schwarzwald.de\/blog\/wp-json\/wp\/v2\/posts\/60328\/revisions"}],"wp:attachment":[{"href":"https:\/\/www.freiburg-schwarzwald.de\/blog\/wp-json\/wp\/v2\/media?parent=60328"}],"wp:term":[{"taxonomy":"category","embeddable":true,"href":"https:\/\/www.freiburg-schwarzwald.de\/blog\/wp-json\/wp\/v2\/categories?post=60328"},{"taxonomy":"post_tag","embeddable":true,"href":"https:\/\/www.freiburg-schwarzwald.de\/blog\/wp-json\/wp\/v2\/tags?post=60328"}],"curies":[{"name":"wp","href":"https:\/\/api.w.org\/{rel}","templated":true}]}}