{"id":60141,"date":"2016-03-22T13:42:02","date_gmt":"2016-03-22T12:42:02","guid":{"rendered":"https:\/\/www.freiburg-schwarzwald.de\/blog\/?p=60141"},"modified":"2016-03-22T13:43:06","modified_gmt":"2016-03-22T12:43:06","slug":"caritaswerkstaetten-onlineshop","status":"publish","type":"post","link":"https:\/\/www.freiburg-schwarzwald.de\/blog\/caritaswerkstaetten-onlineshop\/","title":{"rendered":"Caritaswerkstaetten Onlineshop"},"content":{"rendered":"<p>Der Onlineshop des <a title=\"Caritas\" href=\"https:\/\/www.freiburg-schwarzwald.de\/blog\/religion\/kirchen\/caritas\/\">Caritasverbandes<\/a> Freiburg-Stadt ist\u00a0er\u00f6ffnet.\u00a0Gebrauchtwaren aus dem <a title=\"SecondHand\" href=\"https:\/\/www.freiburg-schwarzwald.de\/blog\/business\/handel\/secondhand\/\">Secondhand-Kaufhaus Fairkauf<\/a> sowie neue Produkte aus den <a title=\"Caritaswerkstaetten\" href=\"https:\/\/www.freiburg-schwarzwald.de\/blog\/religion\/kirchen\/caritas\/caritaswerkstaetten\/\">Caritaswerkst\u00e4tten<\/a> f\u00fcr Menschen mit <a title=\"Behinderung\" href=\"https:\/\/www.freiburg-schwarzwald.de\/blog\/selbsthilfe\/behinderung\/\">Behinderung<\/a> oder <a title=\"Psyche\" href=\"https:\/\/www.freiburg-schwarzwald.de\/blog\/selbsthilfe\/psyche\/\">psychischer Erkrankung<\/a> sind ab sofort auch im <a title=\"Online-Handel\" href=\"https:\/\/www.freiburg-schwarzwald.de\/blog\/business\/handel\/online-handel\/\">Internet<\/a> erh\u00e4ltlich. Unter dem Motto \u201eGutes kaufen und Gutes tun!\u201c finden Interessierte auf der Seite <a href=\"https:\/\/www.caritas-freiburg.de\/shop\">www.caritas-freiburg.de\/shop<\/a>\u00a0ausgew\u00e4hlte Einzelst\u00fccke<!--more--> aus dem Angebot des Fairkaufs Freiburg \u2013 beispielsweise B\u00fccher, Hausrat, Kuriosit\u00e4ten und k\u00fcnstlerisch aufgewertete Unikate.<br \/>\nDie Neuwaren, z. B. Bonbons \u201eOmas Gutsele\u201c, Wein, Korbwaren und Wanduhren, kommen ausschlie\u00dflich aus der Produktion der Caritaswerkst\u00e4tten St. Georg. \u201eWir haben uns entschlossen, bei der Vermarktung unserer Produkte neue Wege zu beschreiten um auch neue K\u00e4uferkreise zu erreichen. Und Stammkunden k\u00f6nnen jetzt einfach online bestellen, wenn sie m\u00f6chten\u201c, so Gerhard Wienandts, stellvertretender Leiter der Abteilung Arbeit und Berufliche Kompetenzen.<br \/>\nDer Verkauf der Gebrauchtwaren erg\u00e4nzt das Gesch\u00e4ft im Secondhand-Kaufhaus <a title=\"Fairkauf Langzeitarbeitslose NIL\" href=\"https:\/\/www.freiburg-schwarzwald.de\/blog\/fairkauf-langzeitarbeitslose-nil\/\">Fairkauf<\/a> im Freiburger Industriegebiet Haid. Die Produkte aus den Werkst\u00e4tten werden neben dem Onlineshop weiterhin auf regionalen Messen und M\u00e4rkten sowie in den verbandseigenen drei \u201eL\u00e4dele\u201c angeboten.<\/p>\n<p>22.03.2016<\/p>\n","protected":false},"excerpt":{"rendered":"<p>Der Onlineshop des Caritasverbandes Freiburg-Stadt ist\u00a0er\u00f6ffnet.\u00a0Gebrauchtwaren aus dem Secondhand-Kaufhaus Fairkauf sowie neue Produkte aus den Caritaswerkst\u00e4tten f\u00fcr Menschen mit Behinderung oder psychischer Erkrankung sind ab sofort auch im Internet erh\u00e4ltlich. Unter dem Motto \u201eGutes kaufen und Gutes tun!\u201c finden Interessierte &hellip; <a href=\"https:\/\/www.freiburg-schwarzwald.de\/blog\/caritaswerkstaetten-onlineshop\/\">Weiterlesen <span class=\"meta-nav\">&rarr;<\/span><\/a><\/p>\n","protected":false},"author":2,"featured_media":0,"comment_status":"open","ping_status":"closed","sticky":false,"template":"","format":"standard","meta":{"footnotes":""},"categories":[56,197,23,64],"tags":[730,589,383,87,388,545],"class_list":["post-60141","post","type-post","status-publish","format-standard","hentry","category-behinderung","category-caritas","category-handel","category-psyche","tag-caritas","tag-fair","tag-laden","tag-lokal-handeln","tag-social","tag-www"],"_links":{"self":[{"href":"https:\/\/www.freiburg-schwarzwald.de\/blog\/wp-json\/wp\/v2\/posts\/60141","targetHints":{"allow":["GET"]}}],"collection":[{"href":"https:\/\/www.freiburg-schwarzwald.de\/blog\/wp-json\/wp\/v2\/posts"}],"about":[{"href":"https:\/\/www.freiburg-schwarzwald.de\/blog\/wp-json\/wp\/v2\/types\/post"}],"author":[{"embeddable":true,"href":"https:\/\/www.freiburg-schwarzwald.de\/blog\/wp-json\/wp\/v2\/users\/2"}],"replies":[{"embeddable":true,"href":"https:\/\/www.freiburg-schwarzwald.de\/blog\/wp-json\/wp\/v2\/comments?post=60141"}],"version-history":[{"count":0,"href":"https:\/\/www.freiburg-schwarzwald.de\/blog\/wp-json\/wp\/v2\/posts\/60141\/revisions"}],"wp:attachment":[{"href":"https:\/\/www.freiburg-schwarzwald.de\/blog\/wp-json\/wp\/v2\/media?parent=60141"}],"wp:term":[{"taxonomy":"category","embeddable":true,"href":"https:\/\/www.freiburg-schwarzwald.de\/blog\/wp-json\/wp\/v2\/categories?post=60141"},{"taxonomy":"post_tag","embeddable":true,"href":"https:\/\/www.freiburg-schwarzwald.de\/blog\/wp-json\/wp\/v2\/tags?post=60141"}],"curies":[{"name":"wp","href":"https:\/\/api.w.org\/{rel}","templated":true}]}}