{"id":59972,"date":"2016-03-16T20:44:35","date_gmt":"2016-03-16T19:44:35","guid":{"rendered":"https:\/\/www.freiburg-schwarzwald.de\/blog\/?p=59972"},"modified":"2016-07-24T22:10:05","modified_gmt":"2016-07-24T20:10:05","slug":"afd-waehler-angst-dummheit","status":"publish","type":"post","link":"https:\/\/www.freiburg-schwarzwald.de\/blog\/afd-waehler-angst-dummheit\/","title":{"rendered":"Afd-Waehler &#8211; Angst Dummheit"},"content":{"rendered":"<p><a title=\"AfD\" href=\"https:\/\/www.freiburg-schwarzwald.de\/blog\/vereine\/partei\/afd\/\">AfD-W\u00e4hler<\/a> sind <a title=\"Angst\" href=\"https:\/\/www.freiburg-schwarzwald.de\/blog\/engagement\/zukunft\/angst\/\">\u00fcber\u00e4ngstlich<\/a>, <a title=\"Dummheit\" href=\"https:\/\/www.freiburg-schwarzwald.de\/blog\/engagement\/zukunft\/dummheit\/\">dumm<\/a> und verf\u00fchrbar, alle anderen sind\u00a0<a title=\"Demokratie\" href=\"https:\/\/www.freiburg-schwarzwald.de\/blog\/engagement\/zukunft\/demokratie\/\">rationale Entscheider<\/a>. Diese <a title=\"Wahlen2016\" href=\"https:\/\/www.freiburg-schwarzwald.de\/blog\/engagement\/zukunft\/demokratie\/wahlen2016\/\">Wahlanalyse<\/a> ist falsch. Ursachen liegen im Zustrom von 1,5 Mio <a title=\"Fluechtlinge\" href=\"https:\/\/www.freiburg-schwarzwald.de\/blog\/global\/integration\/fluechtlinge\/\">Fl\u00fcchtlingen<\/a> seit <a title=\"Budapest-Dublin2015\" href=\"https:\/\/www.freiburg-schwarzwald.de\/blog\/global\/eu\/budapest-dublin2015\/\">Budapest 9\/2015<\/a>, der Fragen ausl\u00f6st zu <a title=\"Merkelismus\" href=\"https:\/\/www.freiburg-schwarzwald.de\/blog\/engagement\/zukunft\/demokratie\/merkelismus\/\">&#8222;Weiter so&#8220;<\/a> (offene Grenzen), <a title=\"Wir-schaffen-das\" href=\"https:\/\/www.freiburg-schwarzwald.de\/blog\/global\/migration\/wir-schaffen-das\/\">&#8222;Wir-schaffen-das&#8220;<\/a> (<a title=\"Integration\" href=\"https:\/\/www.freiburg-schwarzwald.de\/blog\/global\/integration\/\">Integration<\/a>), <a title=\"Parallelkultur\" href=\"https:\/\/www.freiburg-schwarzwald.de\/blog\/global\/integration\/parallelkultur\/\">Parallelkultur<\/a> (<a title=\"Integration-Islam\" href=\"https:\/\/www.freiburg-schwarzwald.de\/blog\/global\/integration\/integration-islam\/\">Islam<\/a>) und <a title=\"Kriminalitaet\" href=\"https:\/\/www.freiburg-schwarzwald.de\/blog\/selbsthilfe\/krise\/gewalt\/kriminalitaet\/\">Kriminalit\u00e4t <\/a>(innere Sicherheit). Dies sp\u00fcren immer mehr B\u00fcrger.<!--more--><br \/>\n..<br \/>\nWarum sind FR-Weingarten mit 20,7% und FR-Landwasser mit 22,7% AfD-W\u00e4hlen &#8222;rechte Hochburgen&#8220; (Freiburger Wochenbericht 16.3.2017) bei 8,7% AfD in Freiburg insgesamt?<br \/>\n&#8222;W\u00fcrde man unter den AfD-W\u00e4hlern eine Umfrage durchf\u00fchren, k\u00f6nnte wohl niemand Angaben zum genauen Programm der Partei machen&#8220; &#8211; diese \u00dcberzeugung der SPD-Gemeinder\u00e4tin Karin Seebacher (woher will sie denn das wissen?) entspricht der Arroganz der CDU-SPD-Gr\u00fcne-Linken-Volksfront (die Zeit), die die AfD-W\u00e4hler f\u00fcr dumm und angstbesessen erkl\u00e4rt.<br \/>\n&#8222;Wo viele Menschen in einer gr\u00f6\u00dferen Wohneinheit zusammenleben, mehren sich erfahrungsgem\u00e4\u00df auch Konflikte&#8220; &#8211; nach Sozialb\u00fcrgermeister von Kirchbach gilt demnach: Je h\u00f6her das Haus, desto mehr AfD? Nein, siehe zum Beispiel der Hannibal in Stuttgart als l\u00e4ngstes Hochhaus in Deutschland. Wohnmaschinen in Hamburg und M\u00fcnchen, sind inzwischen bei Schickeria wie Sozialschwachen beliebt (Trend bei reich wie arm: Lieber eng und stadtnah als viel Wohnfl\u00e4che auf dem Land).<br \/>\n.<br \/>\nW\u00e4hlerdummheit und Milieu erkl\u00e4ren nicht unbedingt den AfD-Erfolg.<br \/>\n21% der Privathaushalte in FR-Weingarten beziehen Hartz IV. Diese wissen, dass fast 70% der Fl\u00fcchtlinge funktionale Analphabeten sind und nur h\u00f6chstens 10% zeitnah einen Arbeitsplatz finden werden. Damit werden sie zu Recht als Konkurrenten im Niedriglohnsektor begriffen.<br \/>\nIn FR-Landwasser hingegen wohnen viele Sp\u00e4taussiedler\/Fl\u00fcchtlinge von 1995 &#8211; sicher sp\u00fcren gerade sie, wie schwierig es sein wird, solch eine Massenmigration &#8211; dazu noch im islamisch-arabischen Kulturkreis sozialisiert &#8211; zu integrieren.<br \/>\n.<br \/>\nFazit: Die selbsternannten &#8222;demokratischen Parteien&#8220; (ist die AfD eine undemokratische Partei?) erkl\u00e4ren die Entscheidung von 15,1 % (Baden-W\u00fcrttemberg), 12,6 % (Rheinland-Pfalz) bzw. 24,2 % (Sachsen-Anhalt) der W\u00e4hler zugunsten die AfD als Protest aus Dummheit, Angstbesessenheit und Verf\u00fchrbarkeit, wozu noch die \u00fcbliche Nazi-Affinit\u00e4t kommt. Die Probleme liegen also allein in der Pers\u00f6nlichkeitsstrukturen der AfD-w\u00e4hlenden B\u00fcrger begr\u00fcndet, nicht aber in der Politik.<br \/>\nIst es nicht genau umgekehrt: Gerade diese AfD-W\u00e4hler bringen zum Ausdruck, dass die Politik\u00a0in Berlin\u00a0(Regierung als Exekutive) ihre eigenen B\u00fcrger (als der eigentliche Souver\u00e4n der Demokratie) immer weniger vertritt: In der Fl\u00fcchtlings-, Finanz- wie EU\/Griechenland-Politik.<br \/>\n16.3.2016<\/p>\n<p>&nbsp;<\/p>\n<p><strong>Was w\u00e4re wenn?<\/strong><br \/>\nW\u00e4re am 13.3. in allen Bundesl\u00e4ndern gew\u00e4hlt worden, h\u00e4tte die AfD bundesweit ca 17% der Stimmen gewonnen. So mehrere seri\u00f6se Umfragen.<br \/>\nWie w\u00e4ren die Landtagswahlen gelaufen, wenn es keine AfD g\u00e4be?<br \/>\nDie Wahlbeteiligung w\u00e4re deutlich zur\u00fcck gegangen. Wahlboykott. Das zeigt, dass die AfD als Sammelbecken der B\u00fcrger angesehen wird, die gegen &#8222;offene Grenzen&#8220; sind.<br \/>\nEs ist das Verdienst der AfD, den Protest ins Parlament geholt zu haben.<br \/>\n17.3.2016<br \/>\n.<\/p>\n<p>.<br \/>\n<strong>AfD diffamieren statt eigene Vorschl\u00e4ge zur Fl\u00fcchtlingskrise machen<\/strong><br \/>\nV\u00f6llig vergessen scheint das grundlegende Prinzip von Ursache und Wirkung. Dass die \u201eAlternative f\u00fcr Deutschland\u201c sich als Reaktion auf die skandal\u00f6se Anma\u00dfung Angela Merkels gr\u00fcndete, ihre Politik sei \u201ealternativlos\u201c. Dass die Gr\u00fcndung von \u201ePegida\u201c der privaten Initiative eines Dresdener Freundeskreises entsprang, aus Entsetzen \u00fcber die Bilder von Auseinandersetzungen zwischen t\u00fcrkischen und kurdischen Gruppen in deutschen Gro\u00dfst\u00e4dten. Eine rationale, am Gemeinwohl orientierte, aber auch eine kluge, strategisch denkende Politik h\u00e4tte diese beiden gut nachvollziehbaren Impulse aufgegriffen, Antworten auf f\u00fcr jedermann im Alltag sichtbare Probleme gesucht, und damit AfD und Pegida binnen k\u00fcrzester Zeit \u00fcberfl\u00fcssig gemacht. Medien, die ihre eigenen hehren Anspr\u00fcche ernst nehmen, h\u00e4tten sich auf die Frage konzentriert, wieso die Politik berechtigte Sorgen ignoriert. Geschehen ist weder das eine noch das andere. Stattdessen benutzen Medien und Politik die AfD als Fu\u00dfabtreter und Projektionsfl\u00e4che ihres eigenen Versagens.<br \/>\nDie Diskussionen seit den Landtagswahlen zeigen eines ganz deutlich: Verstanden haben die Politiker von CDU, SPD &amp; Co. immer noch nichts. Gegen die AfD wurden bislang in Zusammenarbeit mit vielen Medien nur hohle Verleumdungen, Falschzitate und dummes Geschw\u00e4tz vorgebracht. Die W\u00e4hler werden als Besorgte und Wutb\u00fcrger bezeichnet, die offensichtlich nicht in der Lage zu sein scheinen, das gro\u00dfe Ganze hinter allem zu sehen, was man ihnen bis zu den n\u00e4chsten Wahlen entsprechend noch erkl\u00e4ren mu\u00df. Diese Arroganz und Selbstgef\u00e4lligkeit, dieser Anspruch die eigene Moral m\u00fcsse allgemeiner Konsens werden, das ist es, was zumindest mich einfach nur anwidert. Ich habe eine eigene Meinung, besch\u00e4ftige mich 2-4h t\u00e4glich mit Politik und bin klug genug, um auf Erkl\u00e4rungen von Leuten verzichten zu k\u00f6nnen, die zumindest laut Lebenslauf weniger auf der Pfanne haben als ich. Ich freue mich auf 2017!<br \/>\n15.3.2016, Lars, WO<br \/>\n.<br \/>\n<strong>Wehner warnte bereits 1982: Asyl steuern<\/strong><br \/>\nDie SPD h\u00e4tte auf einen ihrer Altvorderen h\u00f6ren sollen. Die Worte wirken heute, nach \u00fcber 30 Jahren, geradezu prophetisch: &#8222;Wenn wir uns weiterhin einer Steuerung des Asylproblems versagen, dann werden wir eines Tages von den W\u00e4hlern, auch unseren eigenen, weggefegt. Dann werden wir zu Pr\u00fcgelknaben gemacht werden. Ich sage euch &#8211; wir sind am Ende mitschuldig, wenn faschistische Organisationen aktiv werden. Es ist nicht genug, vor Ausl\u00e4nderfeindlichkeit zu warnen &#8211; wir m\u00fcssen die Ursachen angehen, weil uns sonst die Bev\u00f6lkerung die Absicht, den Willen und die Kraft abspricht, das Problem in den Griff zu bekommen.&#8220; (Herbert Wehner, Fraktionsvorsitzender (SPD) am 15.2.1982 in einer Sitzung des SPD-Vorstandes) Damals kamen 30.000 Asylbewerber pro Jahr nach Deutschland. Nicht in ein paar Tagen, wie letztes Jahr.<br \/>\n15.3.2016, Mike<br \/>\n.<br \/>\n<strong>vdL bei Anne Will (13.3.2016): Erziehungsberechtigte der AfD &#8211; Kindergarten D<\/strong><br \/>\nFrau von der Leyen hat in meinen Augen Frau Storch nicht die Leviten gelesen, sondern sich als deren Erhiehungberechtigte geb\u00e4rdet und damit auf mich sehr absto\u00dfend gewirkt. Nach ihrem Freispruch 3. Klasse w\u00e4re eine Runde Demut deutlich besser r\u00fcber gekommen. \u00c4hnlich wie ihre Chefin scheint sie Deutschland als ihren Kindergarten anzusehen. Merkel hat dazu gestern in der PK wieder das perfekte Beispiel abgeliefert: die Menschen h\u00e4tten nicht richtig zugeh\u00f6rt und w\u00e4ren dann trotzdem zur Wahl gegangen. Die Anma\u00dfung und Selbsterm\u00e4chtigung in diesen Worten w\u00e4re eigentlich Titelzeilen ohne Ende wert gewesen. Altmaier ist in meinen Augen das Abbild des deutschen Untertanen dieses Jahrhunderts: von der Macht gefangen fehlt jeglicher Wille f\u00fcr eigenst\u00e4ndiges Denken.<br \/>\n15.3.2016, Nun<br \/>\n.<br \/>\n<strong>Arroganz von SPD-Gr\u00fcne-CDU<\/strong><br \/>\nVielleicht h\u00e4tte man in diesem Artikel noch die Frau Brigitte B\u00fcttner (Gr\u00fcne, die AfD w\u00e4hlte)erw\u00e4hnen sollen. Die hatte n\u00e4mlich genau das ausgedr\u00fcckt, was sicherlich viele, wenn nicht sogar die meisten W\u00e4hler dazu bewogen hat, ihre Stimme der AfD zu geben (Massenmigration aus Afrika\/Arabien). Was bleibt einem als &#8222;normalsterblichen&#8220;, mit seiner Arbeits-, bzw. Steuerleistung den Staat am Laufen zu halten denn noch andres \u00fcbrig, als bei Wahlen seine Ablehnung zu der zur Zeit chaotischen und &#8222;alternativlosen&#8220; Politik auszudr\u00fccken. Das hat nun \u00fcberhaupt nichts mit Angst-, oder Protestw\u00e4hlern zu tun. Das dann Herr Oppermann, in der f\u00fcr die meisten Politiker typisch arroganten Weise, Frau B\u00fcttner als &#8222;sonderbarste rechte Protestw\u00e4hlerin&#8220; betitelt, ist \u00e4u\u00dferst bezeichnet und zeigt mir nur wieder, wie weit unsre politischen Eliten mittlerweile den Bezug zur Realit\u00e4t in unserem Land verloren haben<br \/>\n16.3.2016,<br \/>\n.<br \/>\n<strong>Alle gegen einen: AfD als junge Partei runtermachen<\/strong><br \/>\nTalkshow in Deutschland bedeutet seit geraumer Zeit &#8222;Alle gegen einen&#8220;. Die &#8222;gen\u00fcssliche&#8220; Zur\u00fcckhaltung Herrn Meuthens (bei HartAberFair 14.3.2016) k\u00f6nnte auch daran gelegen haben, dass man ihn schlicht und ergreifend nicht zu Wort kommen lie\u00df. Selbst Herr Plasberg wirkte streckenweile sehr unh\u00f6flich und auch teilweise etwas \u00fcberfordert. Die AfD ist durch freie Wahlen legitimiert worden und nun m\u00fcssen die anderen Politiker auch den Anstand besitzen, sie zumindest h\u00f6flich zu behandeln.<br \/>\nMeiner Meinung nach bringt es die Protestw\u00e4hler noch mehr auf, wenn sie sehen, wie die Mitglieder einer demokratisch gew\u00e4hlten Partei kollektiv von allen anderen &#8222;runtergemacht&#8220; werden. Vor einigen Jahren konnte man dasselbe bei den Linken beobachten und vor noch ein paar Jahren mehr bei den Gr\u00fcnen. Klar, dass jeder sein Terrain verteidigen will, aber sollen unsere lieben Politiker doch lieber versuchen, die W\u00e4hler durch gute Politik zur\u00fcck zu gewinnen, statt die AfD niederzumachen. Die AfD ihrerseits muss nun durch gute Politik versuchen, ihre W\u00e4hler zu halten. DAS w\u00fcrde allen n\u00fctzen, vor allen den B\u00fcrgern dieses Landes!<br \/>\n16.3.2016<br \/>\n.<br \/>\n<strong>AfD als legitime demokratische Interessenvertretung von Menschen respektieren<\/strong><br \/>\nDie Gr\u00fcne G\u00f6ring-Eckardt hatte im September gro\u00dfspurig angek\u00fcndigt: &#8222;Dieses Land wird sich \u00e4ndern, es wird religi\u00f6ser werden!&#8220; Ich wusste nie, ob sie das als Zwangsbegl\u00fcckung, als Drohung oder als Verhei\u00dfung verstand. Auf die Zukunfts- und Beruhigungsfloskeln der Politik folgten die Zunahme von Konflikten, die Polarisierung der Mitte der Gesellschaft, der Anstieg der AfD und rechtsextreme Gewalttaten. Was sich in diesem Land sinnvoll \u00e4ndern soll und was besser nicht, dar\u00fcber muss mehr und allt\u00e4glich geredet werden&#8230;..<br \/>\nIch sehe zu viel Nettigkeit bei den Ehrenamtlichen, denn dieses Helfersyndrom kann auch abh\u00e4ngig machen und Apathie hervorrufen. Daher stimme ich den Konzepten Bayerns f\u00fcr Integrationskurse und auch f\u00fcr Sanktionen bei Fernbleiben zu. &#8230;.<br \/>\n\u00dcbrigens haben AfD-Mitglieder keine Fl\u00fcchtlingsheime angez\u00fcndet oder Andersdenkende bedroht und verpr\u00fcgelt. Umgekehrt wird ein Schuh daraus: AfD-Politikern werden von Linksextremen nicht nur \u201elustige\u201c Torten ins Gesicht geklatscht, es werden auch ihre Autos angesteckt, ihre H\u00e4user beschmiert, sie und ihre Familien bedroht. Muss man diese Partei deshalb w\u00e4hlen? Nein, aber man sollte sie endlich als legitime demokratische Interessenvertretung von Menschen respektieren, die ihre Anliegen anderswo mehr nicht vertreten sehen. Genau diesen selbstverst\u00e4ndlichen demokratischen Respekt lassen ausgerechnet jene vermissen, die sonst die Forderung nach \u201eRespekt\u201c, \u201eToleranz\u201c, \u201eVielfalt\u201c und \u201eDemokratie\u201c bei jeder Gelegenheit im Munde f\u00fchren. &#8230;.<br \/>\nAlles vom 11.3.2016 von Oliver Zimski bitte lesen auf<br \/>\n<a href=\"https:\/\/www.achgut.com\/artikel\/feuer_frei_auf_die_afd\">https:\/\/www.achgut.com\/artikel\/feuer_frei_auf_die_afd<\/a><\/p>\n<p>.<\/p>\n<p><strong>Verh\u00e4ltniswahlrecht und Politikwechsel<\/strong><br \/>\nWir haben ein Verh\u00e4ltniswahlrecht. Sitze werden prozentual nach g\u00fcltigen (!) Stimmen vergeben. Wenn z.B. nur drei von hundert Leuten eine g\u00fcltige Stimme abgeben und diese drei Leute CDU w\u00e4hlen, ist das Ergebnis 100% CDU, es gehen also alle Sitze an die CDU. Weder durch &#8222;Nichtw\u00e4hler&#8220; noch &#8222;Ung\u00fcltigw\u00e4hler&#8220; \u00e4ndert sich irgendwas. Zusammengefasst:<br \/>\nNichtw\u00e4hlen = &#8222;Weiter so, Frau Merkel.&#8220;<br \/>\nStimme entwerten, ung\u00fcltig w\u00e4hlen = &#8222;Weiter so, Frau Merkel.&#8220;<br \/>\nKleinstpartei w\u00e4hlen, die an der 5% H\u00fcrde scheitert = &#8222;Weiter so, Frau Merkel.&#8220;<br \/>\nDie einzige M\u00f6glichkeit ist also, eine g\u00fcltige Stimme abzugeben f\u00fcr eine Partei, die die 5% sicher \u00fcberspringen wird (um das abzusch\u00e4tzen, w\u00fcrde ich eher auf gesunden Menschenverstand denn auf &#8222;Wahlprognosen&#8220; vertrauen).<br \/>\n10.3.2016, Volker, WO<\/p>\n<p><strong>AfD sorgt f\u00fcr interparlamentarische Opposition<\/strong><br \/>\nDas Wahlprogramm der CDU im Jahr 2002 und das aktuelle der AfD sind weitgehend deckungsgleich.<br \/>\nDie Forderungen bez\u00fcglich Fl\u00fcchtlings-, Einwanderungs- und Asyl- Politik entsprechen der von Australien, USA, Schweiz oder GB.<br \/>\nWas ist daran zu weit rechts? Gauland, Petry und Meuthen sind das, was fr\u00fcher mitte-rechts war und was fr\u00fcher vor ca. 20 oder 30 Jahren der CDU- bzw. CSU- Politik entsprochen hat.<br \/>\nDie AfD ist noch Lichtjahre davon entfernt, die perfekte Partei mit dem perfekten Personal zu sein, hinter der man sich mit wehenden Fahnen versammeln kann. Aber die AfD hat in der jetzigen Situation Deutschlands eine wichtige Rolle einzunehmen und wir als W\u00e4hler m\u00fcssen daf\u00fcr sorgen, dass sie in diese Position auch kommt.<br \/>\n10.3.2016, Interdit<\/p>\n","protected":false},"excerpt":{"rendered":"<p>AfD-W\u00e4hler sind \u00fcber\u00e4ngstlich, dumm und verf\u00fchrbar, alle anderen sind\u00a0rationale Entscheider. Diese Wahlanalyse ist falsch. Ursachen liegen im Zustrom von 1,5 Mio Fl\u00fcchtlingen seit Budapest 9\/2015, der Fragen ausl\u00f6st zu &#8222;Weiter so&#8220; (offene Grenzen), &#8222;Wir-schaffen-das&#8220; (Integration), Parallelkultur (Islam) und Kriminalit\u00e4t (innere &hellip; <a href=\"https:\/\/www.freiburg-schwarzwald.de\/blog\/afd-waehler-angst-dummheit\/\">Weiterlesen <span class=\"meta-nav\">&rarr;<\/span><\/a><\/p>\n","protected":false},"author":2,"featured_media":0,"comment_status":"open","ping_status":"closed","sticky":false,"template":"","format":"standard","meta":{"footnotes":""},"categories":[195,155,80,172],"tags":[633,485,301,622,525,500],"class_list":["post-59972","post","type-post","status-publish","format-standard","hentry","category-eu","category-integration","category-medien","category-zukunft","tag-demokratie","tag-refugee","tag-culture","tag-migration","tag-politik","tag-wahl"],"_links":{"self":[{"href":"https:\/\/www.freiburg-schwarzwald.de\/blog\/wp-json\/wp\/v2\/posts\/59972","targetHints":{"allow":["GET"]}}],"collection":[{"href":"https:\/\/www.freiburg-schwarzwald.de\/blog\/wp-json\/wp\/v2\/posts"}],"about":[{"href":"https:\/\/www.freiburg-schwarzwald.de\/blog\/wp-json\/wp\/v2\/types\/post"}],"author":[{"embeddable":true,"href":"https:\/\/www.freiburg-schwarzwald.de\/blog\/wp-json\/wp\/v2\/users\/2"}],"replies":[{"embeddable":true,"href":"https:\/\/www.freiburg-schwarzwald.de\/blog\/wp-json\/wp\/v2\/comments?post=59972"}],"version-history":[{"count":0,"href":"https:\/\/www.freiburg-schwarzwald.de\/blog\/wp-json\/wp\/v2\/posts\/59972\/revisions"}],"wp:attachment":[{"href":"https:\/\/www.freiburg-schwarzwald.de\/blog\/wp-json\/wp\/v2\/media?parent=59972"}],"wp:term":[{"taxonomy":"category","embeddable":true,"href":"https:\/\/www.freiburg-schwarzwald.de\/blog\/wp-json\/wp\/v2\/categories?post=59972"},{"taxonomy":"post_tag","embeddable":true,"href":"https:\/\/www.freiburg-schwarzwald.de\/blog\/wp-json\/wp\/v2\/tags?post=59972"}],"curies":[{"name":"wp","href":"https:\/\/api.w.org\/{rel}","templated":true}]}}