{"id":59966,"date":"2016-03-15T16:51:40","date_gmt":"2016-03-15T15:51:40","guid":{"rendered":"https:\/\/www.freiburg-schwarzwald.de\/blog\/?p=59966"},"modified":"2016-03-15T16:54:33","modified_gmt":"2016-03-15T15:54:33","slug":"klima-fluechtlinge-kommen","status":"publish","type":"post","link":"https:\/\/www.freiburg-schwarzwald.de\/blog\/klima-fluechtlinge-kommen\/","title":{"rendered":"Klima-Fluechtlinge kommen"},"content":{"rendered":"<p>(1) <a title=\"Islam\" href=\"https:\/\/www.freiburg-schwarzwald.de\/blog\/religion\/islam\/\">Religionskriege<\/a>, (2) Verarmung und (3) <a title=\"Klimagerechtigkeit\" href=\"https:\/\/www.freiburg-schwarzwald.de\/blog\/natur\/klima\/klimagerechtigkeit\/\">Klima\u00e4nderungen<\/a> &#8211; diese drei Probleme pr\u00e4gen die Konflikte zwischen den 22\u00a0arabischen Staaten in <a title=\"Mahgreb\" href=\"https:\/\/www.freiburg-schwarzwald.de\/blog\/global\/mahgreb\/\">Nahost<\/a>. Waren die ca <a title=\"Willkommenskultur\" href=\"https:\/\/www.freiburg-schwarzwald.de\/blog\/global\/integration\/willkommenskultur\/\">1,4 Mio Fl\u00fcchtlinge<\/a> seit <a title=\"Budapest-Dublin2015\" href=\"https:\/\/www.freiburg-schwarzwald.de\/blog\/global\/eu\/budapest-dublin2015\/\">Budapest 9\/2015<\/a> prim\u00e4r (1) geschuldet, so steht dem &#8218;Nasa-Bericht Europa&#8216; eine noch viel gr\u00f6\u00dfere Fl\u00fcchtlingswelle<a title=\"Zukunft\" href=\"https:\/\/www.freiburg-schwarzwald.de\/blog\/engagement\/zukunft\/\"> bevor<\/a>, die nicht nur lokale politische und kulturelle, sondern auch globale <a title=\"Klima\" href=\"https:\/\/www.freiburg-schwarzwald.de\/blog\/natur\/klima\/\">klimatische Ausl\u00f6ser<\/a> (3) hat.<!--more--><br \/>\n(1) 1336 Jahre nach der Schlacht von Kerbela und der Ermordung eines Enkels des Propheten Mohammed w\u00fctet der Religionsstreit zwischen Islam-Schiiten (Protektor <a title=\"Iran\" href=\"https:\/\/www.freiburg-schwarzwald.de\/blog\/global\/iran\/\">Iran<\/a>) und Islam-Sunniten (IS unter der \u00c4gide von Saudi-Arabien). In Syrien, dem Irak, im Libanon und der arabischen Halbinsel wird dieser uralte Zwist zur Trennlinie zwischen den B\u00fcrgerkriegsparteien wurde.<br \/>\n.<br \/>\n(2) Die Verarmung Arabiens ist vielf\u00e4ltig: Chronische Defizite an Demokratie (Rechtsstaat, \u00f6ffentl. Ordnung), Emanzipation (Unterdr\u00fcckung des Weiblichen, also der H\u00e4lfte der eigenen Einwohnerschaft) und Bildung (Analphabetenrate 43%, also h\u00f6her als in der Dritten Welt). Der Uno-Bericht &#8222;Arab Human Development Reports&#8220; (AHDR) dokumentiert seit 2002, wie fehlende <a title=\"Frauenrechte\" href=\"https:\/\/www.freiburg-schwarzwald.de\/blog\/global\/integration\/frauenrechte\/\">Frauenrechte<\/a> die arabische Welt zur\u00fcckwerfen. Kinderehen &#8211; jede siebte Braut Arabiens ist minderj\u00e4hrig, also unter 15 Jahre alt. Die islamisch-kulturelle Tradition steht jeglicher Geburtenplanung entgegen und beg\u00fcnstigt das extreme Bev\u00f6lkerungswachstum. Kein arabischer Staat (au\u00dfer Tunesien) ist frei. Arabien ist laut AHDR gepr\u00e4gt durch einen Teufelskreis, in dem &#8222;Armut, mangelnde Bildung, hohe Fruchtbarkeit und schlechte Gesundheit die wirtschaftliche und soziale Entwicklung einer Gesellschaft behindern&#8220;.<br \/>\n.<br \/>\n(3) Seit Sommer 2010 kamen laut Nasa kamen mehrere <a title=\"Klima\" href=\"https:\/\/www.freiburg-schwarzwald.de\/blog\/natur\/klima\/\">extreme klimatische Ereignisse<\/a> zusammen, die das labile Gleichgewicht des Nahen Ostens kippten: Jahrhundertd\u00fcrre in China, riesige Steppenbr\u00e4nde in der Ukraine und Russland und starke \u00dcberschwemmungen in Kanada und Australien und D\u00fcrren im Nahen Osten selbst f\u00fchrten zu Missernten und verdoppelten den Weizenpreis. Das traf vor allem Arabien \u2013 wo 5% der Weltbev\u00f6lkerung mit nur 1% derr weltweiten S\u00fc\u00dfwasserreserven leben. Neun der zehn gr\u00f6\u00dften Weizenimporteure der Welt sind in Nahost hier. Besonders devisenarme Staaten wie \u00c4gypten litten unter dem steigenden Weizenpreis.<br \/>\nDiese klimatischen \u00c4nderungen in s\u00e4mtlichen L\u00e4ndern des Nahen Ostens werden zuerst die perspektivlosen (Youth Bulges) jungen Araber (Jugendarbeitslosenquoten von 60% sind normal) zur Flucht nach Europa dr\u00e4ngen. Geradezu l\u00e4cherlich und unverantwortlich, wenn <a title=\"Merkelismus\" href=\"https:\/\/www.freiburg-schwarzwald.de\/blog\/engagement\/zukunft\/demokratie\/merkelismus\/\">Merkel<\/a> und GroKo angesichts dieses Ansturms von Klimafl\u00fcchtlingen die &#8222;unkontrollierten offenen Grenzen ohne Obergrenze&#8220; f\u00fcr Deutschland beibeh\u00e4lt und weiter auf die Einf\u00fchrung eines Grenzregiments wie in USA und Kanada (kontrollierte Grenzen plus Einwanderungsgesetz) verzichtet.<br \/>\n15.3.2016<\/p>\n<p><strong>Eine noch viel gr\u00f6\u00dfere Fl\u00fcchtlingswelle droht<\/strong><br \/>\nWenn die Geschichte als Leitfaden dienen kann, dann muss der Nasa-Bericht Europa gewaltige Sorgen bereiten. Denn er demonstriert, dass die Fl\u00fcchtlingswelle, die den Zusammenhalt des alten Kontinents bedroht, nicht nur lokale politische, sondern auch globale, klimatische Ausl\u00f6ser hat. Und es wird noch schlimmer: Regenf\u00e4lle sollen in der Region um bis zu 90 Prozent abnehmen. So d\u00fcrften die Fl\u00fcchtlinge in Europa nur eine erste Welle sein. Millionen weitere werden folgen, wenn Missmanagement, Armut, historische Konflikte und ein unerbittlicher Klimawandel weite Teile des Nahen Ostens unbewohnbar machen. Europa muss sich deswegen jetzt noch viel aktiver f\u00fcr die Stabilisierung des Nahen Ostens einsetzen, und vor allem regionale Kooperationen in Sachen Umwelt und Wasser noch viel entschiedener vorantreiben \u2013 nicht um Menschen in Nahost, sondern um sich selbst zu retten. Sonst bleibt dem Kontinent nur, sich langfristig auf noch viel gr\u00f6\u00dfere Fl\u00fcchtlingswellen vorzubereiten. &#8230;.<br \/>\nAlles vom 14.3.2016 auf<br \/>\n<a href=\"https:\/\/www.welt.de\/debatte\/kommentare\/article153242322\/Warum-eine-noch-viel-groessere-Fluechtlingswelle-droht.html\">https:\/\/www.welt.de\/debatte\/kommentare\/article153242322\/Warum-eine-noch-viel-groessere-Fluechtlingswelle-droht.html<\/a><\/p>\n","protected":false},"excerpt":{"rendered":"<p>(1) Religionskriege, (2) Verarmung und (3) Klima\u00e4nderungen &#8211; diese drei Probleme pr\u00e4gen die Konflikte zwischen den 22\u00a0arabischen Staaten in Nahost. Waren die ca 1,4 Mio Fl\u00fcchtlinge seit Budapest 9\/2015 prim\u00e4r (1) geschuldet, so steht dem &#8218;Nasa-Bericht Europa&#8216; eine noch viel &hellip; <a href=\"https:\/\/www.freiburg-schwarzwald.de\/blog\/klima-fluechtlinge-kommen\/\">Weiterlesen <span class=\"meta-nav\">&rarr;<\/span><\/a><\/p>\n","protected":false},"author":2,"featured_media":0,"comment_status":"open","ping_status":"closed","sticky":false,"template":"","format":"standard","meta":{"footnotes":""},"categories":[14,155,40,141],"tags":[151,485,421,715,41,142,719],"class_list":["post-59966","post","type-post","status-publish","format-standard","hentry","category-global","category-integration","category-klima","category-nachhaltigkeit","tag-erneuerbare-energien","tag-refugee","tag-islam","tag-klima","tag-nachhaltig","tag-renaturierung","tag-umwelt"],"_links":{"self":[{"href":"https:\/\/www.freiburg-schwarzwald.de\/blog\/wp-json\/wp\/v2\/posts\/59966","targetHints":{"allow":["GET"]}}],"collection":[{"href":"https:\/\/www.freiburg-schwarzwald.de\/blog\/wp-json\/wp\/v2\/posts"}],"about":[{"href":"https:\/\/www.freiburg-schwarzwald.de\/blog\/wp-json\/wp\/v2\/types\/post"}],"author":[{"embeddable":true,"href":"https:\/\/www.freiburg-schwarzwald.de\/blog\/wp-json\/wp\/v2\/users\/2"}],"replies":[{"embeddable":true,"href":"https:\/\/www.freiburg-schwarzwald.de\/blog\/wp-json\/wp\/v2\/comments?post=59966"}],"version-history":[{"count":0,"href":"https:\/\/www.freiburg-schwarzwald.de\/blog\/wp-json\/wp\/v2\/posts\/59966\/revisions"}],"wp:attachment":[{"href":"https:\/\/www.freiburg-schwarzwald.de\/blog\/wp-json\/wp\/v2\/media?parent=59966"}],"wp:term":[{"taxonomy":"category","embeddable":true,"href":"https:\/\/www.freiburg-schwarzwald.de\/blog\/wp-json\/wp\/v2\/categories?post=59966"},{"taxonomy":"post_tag","embeddable":true,"href":"https:\/\/www.freiburg-schwarzwald.de\/blog\/wp-json\/wp\/v2\/tags?post=59966"}],"curies":[{"name":"wp","href":"https:\/\/api.w.org\/{rel}","templated":true}]}}