{"id":59924,"date":"2016-03-12T20:32:52","date_gmt":"2016-03-12T19:32:52","guid":{"rendered":"https:\/\/www.freiburg-schwarzwald.de\/blog\/?p=59924"},"modified":"2016-03-12T20:42:27","modified_gmt":"2016-03-12T19:42:27","slug":"bobbele-haben-wahlergebnisse","status":"publish","type":"post","link":"https:\/\/www.freiburg-schwarzwald.de\/blog\/bobbele-haben-wahlergebnisse\/","title":{"rendered":"Bobbele haben Wahlergebnisse"},"content":{"rendered":"<p>Bereits von Freitag 11.3. an konnte man \u00fcber <a href=\"https:\/\/www.freiburg.de\">www.freiburg.de<\/a> die Ergebnisse der <a title=\"Wahlen2016\" href=\"https:\/\/www.freiburg-schwarzwald.de\/blog\/engagement\/zukunft\/demokratie\/wahlen2016\/\">Landtagswahl<\/a> vom Sonntag 13.3. erfahren &#8211; ein peinlicher Lapsus. Dabei meint es die <a title=\"Stadtfreiburg\" href=\"https:\/\/www.freiburg-schwarzwald.de\/blog\/regio\/freiburg\/stadtfreiburg\/\">Stadt Freiburg<\/a> nur gut mit ihren B\u00fcrgern: \u00dcber die kostenlose WahlApp k\u00f6nnen die Bobbele mobil die Ergebnisse der Wahlbezirke abrufen, am Sonntag ab 18 Uhr fortlaufend aktualisiert \u00fcber\u00a0<a href=\"https:\/\/www.freiburg.de\">www.freiburg.de<\/a> oder\u00a0<a href=\"https:\/\/fritz.freiburg.de\/wahl\/app\/ltw2016.html\">https:\/\/fritz.freiburg.de\/wahl\/app\/ltw2016.html<\/a>\u00a0.<!--more--><br \/>\n.<\/p>\n<p><strong>Panne: Stadt Freiburg stellt Test-Wahlergebnis online<\/strong><br \/>\nAm Sonntag 13.3. wird gew\u00e4hlt \u2013 und am Freitag 11.3. stehen die Ergebnisse schon fest? Die Stadt Freiburg hat versehentlich eine falsche Stimm-Ausz\u00e4hlung ver\u00f6ffentlicht. Der Fehler ist behoben: Es war ein Testlauf. &#8230;. Alles vom 12.3.2016 bitte lesen auf<br \/>\n<a href=\"https:\/\/www.badische-zeitung.de\/freiburg\/panne-stadt-freiburg-stellt-test-wahlergebnis-online\">https:\/\/www.badische-zeitung.de\/freiburg\/panne-stadt-freiburg-stellt-test-wahlergebnis-online<\/a><br \/>\n.<br \/>\n<strong>Ergebnisse von morgen schon heute<\/strong><br \/>\nIn Freiburg im Breisgau wei\u00df man n\u00e4mlich heute schon, wie morgen gew\u00e4hlt wird. Halten Sie sich fest: Baumg\u00e4rtner (CDU) kriegt 22,9%, Rolland (SPD) 28,3 % und Dr. Ott von der AfD allen Prognosen zum Trotz nur 3.9% der Stimmen. Kalnitzki von ALFA h\u00e4tte erst gar nicht antreten m\u00fcssen mit seinen lumpigen 0,5%. Woher wei\u00df man in Freiburg, wie morgen abgestimmt wird? Nun, Technikfreunde ahnen es schon: So etwas m\u00f6glich macht nat\u00fcrlich eine \u201eapp\u201c. &#8230;.<br \/>\nAlles vom 12.3.2016 bitte lesen auf<br \/>\n<a href=\"https:\/\/www.rolandtichy.de\/daili-es-sentials\/landtagswahl-in-bw-freiburg-die-ergebnisse-von-morgen-schon-heute\/\">https:\/\/www.rolandtichy.de\/daili-es-sentials\/landtagswahl-in-bw-freiburg-die-ergebnisse-von-morgen-schon-heute\/<\/a><\/p>\n","protected":false},"excerpt":{"rendered":"<p>Bereits von Freitag 11.3. an konnte man \u00fcber www.freiburg.de die Ergebnisse der Landtagswahl vom Sonntag 13.3. erfahren &#8211; ein peinlicher Lapsus. Dabei meint es die Stadt Freiburg nur gut mit ihren B\u00fcrgern: \u00dcber die kostenlose WahlApp k\u00f6nnen die Bobbele mobil &hellip; <a href=\"https:\/\/www.freiburg-schwarzwald.de\/blog\/bobbele-haben-wahlergebnisse\/\">Weiterlesen <span class=\"meta-nav\">&rarr;<\/span><\/a><\/p>\n","protected":false},"author":2,"featured_media":0,"comment_status":"open","ping_status":"closed","sticky":false,"template":"","format":"standard","meta":{"footnotes":""},"categories":[49,162],"tags":[539,633,525,500,583],"class_list":["post-59924","post","type-post","status-publish","format-standard","hentry","category-freiburg","category-internet","tag-bw","tag-demokratie","tag-politik","tag-wahl","tag-web"],"_links":{"self":[{"href":"https:\/\/www.freiburg-schwarzwald.de\/blog\/wp-json\/wp\/v2\/posts\/59924","targetHints":{"allow":["GET"]}}],"collection":[{"href":"https:\/\/www.freiburg-schwarzwald.de\/blog\/wp-json\/wp\/v2\/posts"}],"about":[{"href":"https:\/\/www.freiburg-schwarzwald.de\/blog\/wp-json\/wp\/v2\/types\/post"}],"author":[{"embeddable":true,"href":"https:\/\/www.freiburg-schwarzwald.de\/blog\/wp-json\/wp\/v2\/users\/2"}],"replies":[{"embeddable":true,"href":"https:\/\/www.freiburg-schwarzwald.de\/blog\/wp-json\/wp\/v2\/comments?post=59924"}],"version-history":[{"count":0,"href":"https:\/\/www.freiburg-schwarzwald.de\/blog\/wp-json\/wp\/v2\/posts\/59924\/revisions"}],"wp:attachment":[{"href":"https:\/\/www.freiburg-schwarzwald.de\/blog\/wp-json\/wp\/v2\/media?parent=59924"}],"wp:term":[{"taxonomy":"category","embeddable":true,"href":"https:\/\/www.freiburg-schwarzwald.de\/blog\/wp-json\/wp\/v2\/categories?post=59924"},{"taxonomy":"post_tag","embeddable":true,"href":"https:\/\/www.freiburg-schwarzwald.de\/blog\/wp-json\/wp\/v2\/tags?post=59924"}],"curies":[{"name":"wp","href":"https:\/\/api.w.org\/{rel}","templated":true}]}}