{"id":59901,"date":"2016-03-12T11:18:43","date_gmt":"2016-03-12T10:18:43","guid":{"rendered":"https:\/\/www.freiburg-schwarzwald.de\/blog\/?p=59901"},"modified":"2016-03-12T11:22:15","modified_gmt":"2016-03-12T10:22:15","slug":"soziale-meile-kirchzarten-1303","status":"publish","type":"post","link":"https:\/\/www.freiburg-schwarzwald.de\/blog\/soziale-meile-kirchzarten-1303\/","title":{"rendered":"Soziale Meile Kirchzarten 13\/03"},"content":{"rendered":"<p>Der 2010 gegr\u00fcndete Verein <a title=\"Ride2Live\" href=\"https:\/\/www.freiburg-schwarzwald.de\/blog\/vereine\/hilfe\/ride2live\/\">&#8222;Ride 2 Live&#8220;<\/a> suchte 2012 auf seinem Weg, insbesondere an <a title=\"Krebs\" href=\"https:\/\/www.freiburg-schwarzwald.de\/blog\/selbsthilfe\/krebs\/\">Krebs erkrankten Menschen<\/a> finanziell zu helfen, den Kontakt zu anderen <a title=\"Soziales\" href=\"https:\/\/www.freiburg-schwarzwald.de\/blog\/selbsthilfe\/soziales\/\">sozialen Vereinigungen<\/a> in <a title=\"Kirchzarten\" href=\"https:\/\/www.freiburg-schwarzwald.de\/blog\/regio\/orte\/kirchzarten\/\">Kirchzarten<\/a> und im Dreisamtal. Austausch untereinander und gemeinsame Absprachen waren die Ziele. Es kam zu mehreren Treffen, dann formierte sich ein &#8222;Netzwerk f\u00fcr Gutes im Dreisamtal&#8220;. Inzwischen geh\u00f6ren ihm f\u00fcnfzehn Partner an.<!--more--><\/p>\n<p>Dieses Netzwerk will sich gegenseitig unterst\u00fctzen, um Bed\u00fcrftigen kompetente und bestm\u00f6gliche Hilfe schnell und unkompliziert zuteil werden zu lassen. Am <strong>verkaufsoffenen Sonntag 13.2.2016 in Kirchzarten<\/strong> gibt es nun zum zweiten Mal die &#8222;Soziale Meile&#8220;. Hier finden interessierte B\u00fcrger Gelegenheit, sich an Informationsst\u00e4nden der einzelnen sozialen Organisationen auf der Freiburger Stra\u00dfe \u00fcber die verschiedenen Ziele und Aufgaben zu informieren. Ein gro\u00dfes Banner, \u00fcber der Stra\u00dfe gespannt, weist den Weg zu den unterschiedlichen sozialen Angeboten und Aktivit\u00e4ten und verspricht: &#8222;Wir lassen Sie nicht h\u00e4ngen!&#8220;<br \/>\nDas sind die mit einzelnen St\u00e4nden vertretenen Gruppierungen: &#8222;Ride 2 Live&#8220; verkauft Rad- und Lauftrikots und informiert \u00fcber einen neuen Bike-Treff f\u00fcr von Krebs betroffene Radfahrer. Das Dorfhelferinnenwerk bietet ein Mitmachprogramm f\u00fcr Kinder an, und die Hospizgruppe Dreisamtal baut einen B\u00fcchertisch auf. Der Fl\u00fcchtlingshelferkreis kommt mit einer Trommelgruppe, die zum Mittun einl\u00e4dt, Fl\u00fcchtlinge bieten N\u00e4harbeiten an und lassen afghanischen Fingerfood kosten.<br \/>\nB\u00fcrgerstiftung, Caritas, die Interessenselbstvertretung pflegender Angeh\u00f6riger (IspAn), der Verein Labyrinth sowie Pflegebegleiter verteilen Flyer und stehen zum Gespr\u00e4ch bereit. Der Lions-Club Dreisamtal verkauft vorm Gasthaus Sonne wieder Blumen vielf\u00e4ltigster Art, gestiftet von der Firma Holland Blumenwinkel aus Sinsheim, f\u00fcr sein Lions-Projekt zur Ausbildung von Lehrern in Sucht- und Gewaltpr\u00e4vention. Die Soziale Meile geht vom Gasthaus Sonne bis zur Passage. Im Anschluss stellen sich in der Freiburger Stra\u00dfe Bergwacht, Deutsches Rotes Kreuz und Feuerwehr vor und zeigen auch praktisch ihr K\u00f6nnen.<br \/>\nMit einer neuen Idee kommt das Netzwerk f\u00fcr Gutes im Dreisamtal erstmals an die \u00d6ffentlichkeit. Es pr\u00e4sentiert auf der Sozialen Meile die neue Vorsorgemappe Dreisamtal, die ab kommenden Sommer zur Verf\u00fcgung stehen wird. Darin enthalten sind dann unter anderem Vordrucke f\u00fcr Vorsorgevollmachten und Patientenverf\u00fcgungen, aber auch andere Hilfestellungen f\u00fcr die individuelle Vorsorge.<br \/>\nZum Thema &#8222;Vorsorgevollmacht und Patientenverf\u00fcgung&#8220; laden Volkshochschule und das Netzwerk zu einem Informationsvortrag mit Rechtsanwalt Uwe Matzeit am Dienstag, 15. M\u00e4rz, um 19.30 Uhr ins Kurhaus von Kirchzarten ein. Dem Netzwerk f\u00fcr Gutes sei es ein Anliegen, die B\u00fcrger in schwierigen Alltagssituationen zu unterst\u00fctzen. Weitere Vortr\u00e4ge sollen in diesem Jahr Orientierung und praktische Hilfe bei der sozialen Sicherung erm\u00f6glichen.<br \/>\nVerkaufsoffener Sonntag in Kirchzarten am Sonntag,<br \/>\n13. M\u00e4rz, 2016 von 12 bis 17 Uhr.<\/p>\n<p>12.3.2016 Gerhard L\u00fcck<\/p>\n","protected":false},"excerpt":{"rendered":"<p>Der 2010 gegr\u00fcndete Verein &#8222;Ride 2 Live&#8220; suchte 2012 auf seinem Weg, insbesondere an Krebs erkrankten Menschen finanziell zu helfen, den Kontakt zu anderen sozialen Vereinigungen in Kirchzarten und im Dreisamtal. Austausch untereinander und gemeinsame Absprachen waren die Ziele. Es &hellip; <a href=\"https:\/\/www.freiburg-schwarzwald.de\/blog\/soziale-meile-kirchzarten-1303\/\">Weiterlesen <span class=\"meta-nav\">&rarr;<\/span><\/a><\/p>\n","protected":false},"author":2,"featured_media":0,"comment_status":"open","ping_status":"closed","sticky":false,"template":"","format":"standard","meta":{"footnotes":""},"categories":[21,50,158,9,171],"tags":[717,577,712,388,586],"class_list":["post-59901","post","type-post","status-publish","format-standard","hentry","category-dienste","category-dreisamtal","category-gesund","category-soziales","category-verbraucher","tag-ehrenamt","tag-hilfe-2","tag-selbsthilfe","tag-social","tag-verein"],"_links":{"self":[{"href":"https:\/\/www.freiburg-schwarzwald.de\/blog\/wp-json\/wp\/v2\/posts\/59901","targetHints":{"allow":["GET"]}}],"collection":[{"href":"https:\/\/www.freiburg-schwarzwald.de\/blog\/wp-json\/wp\/v2\/posts"}],"about":[{"href":"https:\/\/www.freiburg-schwarzwald.de\/blog\/wp-json\/wp\/v2\/types\/post"}],"author":[{"embeddable":true,"href":"https:\/\/www.freiburg-schwarzwald.de\/blog\/wp-json\/wp\/v2\/users\/2"}],"replies":[{"embeddable":true,"href":"https:\/\/www.freiburg-schwarzwald.de\/blog\/wp-json\/wp\/v2\/comments?post=59901"}],"version-history":[{"count":0,"href":"https:\/\/www.freiburg-schwarzwald.de\/blog\/wp-json\/wp\/v2\/posts\/59901\/revisions"}],"wp:attachment":[{"href":"https:\/\/www.freiburg-schwarzwald.de\/blog\/wp-json\/wp\/v2\/media?parent=59901"}],"wp:term":[{"taxonomy":"category","embeddable":true,"href":"https:\/\/www.freiburg-schwarzwald.de\/blog\/wp-json\/wp\/v2\/categories?post=59901"},{"taxonomy":"post_tag","embeddable":true,"href":"https:\/\/www.freiburg-schwarzwald.de\/blog\/wp-json\/wp\/v2\/tags?post=59901"}],"curies":[{"name":"wp","href":"https:\/\/api.w.org\/{rel}","templated":true}]}}