{"id":59859,"date":"2016-03-10T12:06:00","date_gmt":"2016-03-10T11:06:00","guid":{"rendered":"https:\/\/www.freiburg-schwarzwald.de\/blog\/?p=59859"},"modified":"2016-03-17T08:42:55","modified_gmt":"2016-03-17T07:42:55","slug":"mahnwache-fukushima-in-fr","status":"publish","type":"post","link":"https:\/\/www.freiburg-schwarzwald.de\/blog\/mahnwache-fukushima-in-fr\/","title":{"rendered":"Mahnwache Fukushima in FR"},"content":{"rendered":"<p>Liebe <a title=\"1000 km Rhein \u2013 AKW Antiatom\" href=\"https:\/\/www.freiburg-schwarzwald.de\/blog\/1000-km-rhein-akw-antiatom\/\">Freunde<\/a>, diesen Freitag, 11. 3. 2016 j\u00e4hrt sich zum 5. Mal der Jahrestag der <a title=\"Fukushima\" href=\"https:\/\/www.freiburg-schwarzwald.de\/blog\/global\/japan\/fukushima\/\">Katastrophe von Fukushima<\/a>.\u00a0Hat dieses Ereignis damals die Welt ersch\u00fcttert, so macht uns fassungslos der heutige Umgang mit der <a title=\"AKW\" href=\"https:\/\/www.freiburg-schwarzwald.de\/blog\/energie\/akw\/\">Kernenergie<\/a>. Als h\u00e4tte es die <a title=\"Katastrophenschutz\" href=\"https:\/\/www.freiburg-schwarzwald.de\/blog\/energie\/akw\/katastrophenschutz\/\">Katastrophen<\/a> von <a title=\"AntiAtomTage Freiburg 2012 am 26.Tschernobyl-Jahrestag\" href=\"https:\/\/www.freiburg-schwarzwald.de\/blog\/antiatomtage-freiburg-2012-am-26-tschernobyl-jahrestag\/\">Tschernobyl <\/a>und Fukushima nie gegeben! Mit aller Macht, gegen jede <a title=\"Fessenheim Rauch \u2013 nix versteh\" href=\"https:\/\/www.freiburg-schwarzwald.de\/blog\/fessenheim-rauch-nix-versteh\/\">Vernunft<\/a> und jeden Widerstand riskieren die Regierenden in Japan, Belgien, Frankreich, <!--more-->fast ausnahmslos auf der ganzen Welt weitere Katastrophen!<br \/>\nWas \u2013 wer kann diesen Wahnsinn aufhalten?\u00a0Und dennoch tut sich was\u2026 das AKW Fessenheim wackelt schon inzwischen\u2026 Wir bleiben dran\u00a0und halten die allj\u00e4hrliche<br \/>\n.<br \/>\nMahnwache in Freiburg auf dem Augustinerplatz in Freiburgs Altstadt<br \/>\nam Freitag 11. 3. 2016 ab 18.00 Uhr<br \/>\nbis Sa. 12. 3. 2016 \u00a0um 18.00 Uhr\u00a0Mit 1000 Teelichtern und 1000 Grablichtern.<br \/>\nZu jeder vollen Stunde halten wir eine\u00a0Schweigeminute, Gedicht und Musik<br \/>\nAb 22 Uhr ist Nachtruhe<\/p>\n<p>Ihr seid alle herzlich eingeladen.<br \/>\nUnd solltet Ihr nicht in Freiburg sein, so beteiligt euch an der &#8218;Candle \u2013 Night&#8216;, dem Aufruf und der Bitte aus Japan:\u00a0\u201e&#8230;lasst Kerzen brennen am Fenster, auf dem Balkon, bei der Arbeit, in der Kirche&#8230;\u00fcberall! Mit einer brennenden Kerze verbindest Du Dich mit Menschen auf der ganzen Welt im Gedenken an die Opfer der atomaren Katastrophen&#8230;\u201c<br \/>\nIm Wissen und Vertrauen auf die Macht der Andacht lasst uns inne halten!\u00a0Schickt diese Karte weiter in die Welt.<br \/>\n10.3.2016, Herzliche Gr\u00fc\u00dfe,\u00a0Michael Ernst<br \/>\n.<br \/>\n<em>Der Arzt\u00a0Michael Ernst (64) ist geb\u00fcrtiger Schwabe, wohnt aber schon seit Jahren im Elztal. Seine Hausarztpraxis am Freiburger Friedrichring dient auch als Sitz des im Juni gegr\u00fcndeten Vereins \u201cFukushima-nie-vergessen\u201d, der f\u00fcr die Abschaltung des els\u00e4ssischen Kernkraftwerks <a title=\"Fessenheim AKW Aktionstag FR\" href=\"https:\/\/www.freiburg-schwarzwald.de\/blog\/fessenheim-akw-aktionstag-fr\/\">Fessenheim<\/a> k\u00e4mpft.<\/em><br \/>\n<a href=\"https:\/\/www.fukushima-nie-vergessen.de\">www.fukushima-nie-vergessen.de<\/a><\/p>\n<p>&nbsp;<\/p>\n<p><strong>\u201eAKW Fessenheim abschalten \u2013 SOFORT\u201c<br \/>\n<\/strong>Nachdem vor wenigen Tagen bekannt wurde, dass der St\u00f6rfall im franz\u00f6sischen Atomkraftwerk Fessenheim im April 2014 deutlich gef\u00e4hrlicher war als vom Betreiber EdF und der Atomaufsichtsbeh\u00f6rde ASN zugegeben wurde, hat die EWS Sch\u00f6nau eine Petition an die k\u00fcnftige Landesregierung von Baden-W\u00fcrttemberg gerichtet:<\/p>\n<p>\u201eSehr geehrte Mitglieder der k\u00fcnftigen Landesregierung von Baden-W\u00fcrttemberg,<br \/>\ndas franz\u00f6sische Atomkraftwerk Fessenheim ist uralt und gef\u00e4hrdet Millionen Menschen in der direkten Umgebung. Immer wieder kommt es in dem Reaktor zu Pannen. J\u00fcngst kam ans Licht, dass die franz\u00f6sischen Beh\u00f6rden einen gef\u00e4hrlichen St\u00f6rfall bewusst vertuscht haben. Wir dulden diese Gefahr nicht l\u00e4nger! Es darf keinen Super-GAU am Rhein geben &#8211; Fessenheim muss jetzt vom Netz genommen werden, bevor es zu sp\u00e4t ist!<br \/>\nDaher fordere ich Sie auf: Setzen Sie sich daf\u00fcr ein, dass das AKW Fessenheim unverz\u00fcglich stillgelegt wird. Schreiben Sie das Aus f\u00fcr Fessenheim als erkl\u00e4rtes Ziel im neuen Koalitionsvertrag fest und sorgen Sie daf\u00fcr, dass die Abschaltung des Pannenreaktors nicht weiter verz\u00f6gert wird.<br \/>\nAKW Fessenheim abschalten &#8211; sofort!\u201c<br \/>\n30 Jahre nach der Reaktorkatastrophe von Tschernobyl und f\u00fcnf Jahre nach der Katastrophe von Fukushima darf nicht l\u00e4nger hingenommen werden, dass weiter in unserer direkten Nachbarschaft ein Pannenreaktor betrieben wird, der eine akute Gef\u00e4hrdung f\u00fcr Millionen Menschen in der Region \u00a0 bedeutet.<br \/>\nSetzen Sie sich mit unserer Petition daf\u00fcr ein, dass das AKW Fessenheim unverz\u00fcglich stillgelegt wird! Fordern Sie die Mitglieder der k\u00fcnftigen Landesregierung von Baden-W\u00fcrttemberg auf, das Aus f\u00fcr Fessenheim als erkl\u00e4rtes Ziel im neuen Koalitionsvertrag festzuschreiben und sorgen Sie so daf\u00fcr, dass die Abschaltung des Pannenreaktors nicht weiter verz\u00f6gert wird!<br \/>\nUnsere Petition finden Sie unter <a href=\"https:\/\/www.ews-schoenau.de\/fessenheim\">www.ews-schoenau.de\/fessenheim<\/a><\/p>\n<p>&nbsp;<\/p>\n<p><strong>Mahnwache gelungen &#8211; zwei neue Petitionen<\/strong><br \/>\nUnsere Mahnwache war eine gelungene Aktion.<br \/>\nViele Menschen haben die Petition unterschrieben.<br \/>\nSebastian Sladek aus Sch\u00f6nau hat eine neue Petition gestartet an die Landesregierung Baden W\u00fcrttemberg<br \/>\nHelfen Sie mit, das AKW Fessenheim abzustellen!<br \/>\nPetition an die Landesregierung Baden &#8211; W\u00fcrttemberg<br \/>\n<a href=\"https:\/\/weact.campact.de\/petitions\/fessenheim-abschalten-sofort-2\">https:\/\/weact.campact.de\/petitions\/fessenheim-abschalten-sofort-2<\/a><\/p>\n<p>Petition an Pr\u00e4sident Hollande:<br \/>\n<a href=\"https:\/\/www.change.org\/p\/herrn-pr%C3%A4sident-hollande-pr%C3%A9sident-de-la-grande-nation-schalten-sie-bitte-das-akw-fessenheim-unverz%C3%BCglich-ab\">https:\/\/www.change.org\/p\/herrn-pr%C3%A4sident-hollande-pr%C3%A9sident-de-la-grande-nation-schalten-sie-bitte-das-akw-fessenheim-unverz%C3%BCglich-ab<\/a><\/p>\n<p>Je mehr Menschen die Kampagne unterst\u00fctzen, desto gr\u00f6\u00dfer ist die Wahrscheinlichkeit, dass sie Erfolg hat. Helfen Sie mit, die Kampagne zu verbreiten, und empfehlen Sie sie Ihren Freund\/innen und Bekannten weiter!<br \/>\n17.3.2016, Michael Ernst,\u00a0<a class=\"moz-txt-link-rfc2396E\" href=\"mailto:ernst_michaelernst@web.de\">ernst_michaelernst@web.de<\/a><\/p>\n","protected":false},"excerpt":{"rendered":"<p>Liebe Freunde, diesen Freitag, 11. 3. 2016 j\u00e4hrt sich zum 5. Mal der Jahrestag der Katastrophe von Fukushima.\u00a0Hat dieses Ereignis damals die Welt ersch\u00fcttert, so macht uns fassungslos der heutige Umgang mit der Kernenergie. Als h\u00e4tte es die Katastrophen von &hellip; <a href=\"https:\/\/www.freiburg-schwarzwald.de\/blog\/mahnwache-fukushima-in-fr\/\">Weiterlesen <span class=\"meta-nav\">&rarr;<\/span><\/a><\/p>\n","protected":false},"author":2,"featured_media":0,"comment_status":"open","ping_status":"closed","sticky":false,"template":"","format":"standard","meta":{"footnotes":""},"categories":[164,49,62,157,172],"tags":[640,163,325,151],"class_list":["post-59859","post","type-post","status-publish","format-standard","hentry","category-akw","category-freiburg","category-krebs","category-oeffentlicher-raum","category-zukunft","tag-akw-2","tag-atomkraft","tag-demo","tag-erneuerbare-energien"],"_links":{"self":[{"href":"https:\/\/www.freiburg-schwarzwald.de\/blog\/wp-json\/wp\/v2\/posts\/59859","targetHints":{"allow":["GET"]}}],"collection":[{"href":"https:\/\/www.freiburg-schwarzwald.de\/blog\/wp-json\/wp\/v2\/posts"}],"about":[{"href":"https:\/\/www.freiburg-schwarzwald.de\/blog\/wp-json\/wp\/v2\/types\/post"}],"author":[{"embeddable":true,"href":"https:\/\/www.freiburg-schwarzwald.de\/blog\/wp-json\/wp\/v2\/users\/2"}],"replies":[{"embeddable":true,"href":"https:\/\/www.freiburg-schwarzwald.de\/blog\/wp-json\/wp\/v2\/comments?post=59859"}],"version-history":[{"count":0,"href":"https:\/\/www.freiburg-schwarzwald.de\/blog\/wp-json\/wp\/v2\/posts\/59859\/revisions"}],"wp:attachment":[{"href":"https:\/\/www.freiburg-schwarzwald.de\/blog\/wp-json\/wp\/v2\/media?parent=59859"}],"wp:term":[{"taxonomy":"category","embeddable":true,"href":"https:\/\/www.freiburg-schwarzwald.de\/blog\/wp-json\/wp\/v2\/categories?post=59859"},{"taxonomy":"post_tag","embeddable":true,"href":"https:\/\/www.freiburg-schwarzwald.de\/blog\/wp-json\/wp\/v2\/tags?post=59859"}],"curies":[{"name":"wp","href":"https:\/\/api.w.org\/{rel}","templated":true}]}}