{"id":59815,"date":"2016-03-07T10:27:27","date_gmt":"2016-03-07T09:27:27","guid":{"rendered":"https:\/\/www.freiburg-schwarzwald.de\/blog\/?p=59815"},"modified":"2016-03-07T10:31:23","modified_gmt":"2016-03-07T09:31:23","slug":"gleiches-recht-fuer-alle-nicht","status":"publish","type":"post","link":"https:\/\/www.freiburg-schwarzwald.de\/blog\/gleiches-recht-fuer-alle-nicht\/","title":{"rendered":"Gleiches Recht fuer Alle &#8211; nicht"},"content":{"rendered":"<p>Unser<a title=\"Rechtsstaat\" href=\"https:\/\/www.freiburg-schwarzwald.de\/blog\/selbsthilfe\/soziales\/justiz\/rechtsstaat\/\"> Rechtsstaat<\/a> wird von der \u00e4u\u00dfersten <a title=\"Rechts\" href=\"https:\/\/www.freiburg-schwarzwald.de\/blog\/engagement\/zukunft\/demokratie\/rechts\/\">Rechten<\/a> (NPD, Pegida) wie <a title=\"Links\" href=\"https:\/\/www.freiburg-schwarzwald.de\/blog\/engagement\/zukunft\/demokratie\/links\/\">Linken<\/a> (Antifa) bedroht. Was aber noch viel schlimmer ist &#8211; auch die <a title=\"Wir-schaffen-das\" href=\"https:\/\/www.freiburg-schwarzwald.de\/blog\/global\/migration\/wir-schaffen-das\/\">Mitte<\/a> bef\u00fcrwortet zunehmend Rechtsbruch: Pastoren gew\u00e4hren massenweise <a title=\"Kirchenasyl contra Rechtsstaat\" href=\"https:\/\/www.freiburg-schwarzwald.de\/blog\/kirchenasyl-contra-rechtsstaat\/\">Kirchenasyl<\/a>, <a title=\"Islam-Opferrolle\" href=\"https:\/\/www.freiburg-schwarzwald.de\/blog\/religion\/islam\/islam-opferrolle\/\">Islam-Ver\u00e4ngstigte<\/a> r\u00e4umen <a title=\"Islam-Frauen\" href=\"https:\/\/www.freiburg-schwarzwald.de\/blog\/religion\/islam\/islam-frauen\/\">Sonderrechte<\/a> ein, politische <a title=\"Merkelismus\" href=\"https:\/\/www.freiburg-schwarzwald.de\/blog\/engagement\/zukunft\/demokratie\/merkelismus\/\">Mainstreamler<\/a> ignorieren die <a title=\"Demokratie \u2013 Gewaltenteilung\" href=\"https:\/\/www.freiburg-schwarzwald.de\/blog\/demokratie-gewaltenteilung\/\">Judikative<\/a>. &#8222;<a title=\"Rechtsstaat fuer alle Buerger\" href=\"https:\/\/www.freiburg-schwarzwald.de\/blog\/rechtsstaat-fuer-alle-buerger\/\">Gleiches Recht<\/a> f\u00fcr Alle&#8220; gilt in unserer <a title=\"Demokratie\" href=\"https:\/\/www.freiburg-schwarzwald.de\/blog\/engagement\/zukunft\/demokratie\/\">Demokratie<\/a> so leider nicht mehr.<!--more--><br \/>\n.<strong><br \/>\nFreiburgs B\u00fcrgermeister Neideck: Falsche Behauptungen und ein Appell zu rechtswidrigem Verhalten<\/strong><br \/>\nIch bin besonders vom <a title=\"Stadtfreiburg\" href=\"https:\/\/www.freiburg-schwarzwald.de\/blog\/regio\/freiburg\/stadtfreiburg\/\">Ersten B\u00fcrgermeister Otto Neideck<\/a> sehr entt\u00e4uscht, aber auch von den anderen CDU-Politikern. Mit seiner Stellungnahme f\u00fcr die Fl\u00fcchtlingspolitik der Bundeskanzlerin hat er sich verhalten wie viele andere Politiker und Medien: falsche Behauptungen, aber keine Analyse und ein Appell zu rechtswidrigem Verhalten. Musste er sich wirklich in den Chor derjenigen einreihen, die solche falschen Behauptungen in die Welt setzen? Das hei\u00dft im Einzelnen:<br \/>\n&#8211; Obergrenzen sind kein Unsinn. Jedes Recht hat seine innere Grenze in der Leistungsf\u00e4higkeit des Staates und der Gesellschaft. Au\u00dferdem ist es unsinnig, eine Qualit\u00e4t, die des Rechts, zu quantifizieren.<br \/>\n&#8211; Falsch ist Neidecks Satz: &#8222;Wer verfolgt ist, hat Anspruch auf Asyl&#8220;, der vorgibt, sich auf das Grundgesetz zu beziehen. Nein: nur wer politisch verfolgt ist! So Artikel 16a, Absatz 1, Grundgesetz.<br \/>\n&#8211; Praktisch kein Einreisender kann sich auf das Asylrecht berufen. Denn das Grundgesetz sagt: Auf das Asylrecht kann sich nicht berufen, wer aus einem EU-Staat nach Deutschlands einreist, so Artikel 16a, Absatz 2.<br \/>\n.<br \/>\nDie vom Ersten B\u00fcrgermeister bef\u00fcrwortete Politik zwingt die Grenzbeamten zum Rechtsbruch: Nach Paragraf 18, Absatz 1, Asylgesetz &#8222;ist dem Ausl\u00e4nder die Einreise zu verweigern, wenn (\u2026) er aus einem sicheren Drittland einreist&#8220;. Das ist keine Soll- oder Kann-Bestimmung. Dem Ausl\u00e4nder muss die Einreise verweigert werden.<br \/>\nDer Erste B\u00fcrgermeister schwimmt auf einer Welle des <a title=\"Gutmenschen\" href=\"https:\/\/www.freiburg-schwarzwald.de\/blog\/engagement\/gutmenschen\/\">Mainstream<\/a>, der seine falschen Botschaften bundesweit fast unwidersprochen und mit Hilfe der Medien verbreitet.<br \/>\nDas ist schlimm. Jemand, der den massenhaften Rechtsbruch bef\u00fcrwortet und sich gleichzeitig auf das Recht beruft, ist unglaubw\u00fcrdig und macht sich l\u00e4cherlich. Das ist nur ein kleiner Blick auf das &#8222;rechtsstaatliche&#8220; Bewusstsein und die &#8222;rechtsstaatliche&#8220; Praxis der Bundesrepublik und wie ihre Repr\u00e4sentanten mit dem Rechtsstaat umgehen. Es ist mehr als traurig: Politisches Bekenntnis steht \u00fcber dem Recht und seinen Regelungen.<br \/>\n7.3.2016, Hans-Georg Deggau, Freiburg<br \/>\n.<br \/>\nZum Artikel &#8222;Freiburger CDU steht hinter Merkel&#8220;, BZ vom 22. Januar.<br \/>\n<a href=\"https:\/\/www.badische-zeitung.de\/freiburg\/bz-umfrage-freiburger-cdu-steht-weitgehend-hinter-merkel--116416012.html\">https:\/\/www.badische-zeitung.de\/freiburg\/bz-umfrage-freiburger-cdu-steht-weitgehend-hinter-merkel&#8211;116416012.html<\/a><\/p>\n","protected":false},"excerpt":{"rendered":"<p>Unser Rechtsstaat wird von der \u00e4u\u00dfersten Rechten (NPD, Pegida) wie Linken (Antifa) bedroht. Was aber noch viel schlimmer ist &#8211; auch die Mitte bef\u00fcrwortet zunehmend Rechtsbruch: Pastoren gew\u00e4hren massenweise Kirchenasyl, Islam-Ver\u00e4ngstigte r\u00e4umen Sonderrechte ein, politische Mainstreamler ignorieren die Judikative. &#8222;Gleiches &hellip; <a href=\"https:\/\/www.freiburg-schwarzwald.de\/blog\/gleiches-recht-fuer-alle-nicht\/\">Weiterlesen <span class=\"meta-nav\">&rarr;<\/span><\/a><\/p>\n","protected":false},"author":2,"featured_media":0,"comment_status":"open","ping_status":"closed","sticky":false,"template":"","format":"standard","meta":{"footnotes":""},"categories":[18,36,155,80,157,172],"tags":[633,431,525,500],"class_list":["post-59815","post","type-post","status-publish","format-standard","hentry","category-bildung","category-engagement","category-integration","category-medien","category-oeffentlicher-raum","category-zukunft","tag-demokratie","tag-gerecht","tag-politik","tag-wahl"],"_links":{"self":[{"href":"https:\/\/www.freiburg-schwarzwald.de\/blog\/wp-json\/wp\/v2\/posts\/59815","targetHints":{"allow":["GET"]}}],"collection":[{"href":"https:\/\/www.freiburg-schwarzwald.de\/blog\/wp-json\/wp\/v2\/posts"}],"about":[{"href":"https:\/\/www.freiburg-schwarzwald.de\/blog\/wp-json\/wp\/v2\/types\/post"}],"author":[{"embeddable":true,"href":"https:\/\/www.freiburg-schwarzwald.de\/blog\/wp-json\/wp\/v2\/users\/2"}],"replies":[{"embeddable":true,"href":"https:\/\/www.freiburg-schwarzwald.de\/blog\/wp-json\/wp\/v2\/comments?post=59815"}],"version-history":[{"count":0,"href":"https:\/\/www.freiburg-schwarzwald.de\/blog\/wp-json\/wp\/v2\/posts\/59815\/revisions"}],"wp:attachment":[{"href":"https:\/\/www.freiburg-schwarzwald.de\/blog\/wp-json\/wp\/v2\/media?parent=59815"}],"wp:term":[{"taxonomy":"category","embeddable":true,"href":"https:\/\/www.freiburg-schwarzwald.de\/blog\/wp-json\/wp\/v2\/categories?post=59815"},{"taxonomy":"post_tag","embeddable":true,"href":"https:\/\/www.freiburg-schwarzwald.de\/blog\/wp-json\/wp\/v2\/tags?post=59815"}],"curies":[{"name":"wp","href":"https:\/\/api.w.org\/{rel}","templated":true}]}}