{"id":59638,"date":"2016-02-27T20:52:45","date_gmt":"2016-02-27T19:52:45","guid":{"rendered":"https:\/\/www.freiburg-schwarzwald.de\/blog\/?p=59638"},"modified":"2016-02-28T11:04:50","modified_gmt":"2016-02-28T10:04:50","slug":"integration-muslime-in-f-und-d","status":"publish","type":"post","link":"https:\/\/www.freiburg-schwarzwald.de\/blog\/integration-muslime-in-f-und-d\/","title":{"rendered":"Integration Muslime in F und D"},"content":{"rendered":"<p>Rein statistisch scheint die <a title=\"Integration\" href=\"https:\/\/www.freiburg-schwarzwald.de\/blog\/global\/integration\/\">Integration<\/a> in <a title=\"France\" href=\"https:\/\/www.freiburg-schwarzwald.de\/blog\/global\/france\/\">Frankreich<\/a> gegl\u00fcckt zu sein: Schon in der 2. Generation sind 44% der <a title=\"Mahgreb\" href=\"https:\/\/www.freiburg-schwarzwald.de\/blog\/global\/mahgreb\/\">Nordafrikaner<\/a> mit Nichtmigranten <a title=\"Assimilation\" href=\"https:\/\/www.freiburg-schwarzwald.de\/blog\/global\/integration\/assimilation\/\">verheiratet<\/a>. Dennoch: Die Banlieue rund um Paris (wie auch die in den anderen franz\u00f6sischen Gro\u00dfst\u00e4dten) ist gepr\u00e4gt durch <a title=\"No-Go-Area\" href=\"https:\/\/www.freiburg-schwarzwald.de\/blog\/business\/dienste\/immobilien\/wohnen\/no-go-area\/\">NoGo<\/a>, Gewalt, Hochhaus-Sozialbauten HLM (<a title=\"Migration-Wohnen\" href=\"https:\/\/www.freiburg-schwarzwald.de\/blog\/global\/migration\/migration-wohnen\/\">Wohnungen<\/a> zur ma\u00dfvollen Miete), <a title=\"Parallelgesellschaft\" href=\"https:\/\/www.freiburg-schwarzwald.de\/blog\/global\/integration\/parallelgesellschaft\/\">Parallelgesellschaft<\/a> und <a title=\"Parallelkultur\" href=\"https:\/\/www.freiburg-schwarzwald.de\/blog\/global\/integration\/parallelkultur\/\">Parallelkultur<\/a>. <!--more-->Hier sind seit der Mitte der 60er Jahre die Algerienfranzosen untergebracht, hier brach im Jahr 2005 der Ghetto-Aufstand der Kinder der Immigranten aus dem Mahgreb aus, die zwar den franz\u00f6sischen Pa\u00df besitzen, sich aber als Underdog-Franzosen f\u00fchlen.<br \/>\nIn den nachfolgenden 10 Jahren wurden viel Geld investiert und viele Integrationsprogramme initiiert &#8211; vergeblich. Arbeitslosigkeit besonders unter Jugendlichen, Gewalt und Perspektivlosigkeit sind geblieben. Frankreich hat sich nie f\u00fcr den Algerienkrieg mit 300.000 Toten entschuldigt &#8211; daran erinnern die islamistischen Anwerber die 15-20j\u00e4hrigen Arbeitslosen, deren Eltern bzw. Gro\u00dfeltern aus Algerien nach Paris kamen. Unter ihnen Samy Amimour und weitere Attent\u00e4ter vom <a title=\"Paris13nov2015\" href=\"https:\/\/www.freiburg-schwarzwald.de\/blog\/engagement\/zukunft\/demokratie\/paris13nov2015\/\">Bataclan am 13.11.2015<\/a>.<br \/>\nIslam bzw. Islamismus scheinen den <a title=\"Laizismus\" href=\"https:\/\/www.freiburg-schwarzwald.de\/blog\/engagement\/zukunft\/demokratie\/laizismus\/\">laizistischen Staat<\/a> besiegt zu haben. Seit 2010 hat der franz\u00f6sische Staat aus Angst resigniert und sich aus der Banlieue zur\u00fcckgezogen. &#8222;Der Staat hat Angst. jeder wei\u00df, dass es in der Banlieue Waffenlager gibt. Aber dieses schlechte Gewissen der Republik, diese Rede von den Opfern des Kolonialismus &#8230; Aus falsch verstandener Toleranz l\u00e4\u00dft der Staat die Arme h\u00e4ngen. Die breite Masse macht nichts. Alle haben Angst.&#8220; Dies sagt Hassen Chalghoumi, Imam in Paris-Drancy, aus Tunesien geb\u00fcrtiger Reformmuslim, der nach seiner Unterst\u00fctzung des <a title=\"Verschleierung\" href=\"https:\/\/www.freiburg-schwarzwald.de\/blog\/religion\/islam\/verschleierung\/\">Burkaverbots<\/a> mit Morddrohungen leben mu\u00df.<\/p>\n<p>In Frankreich ist die Integration der muslimischen Einwanderung aus dem Mahgreb gescheitert. Ob als Nachwirkung der &#8222;unseligen Vergangenheit&#8220; des franz\u00f6sishen Kolonialkriegs mit Algerien 1960 &#8211; dies sei dahingestellt.<br \/>\nDeutschland ist derzeit mit der Integration der nach\u00a0<a title=\"Budapest-Dublin2015\" href=\"https:\/\/www.freiburg-schwarzwald.de\/blog\/global\/eu\/budapest-dublin2015\/\">Budapest 9\/2015<\/a> einsetzenden muslimischen Einwanderung besch\u00e4ftigt. Kann eine Integration in Deutschland gelingen, die in Frankreich im Desaster endete?<br \/>\nAus der Geschichte lernen &#8211; dies bezieht sich auf die eigene Geschichte wie auch die unseres\u00a0Nachbarn im Westen, mit dem wir \u00fcber die &#8222;Amitie Franco-Allemande&#8220; so gut verbunden sind. Es w\u00e4re furchtbar, wenn wir aus den\u00a0Fehlern Frankreichs bei der Integration seiner eingewanderten Muslime (die \u00fcbrigens allesamt die franz\u00f6sische Staatsb\u00fcrgerschaft besitzen und Franz\u00f6sisch als Muttersprache sprechen)\u00a0nicht lernen wollen. Also: Machen Sie sich kundig\u00a0auf einem Ausflug nach <a title=\"Mulhouse\" href=\"https:\/\/www.freiburg-schwarzwald.de\/blog\/regio\/elsass\/mulhouse\/\">Mulhouse<\/a>, Colmar oder Strasbourg und besuchen Sie dort die Banlieue (nicht die f\u00fcr Touristen herausgeputzte historische Altstadt).<br \/>\n27.2.2017<br \/>\nZitat aus: Endstation Bataclan, DER SPIEGEL vom 20.2.2016, Seiten 68-73<br \/>\n.<\/p>\n<p><strong>Integration der Muslime: In D schwierger als in F?<\/strong><br \/>\nVergleiche sind immer gef\u00e4hrlich, vor allem, wenn sie zu <a title=\"Relativierung\" href=\"https:\/\/www.freiburg-schwarzwald.de\/blog\/kultur\/medien\/relativierung\/\">Relativierungen<\/a> f\u00fchren. Die muslimische Migration in F und D l\u00e4\u00dft sich im Grunde nur schwer vergleichen, da grundverschieden: Algerien, Mahgreb, Kolonialkrieg versus Syrien\/Irak, Arabien, B\u00fcrgerkrieg). Wenn der Versuch dennoch gewagt, dann um &#8222;aus der Geschichte zu lernen&#8220; &#8211; und hier hat Frankreich viele historische Erfahrungen gemacht, die uns in Deutschland wertvolle Hinweise zur Integration geben k\u00f6nnen.<br \/>\nVier Aspekte zur Integration in F:<br \/>\n1) Muslimische Einwanderer aus dem Mahgreb haben kein Sprachproblem, da Franz\u00f6sisch in Algerien fr\u00fcher erste und heute zweite Amtssprache ist.<br \/>\n2) Ihre in Frankreich geborenene Kinder (und sp\u00e4ter auch die Eltern) erhalten automatisch die franz\u00f6sische Staatsb\u00fcrgerschaft. &#8222;Vive la France!&#8220; voller Nationalstolz h\u00f6rt man auch aus dem Mund der Migranten (man stelle sich vor: in Deutschland rufen Migranten ernsthaft und voller Inbrunst \u00a0&#8222;Es lebe Deutschland!&#8220; \u00a0&#8211; undenkbar, da w\u00fcrden die Deutschen die Fl\u00fcchtlinge mit der Nazi-Keule behandeln).<br \/>\n3) Im laizistischen Frankreich mit der strengen Trennung von Kirche und Staat werden Christen wie Muslime gleich behandelt: Religion als Privatsache. Anders als in Deutschland, wo der Staat Katholiken und Protestanten viele Sonderrechte einr\u00e4umt, weshalb Muslime sich &#8211; vollkommen zu Recht &#8211; zur\u00fcckgesetzt f\u00fchlen.<br \/>\n4) Der von den franz\u00f6sischen Migranten praktizierte Volks-Islam ist einheitlich dem sunnitischen Islam zugeh\u00f6rig &#8211; anders als in Deutschland, wo Sunniten,\u00a0Schiiten, Aleviten, Ahmadiyya, .. vertreten und deshalb\u00a0auch heute schon\u00a0innerislamische Glaubensk\u00e4mpfe zu verzeichnen sind.<\/p>\n<p>Zusammenfassend l\u00e4\u00dft sich feststellen, dass die muslimische Migration in Frankreich hinsichtlich Sprache, Staatsb\u00fcrgerschaft, Religionsdiskriminieung und Islam-Richtungen viel g\u00fcnstigere Voraussetzungen zur Integration bietet als in Deutschland. Machen wir uns nichts vor: Das so leicht hin ausgesprochene Zauberwort der &#8222;Integration der Muslime&#8220; wird uns vor gro\u00dfe Probleme stellen.<br \/>\n28.2.2016<\/p>\n<p>&nbsp;<\/p>\n<p>&nbsp;<\/p>\n<p>&nbsp;<\/p>\n<p>&nbsp;<\/p>\n<p>&nbsp;<\/p>\n<p>.<br \/>\n<strong>K\u00f6nnen sich Muslime nicht integrieren?<\/strong><br \/>\nSeit der merkelschen Grenz\u00f6ffnung sind \u00fcber eine Millionen Muslime nach Deutschland gekommen. T\u00e4glich werden es mehr. Wenn ich diesen Text zu Ende geschrieben habe, werden weitere hunderte Muslime angekommen sein. Inzwischen wird uns \u201eIntegration\u201c als Allheilmittel f\u00fcr die bereits bestehenden und sich st\u00e4ndig versch\u00e4rfenden Probleme mit der ungeregelten Zuwanderung angepriesen. Gr\u00fcne Politikerinnen wie Claudia Roth wollen gar den \u201eIntegrationsturbo\u201c anwerfen. Frau G\u00f6ring \u2013 Eckardt behauptet, in den Fl\u00fcchtlingsunterk\u00fcnften w\u00fcrden \u201eunsere Regeln des Zusammenlebens gelten\u201c. Beide haben wieder einmal keine Ahnung, wovon sie sprechen. In unseren Fl\u00fcchtlingsunterk\u00fcnften werden Christen und Frauen gnadenlos schikaniert.<br \/>\nWer wissen will, was uns bevorsteht, wenn wir nicht schnellstens umsteuern, sollte sich mit den Verh\u00e4ltnissen dort vertraut machen. Was die Illusionen \u00fcber die Integration von Millionen Muslimen angeht, sollten sich alle verantwortlichen Politiker, Journalisten, Willkommenskulturalisten et tutti quanti \u00fcber den Koran und den Islam kundig machen. Ich kann daf\u00fcr ein hervorragendes Buch empfehlen, geschrieben von Barbara K\u00f6ster: \u201eDer missverstandene Koran. Warum der Islam neu begr\u00fcndet werden muss\u201c. Barbara K\u00f6ster hat kein wissenschaftliches Buch geschrieben, sondern ein allgemeinverst\u00e4ndliches, gut lesbares, das dennoch allen wissenschaftlichen Anforderungen gen\u00fcgen d\u00fcrfte. Wer es, wie ich, gelesen hat, versteht vieles von dem, was sich vor unseren Augen abspielt, besser. &#8230;.<br \/>\nAlles von Vera Lengsfeld vom 22.2.2016 bitte lesen auf<br \/>\n<a href=\"https:\/\/www.achgut.com\/dadgdx\/index.php\/dadgd\/article\/warum_sich_muslime_nicht_integrieren_koennen\">https:\/\/www.achgut.com\/dadgdx\/index.php\/dadgd\/article\/warum_sich_muslime_nicht_integrieren_koennen<br \/>\n<\/a>\u00a0.<br \/>\n<strong>Verachtung der eigenen Kultur: Pfaffen durch Imame ersetzen<\/strong><br \/>\nIch verstehe dieses, aus falscher Toleranz gelebtes Entgegenkommen gegen\u00fcber dem Islam nicht. Diese Selbstverachtung der eigenen Kultur und Vergangenheit, kann ich nicht nachvollziehen und ist mir fremd. Weder emotional noch intellektuell.<br \/>\nWir haben uns doch nicht von den Pfaffen befreit, um uns den Imamen anzubiedern.<br \/>\n22.2.2016, Alexander Zeiler<\/p>\n","protected":false},"excerpt":{"rendered":"<p>Rein statistisch scheint die Integration in Frankreich gegl\u00fcckt zu sein: Schon in der 2. Generation sind 44% der Nordafrikaner mit Nichtmigranten verheiratet. Dennoch: Die Banlieue rund um Paris (wie auch die in den anderen franz\u00f6sischen Gro\u00dfst\u00e4dten) ist gepr\u00e4gt durch NoGo, &hellip; <a href=\"https:\/\/www.freiburg-schwarzwald.de\/blog\/integration-muslime-in-f-und-d\/\">Weiterlesen <span class=\"meta-nav\">&rarr;<\/span><\/a><\/p>\n","protected":false},"author":2,"featured_media":0,"comment_status":"open","ping_status":"closed","sticky":false,"template":"","format":"standard","meta":{"footnotes":""},"categories":[195,155,60,19,172],"tags":[633,489,725,421,301,631],"class_list":["post-59638","post","type-post","status-publish","format-standard","hentry","category-eu","category-integration","category-jugend","category-religion","category-zukunft","tag-demokratie","tag-european-union","tag-integration","tag-islam","tag-culture","tag-staat"],"_links":{"self":[{"href":"https:\/\/www.freiburg-schwarzwald.de\/blog\/wp-json\/wp\/v2\/posts\/59638","targetHints":{"allow":["GET"]}}],"collection":[{"href":"https:\/\/www.freiburg-schwarzwald.de\/blog\/wp-json\/wp\/v2\/posts"}],"about":[{"href":"https:\/\/www.freiburg-schwarzwald.de\/blog\/wp-json\/wp\/v2\/types\/post"}],"author":[{"embeddable":true,"href":"https:\/\/www.freiburg-schwarzwald.de\/blog\/wp-json\/wp\/v2\/users\/2"}],"replies":[{"embeddable":true,"href":"https:\/\/www.freiburg-schwarzwald.de\/blog\/wp-json\/wp\/v2\/comments?post=59638"}],"version-history":[{"count":0,"href":"https:\/\/www.freiburg-schwarzwald.de\/blog\/wp-json\/wp\/v2\/posts\/59638\/revisions"}],"wp:attachment":[{"href":"https:\/\/www.freiburg-schwarzwald.de\/blog\/wp-json\/wp\/v2\/media?parent=59638"}],"wp:term":[{"taxonomy":"category","embeddable":true,"href":"https:\/\/www.freiburg-schwarzwald.de\/blog\/wp-json\/wp\/v2\/categories?post=59638"},{"taxonomy":"post_tag","embeddable":true,"href":"https:\/\/www.freiburg-schwarzwald.de\/blog\/wp-json\/wp\/v2\/tags?post=59638"}],"curies":[{"name":"wp","href":"https:\/\/api.w.org\/{rel}","templated":true}]}}