{"id":59634,"date":"2016-02-27T18:40:54","date_gmt":"2016-02-27T17:40:54","guid":{"rendered":"https:\/\/www.freiburg-schwarzwald.de\/blog\/?p=59634"},"modified":"2016-02-27T18:40:54","modified_gmt":"2016-02-27T17:40:54","slug":"amsel-zuerst-kraehe-danach","status":"publish","type":"post","link":"https:\/\/www.freiburg-schwarzwald.de\/blog\/amsel-zuerst-kraehe-danach\/","title":{"rendered":"Amsel zuerst &#8211; Kraehe danach"},"content":{"rendered":"<p>Trotz <a title=\"Wir-schaffen-das\" href=\"https:\/\/www.freiburg-schwarzwald.de\/blog\/global\/migration\/wir-schaffen-das\/\">alledem<\/a>, die <a title=\"Die Amsel singt schon im Januar\" href=\"https:\/\/www.freiburg-schwarzwald.de\/blog\/die-amsel-singt-schon-im-januar\/\">Amseln<\/a> singen wieder. Seit 20.2. stimmen die <a title=\"Amseln singen Fruehlinganfang\" href=\"https:\/\/www.freiburg-schwarzwald.de\/blog\/amseln-singen-fruehlinganfang\/\">Amseln<\/a> in der dunklen Fr\u00fche ab 6 Uhr ihren <a title=\"Vogelsang\" href=\"https:\/\/www.freiburg-schwarzwald.de\/blog\/regio\/kaiserstuhl\/vogelsang\/\">Gesang<\/a> an &#8211; auch bei Regen, K\u00e4lte und Schnee. Vielleicht singen die <a title=\"Stunde der Gartenvoegel \u2013 Nabu\" href=\"https:\/\/www.freiburg-schwarzwald.de\/blog\/stunde-der-gartenvoegel-nabu\/\">Amselm\u00e4nner<\/a> uns zur Freude, sicher aber, um ihre Grenze zum benachbarten Amselmann zu markieren. Ich hatte mich den Winter \u00fcber beim allmorgendlichen Gekreische der <a title=\"Kr\u00e4hen l\u00e4rmen \u2013 Schutz der Menschen vor Naturschutz\" href=\"https:\/\/www.freiburg-schwarzwald.de\/blog\/krahen-larmen-schutz-der-menschen-vor-naturschutz\/\">vielen Kr\u00e4hen<\/a> oft gefragt, ob die Amseln im Fr\u00fchjahr \u00fcberhaupt zu h\u00f6ren sein werden. <!--more-->Tun sie, zum Gl\u00fcck: Vor Sonnenaufgang singen die Amseln, danach bei Tageslicht &#8211; derzeit ab 7 Uhr &#8211; kr\u00e4chzen die <a title=\"Rabenvogel\" href=\"https:\/\/www.freiburg-schwarzwald.de\/blog\/natur\/tiere\/vogel\/rabenvogel\/\">Rabenv\u00f6gel<\/a>.<\/p>\n","protected":false},"excerpt":{"rendered":"<p>Trotz alledem, die Amseln singen wieder. Seit 20.2. stimmen die Amseln in der dunklen Fr\u00fche ab 6 Uhr ihren Gesang an &#8211; auch bei Regen, K\u00e4lte und Schnee. Vielleicht singen die Amselm\u00e4nner uns zur Freude, sicher aber, um ihre Grenze &hellip; <a href=\"https:\/\/www.freiburg-schwarzwald.de\/blog\/amsel-zuerst-kraehe-danach\/\">Weiterlesen <span class=\"meta-nav\">&rarr;<\/span><\/a><\/p>\n","protected":false},"author":2,"featured_media":0,"comment_status":"open","ping_status":"closed","sticky":false,"template":"","format":"standard","meta":{"footnotes":""},"categories":[12,11,68,220],"tags":[142,466],"class_list":["post-59634","post","type-post","status-publish","format-standard","hentry","category-natur","category-regio","category-umwelt","category-vogel","tag-renaturierung","tag-tierschutz"],"_links":{"self":[{"href":"https:\/\/www.freiburg-schwarzwald.de\/blog\/wp-json\/wp\/v2\/posts\/59634","targetHints":{"allow":["GET"]}}],"collection":[{"href":"https:\/\/www.freiburg-schwarzwald.de\/blog\/wp-json\/wp\/v2\/posts"}],"about":[{"href":"https:\/\/www.freiburg-schwarzwald.de\/blog\/wp-json\/wp\/v2\/types\/post"}],"author":[{"embeddable":true,"href":"https:\/\/www.freiburg-schwarzwald.de\/blog\/wp-json\/wp\/v2\/users\/2"}],"replies":[{"embeddable":true,"href":"https:\/\/www.freiburg-schwarzwald.de\/blog\/wp-json\/wp\/v2\/comments?post=59634"}],"version-history":[{"count":0,"href":"https:\/\/www.freiburg-schwarzwald.de\/blog\/wp-json\/wp\/v2\/posts\/59634\/revisions"}],"wp:attachment":[{"href":"https:\/\/www.freiburg-schwarzwald.de\/blog\/wp-json\/wp\/v2\/media?parent=59634"}],"wp:term":[{"taxonomy":"category","embeddable":true,"href":"https:\/\/www.freiburg-schwarzwald.de\/blog\/wp-json\/wp\/v2\/categories?post=59634"},{"taxonomy":"post_tag","embeddable":true,"href":"https:\/\/www.freiburg-schwarzwald.de\/blog\/wp-json\/wp\/v2\/tags?post=59634"}],"curies":[{"name":"wp","href":"https:\/\/api.w.org\/{rel}","templated":true}]}}