{"id":59617,"date":"2016-02-26T18:34:13","date_gmt":"2016-02-26T17:34:13","guid":{"rendered":"https:\/\/www.freiburg-schwarzwald.de\/blog\/?p=59617"},"modified":"2016-02-26T18:34:50","modified_gmt":"2016-02-26T17:34:50","slug":"lebenswerte-wiehre-film","status":"publish","type":"post","link":"https:\/\/www.freiburg-schwarzwald.de\/blog\/lebenswerte-wiehre-film\/","title":{"rendered":"Lebenswerte Wiehre &#8211; Film"},"content":{"rendered":"<p><a title=\"Film\" href=\"https:\/\/www.freiburg-schwarzwald.de\/blog\/kultur\/medien\/film\/\">Film<\/a> im Laubenhof: \u201eLebenswerte Wiehre\u201c, Junges Filmprojekt am 8. M\u00e4rz, 18 Uhr, <a title=\"Kreuzsteinaecker\" href=\"https:\/\/www.freiburg-schwarzwald.de\/blog\/selbsthilfe\/senioren\/kreuzsteinaecker\/\">Cafe<\/a> im <a title=\"Senioren\" href=\"https:\/\/www.freiburg-schwarzwald.de\/blog\/selbsthilfe\/senioren\/\">Begegnungszentrum<\/a> <a title=\"Laubenhof\" href=\"https:\/\/www.freiburg-schwarzwald.de\/blog\/selbsthilfe\/senioren\/laubenhof\/\">Laubenhof<\/a>, 79117 FR-Waldsee Weismannstr. 3, Eintritt frei. An einem lauen Sommertag schlendern zwei junge Leute mit einer Kamera durch den <a title=\"Wiehre\" href=\"https:\/\/www.freiburg-schwarzwald.de\/blog\/regio\/freiburg\/wiehre\/\">Stadtteil Wiehre<\/a> und dokumentieren das, was ihnen ge- und auff\u00e4llt. Darunter sind bekannte Orte wie das <a title=\"Baeder\" href=\"https:\/\/www.freiburg-schwarzwald.de\/blog\/sport\/baeder\/\">\u201eLollo\u201c<\/a> und das bunteTreiben um den <a title=\"Eisenbahn\" href=\"https:\/\/www.freiburg-schwarzwald.de\/blog\/regio\/verkehr\/eisenbahn\/\">Alten Wiehre Bahnhof<\/a> <!--more-->genauso wie die Basketballspieler an der Johanniskirche. Und eingeleitet wird diese ganz andere Sicht auf diesen Stadtteil nat\u00fcrlich von einem \u201eWiehre-Rap\u201c.<br \/>\nUnter der Regie der jungen Filmemacher von impala-arts um Fionn Gro\u00dfe (mehrfacher Preistr\u00e4ger beim Freiburger Jugendfotopreis und jetziger Chefredakteur des B\u00fcrgerblatts <a title=\"Oberwiehre\" href=\"https:\/\/www.freiburg-schwarzwald.de\/blog\/regio\/freiburg\/oberwiehre\/\">Oberwiehre-Waldsee<\/a>), mit der professionellen Mitarbeit von Micky Summ von den Acoustic Media Studios in der Brombergstra\u00dfe und mit den Texten des damals in der Zasiusstra\u00dfe wohnenden Journalisten Heinz Siebold, ist ein sehenswerter Kurzfilm (30 Min.) entstanden, der die Wiehre einmal anders zeigt und die bekannten Seiten dabei nicht ausblendet.<\/p>\n<p class=\"western\"><span style=\"font-family: Arial, sans-serif;\">Ein Film \u00fcber die Wiehre produziert von Kulturschaffenden aus der Wiehre.<\/span><\/p>\n<p class=\"western\"><span style=\"font-family: Arial, sans-serif;\">Gedreht wurde der Film 2008 anl\u00e4sslich des 1000 j\u00e4hrigen Jubil\u00e4ums dieses Stadtteils im Auftrag des ehemaligen B\u00fcrgerforums \u201aLebenswerte Wiehre\u2019.<br \/>\n26.2.2016, Hans Homlicher<\/span><\/p>\n<p class=\"western\"><span style=\"font-family: Arial, sans-serif;\"><i>Das Begegnungszentrum Laubenhof zeigt diesen \u201aeinmaligen\u2019 Film im Rahmen des Projektes \u201eNachbarschaftsb\u00f6rse\u201c, die sich an diesem Abend auch vorstellen wird.<\/i><\/span><\/p>\n","protected":false},"excerpt":{"rendered":"<p>Film im Laubenhof: \u201eLebenswerte Wiehre\u201c, Junges Filmprojekt am 8. M\u00e4rz, 18 Uhr, Cafe im Begegnungszentrum Laubenhof, 79117 FR-Waldsee Weismannstr. 3, Eintritt frei. An einem lauen Sommertag schlendern zwei junge Leute mit einer Kamera durch den Stadtteil Wiehre und dokumentieren das, &hellip; <a href=\"https:\/\/www.freiburg-schwarzwald.de\/blog\/lebenswerte-wiehre-film\/\">Weiterlesen <span class=\"meta-nav\">&rarr;<\/span><\/a><\/p>\n","protected":false},"author":2,"featured_media":0,"comment_status":"open","ping_status":"closed","sticky":false,"template":"","format":"standard","meta":{"footnotes":""},"categories":[18,49,235,80],"tags":[594,724,175,167,432],"class_list":["post-59617","post","type-post","status-publish","format-standard","hentry","category-bildung","category-freiburg","category-geschichte","category-medien","tag-film","tag-heimat","tag-ortsgeschichte","tag-quartier","tag-regional"],"_links":{"self":[{"href":"https:\/\/www.freiburg-schwarzwald.de\/blog\/wp-json\/wp\/v2\/posts\/59617","targetHints":{"allow":["GET"]}}],"collection":[{"href":"https:\/\/www.freiburg-schwarzwald.de\/blog\/wp-json\/wp\/v2\/posts"}],"about":[{"href":"https:\/\/www.freiburg-schwarzwald.de\/blog\/wp-json\/wp\/v2\/types\/post"}],"author":[{"embeddable":true,"href":"https:\/\/www.freiburg-schwarzwald.de\/blog\/wp-json\/wp\/v2\/users\/2"}],"replies":[{"embeddable":true,"href":"https:\/\/www.freiburg-schwarzwald.de\/blog\/wp-json\/wp\/v2\/comments?post=59617"}],"version-history":[{"count":0,"href":"https:\/\/www.freiburg-schwarzwald.de\/blog\/wp-json\/wp\/v2\/posts\/59617\/revisions"}],"wp:attachment":[{"href":"https:\/\/www.freiburg-schwarzwald.de\/blog\/wp-json\/wp\/v2\/media?parent=59617"}],"wp:term":[{"taxonomy":"category","embeddable":true,"href":"https:\/\/www.freiburg-schwarzwald.de\/blog\/wp-json\/wp\/v2\/categories?post=59617"},{"taxonomy":"post_tag","embeddable":true,"href":"https:\/\/www.freiburg-schwarzwald.de\/blog\/wp-json\/wp\/v2\/tags?post=59617"}],"curies":[{"name":"wp","href":"https:\/\/api.w.org\/{rel}","templated":true}]}}