{"id":59539,"date":"2016-02-22T18:20:59","date_gmt":"2016-02-22T17:20:59","guid":{"rendered":"https:\/\/www.freiburg-schwarzwald.de\/blog\/?p=59539"},"modified":"2016-03-09T21:10:16","modified_gmt":"2016-03-09T20:10:16","slug":"alternativlosigkeit-vor-wahlen","status":"publish","type":"post","link":"https:\/\/www.freiburg-schwarzwald.de\/blog\/alternativlosigkeit-vor-wahlen\/","title":{"rendered":"Alternativlosigkeit vor Wahlen"},"content":{"rendered":"<p>Unsere <a title=\"Diskussionskultur\" href=\"https:\/\/www.freiburg-schwarzwald.de\/blog\/kultur\/medien\/diskussionskultur\/\">Diskussionskultur<\/a>\u00a0wurde der von <a title=\"Merkelismus\" href=\"https:\/\/www.freiburg-schwarzwald.de\/blog\/engagement\/zukunft\/demokratie\/merkelismus\/\">Merkel<\/a>\u00a0verordneten Politik-<a title=\"Wir-schaffen-das\" href=\"https:\/\/www.freiburg-schwarzwald.de\/blog\/global\/migration\/wir-schaffen-das\/\">Alternativlosigkeit<\/a> geopfert. Die &#8222;Alternative f\u00fcr Deutschland&#8220; darf in &#8222;Adolf f\u00fcr Deutschland&#8220; umbenannt werden (BZ-Forum vom 20.2.2016). Dies entspr\u00e4che dem Umbenennen der SPD der 50er Jahre in &#8222;Sozialkommunistische Partei Deutschlands&#8220; oder der <a title=\"Daniel Cohn-Bendit Hosenlatz\" href=\"https:\/\/www.freiburg-schwarzwald.de\/blog\/daniel-cohn-bendit-hosenlatz\/\">Gr\u00fcnen<\/a>\u00a0den 70er in &#8222;Gr\u00fcne <a title=\"Paedophilie\" href=\"https:\/\/www.freiburg-schwarzwald.de\/blog\/selbsthilfe\/krise\/sexuellermissbrauch\/paedophilie\/\">P\u00e4dophilie-Schweine<\/a>&#8220; &#8211; was damals dank der <a title=\"Demokratie\" href=\"https:\/\/www.freiburg-schwarzwald.de\/blog\/engagement\/zukunft\/demokratie\/\">demokratie<\/a>-f\u00f6rderlichen Diskussionskultur unterblieb.<!--more--><\/p>\n<p>Jede neu gegr\u00fcndete, junge Partei hat mit den extremen R\u00e4ndern in den eigenen Reihen zu k\u00e4mpfen &#8211; fr\u00fcher die SPD und Gr\u00fcnen, heute die AfD:<br \/>\n<em>SPD Fl\u00fcgelk\u00e4mpfe:<\/em> Herbert Wehner verbrachte seine besten &#8211; weil lernf\u00e4higsten &#8211; Jahre an kommunistischen Kaderschulen in Moskau, um dann mit Willy Brandt die Bonner SPD-Opposition zu formen (ein Genu\u00df seine Rededuelle mit Franz-Josef Strau\u00df). Die Auseinandersetzungen mit der SPD-Linken kochten bis in die Zeit der Kanzlerschaft von Helmut Schmidt.<br \/>\n<em>DIE GR\u00dcNEN Fl\u00fcgelk\u00e4mpfe:<\/em> Linke Gr\u00fcne um <a title=\"Daniel Cohn-Bendit Hosenlatz\" href=\"https:\/\/www.freiburg-schwarzwald.de\/blog\/daniel-cohn-bendit-hosenlatz\/\">Daniel Cohn-Bendit<\/a> et al. versuchten um 1975 zwei Jahre lang, <a title=\"Paedophilie\" href=\"https:\/\/www.freiburg-schwarzwald.de\/blog\/selbsthilfe\/krise\/sexuellermissbrauch\/paedophilie\/\">Sex mit kleinen Kindern<\/a> zu legalisieren: &#8222;Ich konnte f\u00fchlen, wie die kleinen M\u00e4dchen von 5 Jahren schon gelernt hatten, mich anzumachen. Es ist mir mehrmals passiert, dass Kinder meinen Hosenlatz ge\u00f6ffnet und angefangen haben, mich zu streicheln und &#8230;&#8220; (DCB 1975). Erst 1978 gelang es, die Berliner Kindersch\u00e4nder-Gr\u00fcnen auszubremsen.<br \/>\n<em>AfD Fl\u00fcgelk\u00e4mpfe:<\/em> Die Ausrichtung nach Rechts f\u00fchrte mit der Niederlage von Lucke dazu, dass sich die Partei ALFA von der <a title=\"AfD\" href=\"https:\/\/www.freiburg-schwarzwald.de\/blog\/vereine\/partei\/afd\/\">AfD<\/a> abspaltete. Fl\u00fcgelk\u00e4mpfe mit der extremen Rechten kennzeichnen heute vor allem die AfD-Landesgruppen in den neuen Bundesl\u00e4ndern.<br \/>\n.<br \/>\nIn jedem Land sind ca 10-15% der B\u00fcrger <a title=\"Rechts\" href=\"https:\/\/www.freiburg-schwarzwald.de\/blog\/engagement\/zukunft\/demokratie\/rechts\/\">rechtsradikalem Gedankengut<\/a> zugetan. Dies ist schlimm, seit 70 Jahren so, daran ist nicht zu r\u00fctteln. Im EU-Ranking liegt D erfreulicherweise ganz am unteren rechten Ende, Spitzenreiter ist Frankreich mit dem FN bei 40%. Es ist von Vorteil, diese extreme Rechte von den Stammtischen der au\u00dferparlamentarischen Opposition in den Bundestag zu bringen, denn hier werden Dumpfbacken zur Argumentation gezwungen, wodurch sie leicht entlarvt werden k\u00f6nnen (siehe NPD). Im Umgang mit der AfD gibt es vier M\u00f6glichkeiten:<br \/>\n(1) Verbot der Partei AfD durch das Verfassungsgericht<br \/>\n(2) Auseinandersetzung mit der AfD als Opposition innerhalb des Parlaments<br \/>\n(3) Diskussionskultur: Gleichbehandlung aller (nicht-verbotenen) Parteien in den Medien<br \/>\n(4) Diffamierung auf Stammtisch-Niveau mit den Keulen &#8222;<a title=\"Nazi-Keule Islamophobie-Keule\" href=\"https:\/\/www.freiburg-schwarzwald.de\/blog\/nazi-keule-islamophobie-keule\/\">unserer unseligen Vergangenheit<\/a>&#8220;<\/p>\n<p>Zur M\u00f6glichkeit (1): Wir leben in einem <a title=\"Rechtsstaat\" href=\"https:\/\/www.freiburg-schwarzwald.de\/blog\/selbsthilfe\/soziales\/justiz\/rechtsstaat\/\">Rechtsstaat<\/a>. Jede politische Partei steht auf dem Boden des Grundgesetzes, solange sie nicht vom Verfassungsgericht verboten worden ist.<br \/>\n.<br \/>\nZur M\u00f6glichkeit (2): Kaum war die NPD in Landtag, versagten ihr die eigenen W\u00e4hlerl die Gefolgschaft, da ihre Abgeordneten der parlamentarischen Auseinandersetzung mit Sachargumenten nicht gewachsen waren. Auch unsere Demokratie braucht und ertr\u00e4gt eine starke Opposition. Eine Gro\u00dfe Koalition (GroKo) zerst\u00f6rt jede Demokratie &#8211; umso mehr, wenn durch Merkels <a title=\"Willkommenskultur\" href=\"https:\/\/www.freiburg-schwarzwald.de\/blog\/global\/integration\/willkommenskultur\/\">Politik der Alternativlosigkeit<\/a> Teile der Opposition (die GR\u00dcNEN) r\u00fcber ins GroKo-Regierungslager gezogen werden. Demokratie ohne Opposition funktioniert nicht, denn dann spiegeln die Abgeordneten nicht mehr Volkes Willen. Wenn heute z.B. bei der Frage der Obergrenze \u00fcber 70% der B\u00fcrger anderer Meinung sind, dann ist das Parlament nicht mehr Repr\u00e4sentant seiner B\u00fcrger.<br \/>\n.<br \/>\nZur M\u00f6glichkeit (3): Vor allem im \u00f6ffentlich-rechtlichen Fernsehen darf eine AfD nicht von der Elefanten-Runde o.\u00e4. Talks ausgeschlossen werden. Auch Fleischesser d\u00fcrfen die Wahlplakate einer Tierschutzpartei nicht abreissen. Demo und Demontrationsrecht ist ein Grundrecht in der Demokratie. Wenn Demo nur noch als Gegen-Demo stattfindet, dann beg\u00fcnstigt dies weniger die politische Meinungsbildung als die \u00dcberstundenzahl der derzeit vollbesch\u00e4ftigten Polizisten.<br \/>\n.<br \/>\nDie M\u00f6glichkeit (4) ist die schlechteste, denn: Die AfD und ihre W\u00e4hler mit der <a title=\"Juden\" href=\"https:\/\/www.freiburg-schwarzwald.de\/blog\/religion\/juden\/\">Nazi<\/a>-Keule oder <a title=\"Rassismus \u2013 Kultur-Rassismus\" href=\"https:\/\/www.freiburg-schwarzwald.de\/blog\/rassismus-kultur-rassismus\/\">Rassismus<\/a>-Keule zu diffamieren, ist kontrapoduktiv, d.h. schadet den demokratischen Gepflogenheiten und nutzt allenfalls dem politischen Gegner. Wenn im BZ-Forum (20.2.2016, 18.03 Uhr, Bernd Engesser) zu einem Artikel \u00fcber Frauke Petry gepostet wird, dass &#8222;Alternative f\u00fcr Deutschland&#8220; mit &#8222;Adolf f\u00fcr Deutschland&#8220; gleichzusetzen sei, dann ist dies zutiefst undemokratische Hetze und trauriges Zeichen daf\u00fcr, dass es in Deutschland keine <a title=\"Diskussionskultur\" href=\"https:\/\/www.freiburg-schwarzwald.de\/blog\/kultur\/medien\/diskussionskultur\/\">Diskussionskultur<\/a> mehr gibt..<\/p>\n<p><em>Nachtrag: Den Bodensatz von 10-15% an politische Extremen haben Politikwissenschaftler nicht nur am \u00e4u\u00dferst rechten Rand ausgemacht, sondern ebenso am \u00e4u\u00dferst <a title=\"Links\" href=\"https:\/\/www.freiburg-schwarzwald.de\/blog\/engagement\/zukunft\/demokratie\/links\/\">linken Rand<\/a> (Antifa). Es herrsch also <a title=\"Querfront\" href=\"https:\/\/www.freiburg-schwarzwald.de\/blog\/engagement\/zukunft\/demokratie\/querfront\/\">Querfront<\/a>-m\u00e4\u00dfige Ausgewogenheit.<\/em><\/p>\n<p>Zur Anregung zum Thema &#8222;Diskussionskultur in Zeiten der regierungsamtlich verordneten Alternativlosigkeit&#8220;:<br \/>\nThomas E. Schmidt: Blo\u00df keine Kritik, DIE ZEIT vom 18.2.2016, S. 40 (darin viel zu Alternative, Alternativlosigkeit und zur AfD)<br \/>\nUdo di Fabio: Wozu Grenzen gut sind, DIE ZEIT vom 8.2.2016, S. 39 (viel vom ehem. Verfassungsrichter gegen den alternativlos grenzenlosen Gr\u00f6\u00dfenwahn)<\/p>\n","protected":false},"excerpt":{"rendered":"<p>Unsere Diskussionskultur\u00a0wurde der von Merkel\u00a0verordneten Politik-Alternativlosigkeit geopfert. Die &#8222;Alternative f\u00fcr Deutschland&#8220; darf in &#8222;Adolf f\u00fcr Deutschland&#8220; umbenannt werden (BZ-Forum vom 20.2.2016). Dies entspr\u00e4che dem Umbenennen der SPD der 50er Jahre in &#8222;Sozialkommunistische Partei Deutschlands&#8220; oder der Gr\u00fcnen\u00a0den 70er in &#8222;Gr\u00fcne &hellip; <a href=\"https:\/\/www.freiburg-schwarzwald.de\/blog\/alternativlosigkeit-vor-wahlen\/\">Weiterlesen <span class=\"meta-nav\">&rarr;<\/span><\/a><\/p>\n","protected":false},"author":2,"featured_media":0,"comment_status":"open","ping_status":"closed","sticky":false,"template":"","format":"standard","meta":{"footnotes":""},"categories":[195,155,80,157,172],"tags":[633,622,542,525,500],"class_list":["post-59539","post","type-post","status-publish","format-standard","hentry","category-eu","category-integration","category-medien","category-oeffentlicher-raum","category-zukunft","tag-demokratie","tag-migration","tag-pado","tag-politik","tag-wahl"],"_links":{"self":[{"href":"https:\/\/www.freiburg-schwarzwald.de\/blog\/wp-json\/wp\/v2\/posts\/59539","targetHints":{"allow":["GET"]}}],"collection":[{"href":"https:\/\/www.freiburg-schwarzwald.de\/blog\/wp-json\/wp\/v2\/posts"}],"about":[{"href":"https:\/\/www.freiburg-schwarzwald.de\/blog\/wp-json\/wp\/v2\/types\/post"}],"author":[{"embeddable":true,"href":"https:\/\/www.freiburg-schwarzwald.de\/blog\/wp-json\/wp\/v2\/users\/2"}],"replies":[{"embeddable":true,"href":"https:\/\/www.freiburg-schwarzwald.de\/blog\/wp-json\/wp\/v2\/comments?post=59539"}],"version-history":[{"count":0,"href":"https:\/\/www.freiburg-schwarzwald.de\/blog\/wp-json\/wp\/v2\/posts\/59539\/revisions"}],"wp:attachment":[{"href":"https:\/\/www.freiburg-schwarzwald.de\/blog\/wp-json\/wp\/v2\/media?parent=59539"}],"wp:term":[{"taxonomy":"category","embeddable":true,"href":"https:\/\/www.freiburg-schwarzwald.de\/blog\/wp-json\/wp\/v2\/categories?post=59539"},{"taxonomy":"post_tag","embeddable":true,"href":"https:\/\/www.freiburg-schwarzwald.de\/blog\/wp-json\/wp\/v2\/tags?post=59539"}],"curies":[{"name":"wp","href":"https:\/\/api.w.org\/{rel}","templated":true}]}}