{"id":59439,"date":"2016-02-19T21:46:24","date_gmt":"2016-02-19T20:46:24","guid":{"rendered":"https:\/\/www.freiburg-schwarzwald.de\/blog\/?p=59439"},"modified":"2016-02-20T14:36:22","modified_gmt":"2016-02-20T13:36:22","slug":"adonis-syrien-ohne-den-islam","status":"publish","type":"post","link":"https:\/\/www.freiburg-schwarzwald.de\/blog\/adonis-syrien-ohne-den-islam\/","title":{"rendered":"Adonis &#8211; Syrien ohne den Islam"},"content":{"rendered":"<p>Der <a title=\"Syrien\" href=\"https:\/\/www.freiburg-schwarzwald.de\/blog\/global\/syrien\/\">syrische<\/a> <a title=\"Dichter\" href=\"https:\/\/www.freiburg-schwarzwald.de\/blog\/kultur\/dichter\/\">Lyriker<\/a> Ali Ahmad Said Esber (86), genannt Adonis (die letzte Silbe mit dem &#8222;i&#8220; wird betont), gilt als der gr\u00f6\u00dfte Dichter der arabischen Welt. Politisch jedoch ist er umstritten: Da er sich nicht offen gegen <a title=\"Syrien\" href=\"https:\/\/www.freiburg-schwarzwald.de\/blog\/global\/syrien\/\">Assad<\/a> bzw. f\u00fcr die syrische Opposition positioniert, wird er als heimlicher Freund Assads verd\u00e4chtigt. Dazu Adonis vor Verleihung des Erich-Maria-Remarque-<a title=\"Frieden\" href=\"https:\/\/www.freiburg-schwarzwald.de\/blog\/engagement\/zukunft\/frieden\/\">Friedenspreises<\/a> in Osnabr\u00fcck am 19.2.2016:<!--more-->.<br \/>\n&#8222;IS, Al-Nusra, Assad und die vielen anderen Oppositionsgruppen &#8211; alle akzeptieren die Vorherrschaft des <a title=\"Islam\" href=\"https:\/\/www.freiburg-schwarzwald.de\/blog\/religion\/islam\/\">Islam<\/a>. Das kann und will ich nicht unterst\u00fctzen. Ohne die <a title=\"Kirche-Staat\" href=\"https:\/\/www.freiburg-schwarzwald.de\/blog\/religion\/kirche-staat\/\">Trennung von Islam und Staat<\/a> l\u00f6st immer nur eine Diktatur die andere ab. Ohne <a title=\"Islam-Frauen\" href=\"https:\/\/www.freiburg-schwarzwald.de\/blog\/religion\/islam\/islam-frauen\/\">Rechte f\u00fcr die Frau<\/a>, ohne <a title=\"Humanismus\" href=\"https:\/\/www.freiburg-schwarzwald.de\/blog\/kultur\/aufklaerung\/humanismus\/\">Religionsfreiheit<\/a>. Eine Zukunft f\u00fcr Syrien gibt es nur ohne den Islam.&#8220; Nur in einem laizistischen System wie in Frankreich, wo er lebt, sieht Adonis Zukunft und Hoffnung f\u00fcr die arabischen Staaten. Den Islam als reformunf\u00e4higes politisch-religi\u00f6ses Gebilde lehnt er ab.<\/p>\n<p>Adonis sieht sich als leidenschaftlicher Pazifist, der Gewalt ablehnt, und als Utopist: Poesie ist eine Frage. Religion dagegen eine Antwort. Deshalb sage ich, dass Dichtung eine Dekonstruktion der religion ist. Das Sch\u00f6pferische an ihr (der Dichtung) ist die F\u00e4higkeit, eine andere Welt zu entwerfen. Sie ist ihrem Wesen nach ein utopisches Projekt. F\u00fcr die arabische Kultur gibt es keine Hoffnung, die auf der Kontinuit\u00e4t der Vergangenheit beruht.&#8220;<\/p>\n<p>In den vielen Straatsstreichen im arabischen Raum wie auch im syrischen B\u00fcrgerkrieg sieht Adonis keine Chance zur Befreigung der V\u00f6lker: &#8222;Ein Regimewechsel \u00e4ndert doch nicht die Gesellschaft, die dem regime zugrundeliegt. &#8230; Die V\u00f6lker haben sich darauf konzentriert, die jeweiligen Machthaber zu st\u00fcrzen. Wo sie einen Diktator lsgeworden sind, wie in \u00c4gypten, haben sie einen anderen bekommen und jubeln ihm schon wieder zu.&#8220;<\/p>\n<p>Dem Islam zw. der vom islam gepr\u00e4gten kulturellen tradition gibt Adonis die Hauptschuld am Untergang Arabiens: &#8222;Die arabische Geschichte ist eine geschichte der Diktaturen und der Gewalt, nicht des Volkes. Einedemokratische Revolution kann in der arabischen Welt nur gelingen, wenn religion und Politik getrennt werden.&#8220;<\/p>\n<p>Adonis fordert so etwas wie eine Aufkl\u00e4rung f\u00fcr sein Land: &#8222;Soll die syrische Opposition, die mich attackiert, ein Manifest verfassen, das folgende Grundprinzipien aufz\u00e4hlt:<br \/>\nerstens die Religionsfreiheit einschlie\u00dflich der Freiheit, nicht zu glauben<br \/>\nzweitens die Gleichstelung der Frau,<br \/>\ndrittens die Nichtdiskriminierung jeder Konfession und jeder Minderheit,<br \/>\nviertes die gleichen Rechte f\u00fcr alle B\u00fcrger als freie und autonome Individuen<br \/>\nf\u00fcnftens die Unabh\u00e4ngigkeit der Nation<br \/>\n&#8211; ich w\u00fcrde unterzeichnen, sofort.&#8220;<\/p>\n<p>Die Araber m\u00fcssen den herrschenden Islam abstreifen. Die Religion mu\u00df ins Private zur\u00fcck finden: &#8222;Eine Revolution, die ihren Namen verdient, wie die Franz\u00f6sische, mu\u00df den Bund zwischne Macht und religion zerschlagen. Die Religion darf keine nationale Identit\u00e4t stiften.&#8220;<\/p>\n<p>Adonis bezeichnet sich als gl\u00e4ubigen Mensch: &#8222;Der Mensch braucht den Glauben, um sein verh\u00e4ltnis zum Tod und zum Jenseits zu bestimmen. Das resektiere ich, ich bin nicht areligi\u00f6s. Aber ich bin immer gegen eine institutionalisierte Religion , die einer ganzen Gesellschaft ihren Stempel aufdr\u00fcckt. Das Grundproblem der sog. arabischenRevolution besteht darin, dass sie die Religion politisch instrumentalisiert. Der Glaube mu\u00df dem Einzelnen zur\u00fcckgegeben werden.&#8220;<\/p>\n<p>Die Kultur Arabiens sieht Adonis am Boden &#8211; zerst\u00f6rt vom Islam: &#8222;Der Islam hat die Poesie get\u00f6tet, indem er einen Mord an der Subjektivit\u00e4t des Menschen im Namen der Umma, der Gemeinschaft der Gl\u00e4ubigen, beging. Es gibt keinen einzigen gro\u00dfen Dichter, der ein gl\u00e4uber Muslim im Sinne des dogmatischen Islam gewesen w\u00e4re. Auch keinen Philosophen. Die besten Dichter waren Mystiker (wie die <a title=\"Sufismus\" href=\"https:\/\/www.freiburg-schwarzwald.de\/blog\/religion\/islam\/sufismus\/\">Sufisten<\/a>) und als solche verd\u00e4chtig. Philosophen und Poeten hatten mit der religi\u00f6sen Orthodoxie und ihren militanten rehtsgelehrten nichts zu tun. Der islam, den der Fundamentalismus verk\u00fcndet, ist eine Religion ohne Kultur. Es gibt heute keine arabische Kultur mehr.&#8220;<br \/>\n.<br \/>\nF\u00fcr Syrien sieht Adonis kurzfristig keine Hoffnung auf Frieden: &#8222;Es ist nicht nur die materielle Zerst\u00f6rung eines Landes, sondern die Vernichtung eines Volkes. \u00a0Diese <a title=\"Migration-Zahlen\" href=\"https:\/\/www.freiburg-schwarzwald.de\/blog\/global\/migration\/migration-zahlen\/\">Massenflucht<\/a> ist beispiellos. . &#8230; Der Nahe Osten, die ganze arabische Welt ist in einen Hundertj\u00e4hrigen Krieg eingetreten. Was wir erleben, ist ein Untergang, kein Anfang, ein Ende, kein Neubeginn.&#8220;<br \/>\n19.2.2016<\/p>\n<p>Obige Zitate entnommen aus:<br \/>\nAdonis: Der Islam hat die Poesie get\u00f6tet, DER SPIEGEL vom 13.2.2016, Seiten 118 &#8211; 121<br \/>\n<a href=\"https:\/\/magazin.spiegel.de\/digital\/index_SP.html#SP\/2016\/7\/142879049\">https:\/\/magazin.spiegel.de\/digital\/index_SP.html#SP\/2016\/7\/142879049<br \/>\n<\/a>.<br \/>\n;Mehr auch auf:<br \/>\n<a href=\"https:\/\/www.zeit.de\/news\/2016-02\/19\/gesellschaft-adonis-mit-remarque-friedenspreis-ausgezeichnet-19124802\">https:\/\/www.zeit.de\/news\/2016-02\/19\/gesellschaft-adonis-mit-remarque-friedenspreis-ausgezeichnet-19124802<\/a><\/p>\n<p><a href=\"https:\/\/www.welt.de\/kultur\/literarischewelt\/article152319848\/Ein-moderner-Islam-ist-nicht-moeglich.html\">https:\/\/www.welt.de\/kultur\/literarischewelt\/article152319848\/Ein-moderner-Islam-ist-nicht-moeglich.html<\/a><\/p>\n<p>&nbsp;<\/p>\n<p>&nbsp;<\/p>\n<p><strong>Adonis in seiner Dankesrede am 19.2.2016 in Osnabr\u00fcck<\/strong><br \/>\n\u201eIch komme aus einer arabisch-islamischen Welt, deren politische, kulturelle und soziale Tiefenstruktur noch immer von Religion und Stammesdenken gepr\u00e4gt ist &#8211; als st\u00fcnde sie in einem Kontinuum mit der Kultur des Mittelalters\u201c.<br \/>\nUnd weiter:<br \/>\n\u201eSie (die arabischen Intellektuellen) haben aufgeh\u00f6rt, ihre Aufgabe als kreative Sch\u00f6pfer wahrzunehmen und sich zur Vielfalt zu bekennen, sondern sind zu blo\u00dfen Sympathisanten, Anh\u00e4ngern und Mitl\u00e4ufern der Politik verkommen.\u201c &#8230;.<br \/>\n<a href=\"https:\/\/www.faz.net\/aktuell\/feuilleton\/debatten\/die-kultur-an-die-macht-adonis-erhaelt-den-remarque-friedenspreis-14079917.html\">https:\/\/www.faz.net\/aktuell\/feuilleton\/debatten\/die-kultur-an-die-macht-adonis-erhaelt-den-remarque-friedenspreis-14079917.html<\/a><\/p>\n","protected":false},"excerpt":{"rendered":"<p>Der syrische Lyriker Ali Ahmad Said Esber (86), genannt Adonis (die letzte Silbe mit dem &#8222;i&#8220; wird betont), gilt als der gr\u00f6\u00dfte Dichter der arabischen Welt. Politisch jedoch ist er umstritten: Da er sich nicht offen gegen Assad bzw. f\u00fcr &hellip; <a href=\"https:\/\/www.freiburg-schwarzwald.de\/blog\/adonis-syrien-ohne-den-islam\/\">Weiterlesen <span class=\"meta-nav\">&rarr;<\/span><\/a><\/p>\n","protected":false},"author":2,"featured_media":0,"comment_status":"open","ping_status":"closed","sticky":false,"template":"","format":"standard","meta":{"footnotes":""},"categories":[96,52,98,19],"tags":[572,421,301,722,525],"class_list":["post-59439","post","type-post","status-publish","format-standard","hentry","category-dichter","category-einewelt","category-literatur","category-religion","tag-dichter-2","tag-islam","tag-culture","tag-literatur","tag-politik"],"_links":{"self":[{"href":"https:\/\/www.freiburg-schwarzwald.de\/blog\/wp-json\/wp\/v2\/posts\/59439","targetHints":{"allow":["GET"]}}],"collection":[{"href":"https:\/\/www.freiburg-schwarzwald.de\/blog\/wp-json\/wp\/v2\/posts"}],"about":[{"href":"https:\/\/www.freiburg-schwarzwald.de\/blog\/wp-json\/wp\/v2\/types\/post"}],"author":[{"embeddable":true,"href":"https:\/\/www.freiburg-schwarzwald.de\/blog\/wp-json\/wp\/v2\/users\/2"}],"replies":[{"embeddable":true,"href":"https:\/\/www.freiburg-schwarzwald.de\/blog\/wp-json\/wp\/v2\/comments?post=59439"}],"version-history":[{"count":0,"href":"https:\/\/www.freiburg-schwarzwald.de\/blog\/wp-json\/wp\/v2\/posts\/59439\/revisions"}],"wp:attachment":[{"href":"https:\/\/www.freiburg-schwarzwald.de\/blog\/wp-json\/wp\/v2\/media?parent=59439"}],"wp:term":[{"taxonomy":"category","embeddable":true,"href":"https:\/\/www.freiburg-schwarzwald.de\/blog\/wp-json\/wp\/v2\/categories?post=59439"},{"taxonomy":"post_tag","embeddable":true,"href":"https:\/\/www.freiburg-schwarzwald.de\/blog\/wp-json\/wp\/v2\/tags?post=59439"}],"curies":[{"name":"wp","href":"https:\/\/api.w.org\/{rel}","templated":true}]}}