{"id":59389,"date":"2016-02-17T17:01:30","date_gmt":"2016-02-17T16:01:30","guid":{"rendered":"https:\/\/www.freiburg-schwarzwald.de\/blog\/?p=59389"},"modified":"2016-02-17T17:12:50","modified_gmt":"2016-02-17T16:12:50","slug":"fsm-ag-neubau-kirchzarten","status":"publish","type":"post","link":"https:\/\/www.freiburg-schwarzwald.de\/blog\/fsm-ag-neubau-kirchzarten\/","title":{"rendered":"FSM AG Neubau Kirchzarten"},"content":{"rendered":"<p>P\u00fcnktlich zum Jahreswechsel konnte die <a title=\"FSM\" href=\"https:\/\/www.freiburg-schwarzwald.de\/blog\/business\/industrie\/fsm\/\">FSM AG<\/a> ihre <a title=\"Industrie\" href=\"https:\/\/www.freiburg-schwarzwald.de\/blog\/business\/industrie\/\">Produktionsst\u00e4tte<\/a> in <a title=\"Kirchzarten\" href=\"https:\/\/www.freiburg-schwarzwald.de\/blog\/regio\/orte\/kirchzarten\/\">Kirchzarten<\/a> wie geplant von der Scheffelstra\u00dfe ins neue <a title=\"Business\" href=\"https:\/\/www.freiburg-schwarzwald.de\/blog\/business\/\">Gewerbegebiet <\/a>\u201eAm Fischerrain\u201c in die ErichRieder-Str. 2 verlegen. In der rekordverd\u00e4chtigen <a title=\"Bebauung\" href=\"https:\/\/www.freiburg-schwarzwald.de\/blog\/business\/dienste\/immobilien\/bebauung\/\">Bauzeit<\/a> von nur acht Monaten investierte der 1989 gegr\u00fcndete Elektronikproduzent neun Mio Euro. Er verdoppelte seine Betriebsfl\u00e4che nahezu auf 4.600 Quadratmeter Nutzfl\u00e4che <!--more-->und schuf v\u00f6llig neue Arbeitsbedingungen f\u00fcr die inzwischen auf 130 Mitarbeitende angewachsene Belegschaft. Und Platz f\u00fcr Erweiterungen gen Westen ist auf einem freien Grundst\u00fcck vorhanden. Die FSM AG hat im letzten Jahr den Umsatz um 19 Prozent auf 19 Millionen Euro gesteigert \u2013 und die Auftragsb\u00fccher sind voll. Da innen und au\u00dfen noch jede Menge Arbeiten anstehen, wurde die\u00a0offizielle Einweihung auf den 22. April terminiert. Im Sp\u00e4tsommer ist ein \u201eTag der offenen T\u00fcr\u201c f\u00fcr\u00a0die Bev\u00f6lkerung geplant.<br \/>\nDer Neubau ist zweigeteilt. Der n\u00f6rdliche Teil birgt eine riesige\u00a0Produktionshalle mit Lager sowie einem Extraanbau f\u00fcr die Akku Produktion. Da dies derzeit der\u00a0gr\u00f6\u00dfte Wachstumsmarkt sei, wie Gesch\u00e4ftsf\u00fchrer Konrad Molz erkl\u00e4rt, w\u00e4re hier ganz schnell\u00a0eine Vergr\u00f6\u00dferung m\u00f6glich. Die technische Produktionsst\u00e4tte der FSM AG, die f\u00fchrend in der Entwicklung, Produktion und dem Vertrieb von Drucksensoren, Akkutechnik sowie Trafoschaltrelais ist, brachte f\u00fcr die Mitarbeiter manche logistische Umstellung. So wird jede Abteilung zuk\u00fcnftig dreimal t\u00e4glich aus einem Zentrallager mit Material beliefert.<br \/>\nDie Zeiten,\u00a0in denen sich Mitarbeiter direkt versorgten, sind vorbei. Das Lager ist gleich hinter den Werkstoren mit klarer Trennung von Wareneingang und -ausgang. Da alle Produktionsst\u00e4tten in einer Halle untergebracht sind, m\u00fcssen sich die Kollegen zum Teil noch an die gro\u00dfe Offenheit gew\u00f6hnen. \u201eSo k\u00f6nnen wir aber flexibler und bereichs\u00fcbergreifender arbeiten\u201c, erkl\u00e4rt Molz die Neuerung. Und da es nur Zentraldrucker oder keine Papierk\u00f6rbe am Arbeitsplatz g\u00e4be, habe der Mitarbeiter immer noch gen\u00fcgend Gelegenheit f\u00fcr Bewegung. Nachr\u00fcstungsbedarf bestehe noch beim Ger\u00e4uschpegel einiger Maschinen, doch das sei kein Problem. Im gesamten Geb\u00e4ude gibt es energiesparende LED-Beleuchtung. \u201eWir brauchen nur noch zehn Prozent vom Stromverbrauch der alten Fabrik\u201c, freut sich Molz. Im s\u00fcdlichen Geb\u00e4udeteil mit dem Haupteingang befinden sich Verwaltung, Entwicklung, EDV und Kantine. Die Planungen dieser Gro\u00dfraumb\u00fcros erfolgten mit Vitra aus Weil. So entstand eine sinnvolle Mischung aus offenen Abteilungsbereichen mit Gespr\u00e4chs- und R\u00fcckzugsinseln, die alle Strom- und IT-Anschluss haben. Auch die Vorstandsmitglieder haben offene, f\u00fcr alle einsehbare Arbeitsbereiche.<\/p>\n<p>\u201eStatt in W\u00e4nde und Gips\u201c, l\u00e4chelt Konrad Molz, \u201ehaben wir in M\u00f6bel investiert.\u201c Die Schreinerei Becherer aus Elzach lieferte da ganze Arbeit. Die Decken lassen den Blick auf Leitungen und L\u00fcftungsrohre frei: \u201eBei einer Technikfirma kann man die Technik an der Decke ruhig sehen.\u201c<br \/>\nDas Kirchzartener Architektenb\u00fcro Centraplan entwarf den FSM-Neubau. Zum Jahreswechsel wurde bei der FSM auch ein Generationenwechsel abgeschlossen. Hubert Schlegel (62) und Eugen Molz (58), mit dem schon fr\u00fcher ausgeschiedenen Bela Fekete Unternehmensgr\u00fcnder, wechselten in den Aufsichtsrat der FSM AG, einer sogenannten \u201ekleinen AG\u201c. Zum Vorstand geh\u00f6ren jetzt neben Konrad Molz (47), f\u00fcr den kaufm\u00e4nnischen Bereich zust\u00e4ndig, noch J\u00fcrgen Schlegel (46) (Produktion\/Logistik) und Andreas Schlegel (34) (Technik). Und f\u00fcr die drei Jungen ist klar: \u201eWir wollen uns als attraktiver Arbeitgeber in der Region noch st\u00e4rker positionieren.\u201c Der Neubau \u00f6ffnet dazu T\u00fcr und Tor. Wegen der weiteren Nutzung des alten Geb\u00e4udes an der Scheffelstra\u00dfe stehen die Besitzer derzeit mit der Gemeinde Kirchzarten in Verhandlungen, die sich das Haus f\u00fcr die Unterbringung von Fl\u00fcchtlingen gut vorstellen kann.<br \/>\n17.2.2016, Gerhard L\u00fcck, Dreisamtaeler<\/p>\n","protected":false},"excerpt":{"rendered":"<p>P\u00fcnktlich zum Jahreswechsel konnte die FSM AG ihre Produktionsst\u00e4tte in Kirchzarten wie geplant von der Scheffelstra\u00dfe ins neue Gewerbegebiet \u201eAm Fischerrain\u201c in die ErichRieder-Str. 2 verlegen. In der rekordverd\u00e4chtigen Bauzeit von nur acht Monaten investierte der 1989 gegr\u00fcndete Elektronikproduzent neun &hellip; <a href=\"https:\/\/www.freiburg-schwarzwald.de\/blog\/fsm-ag-neubau-kirchzarten\/\">Weiterlesen <span class=\"meta-nav\">&rarr;<\/span><\/a><\/p>\n","protected":false},"author":2,"featured_media":0,"comment_status":"open","ping_status":"closed","sticky":false,"template":"","format":"standard","meta":{"footnotes":""},"categories":[50,24],"tags":[382,559,713,287,432],"class_list":["post-59389","post","type-post","status-publish","format-standard","hentry","category-dreisamtal","category-industrie","tag-arbeit-working","tag-business","tag-industrie","tag-neubau","tag-regional"],"_links":{"self":[{"href":"https:\/\/www.freiburg-schwarzwald.de\/blog\/wp-json\/wp\/v2\/posts\/59389","targetHints":{"allow":["GET"]}}],"collection":[{"href":"https:\/\/www.freiburg-schwarzwald.de\/blog\/wp-json\/wp\/v2\/posts"}],"about":[{"href":"https:\/\/www.freiburg-schwarzwald.de\/blog\/wp-json\/wp\/v2\/types\/post"}],"author":[{"embeddable":true,"href":"https:\/\/www.freiburg-schwarzwald.de\/blog\/wp-json\/wp\/v2\/users\/2"}],"replies":[{"embeddable":true,"href":"https:\/\/www.freiburg-schwarzwald.de\/blog\/wp-json\/wp\/v2\/comments?post=59389"}],"version-history":[{"count":0,"href":"https:\/\/www.freiburg-schwarzwald.de\/blog\/wp-json\/wp\/v2\/posts\/59389\/revisions"}],"wp:attachment":[{"href":"https:\/\/www.freiburg-schwarzwald.de\/blog\/wp-json\/wp\/v2\/media?parent=59389"}],"wp:term":[{"taxonomy":"category","embeddable":true,"href":"https:\/\/www.freiburg-schwarzwald.de\/blog\/wp-json\/wp\/v2\/categories?post=59389"},{"taxonomy":"post_tag","embeddable":true,"href":"https:\/\/www.freiburg-schwarzwald.de\/blog\/wp-json\/wp\/v2\/tags?post=59389"}],"curies":[{"name":"wp","href":"https:\/\/api.w.org\/{rel}","templated":true}]}}