{"id":59387,"date":"2016-02-17T16:46:06","date_gmt":"2016-02-17T15:46:06","guid":{"rendered":"https:\/\/www.freiburg-schwarzwald.de\/blog\/?p=59387"},"modified":"2016-02-17T16:46:06","modified_gmt":"2016-02-17T15:46:06","slug":"grosse-politik-nachbarschaft","status":"publish","type":"post","link":"https:\/\/www.freiburg-schwarzwald.de\/blog\/grosse-politik-nachbarschaft\/","title":{"rendered":"Grosse Politik &#8211; Nachbarschaft"},"content":{"rendered":"<p><a title=\"Maerchen\" href=\"https:\/\/www.freiburg-schwarzwald.de\/blog\/kultur\/dichter\/literatur\/maerchen\/\">Maiers wohne<\/a> ime Einfamiliehuus <a title=\"Nachbarschaft\" href=\"https:\/\/www.freiburg-schwarzwald.de\/blog\/business\/dienste\/immobilien\/quartier\/nachbarschaft\/\">nebe demm vun Hubers<\/a> links un demm vun M\u00fcllers rechts. Gegen\u00fcber vun denne drei Hiiser <a title=\"Alemannisch\" href=\"https:\/\/www.freiburg-schwarzwald.de\/blog\/kultur\/alemannisch\/\">schtoht<\/a> d gro\u00df Villa vun Kaisers. <a title=\"Reichtum\" href=\"https:\/\/www.freiburg-schwarzwald.de\/blog\/selbsthilfe\/soziales\/reichtum\/\">De Park<\/a> vun Kaisers isch vun de <a title=\"Garten\" href=\"https:\/\/www.freiburg-schwarzwald.de\/blog\/natur\/garten\/\">G\u00e4\u00e4rtli <\/a>vun Maiers, Hubers un M\u00fcllers abtrennt durch \u00e4 Lorbeerbuschheck\u2019 un d G\u00e4\u00e4rtli vun Maiers, Hubers un M\u00fcllers unter\u00e4nander durch <a title=\"Grenzen\" href=\"https:\/\/www.freiburg-schwarzwald.de\/blog\/global\/eu\/grenzen\/\">Maschedrohtz\u00e4un<\/a>. Maiers ihr <a title=\"Obstbau\" href=\"https:\/\/www.freiburg-schwarzwald.de\/blog\/natur\/landwirt\/obstbau\/\">\u00c4pfelbaum<\/a> h\u00e4ngt \u00e4 weng sch\u00e4ps \u00fcber de Lorberbusch in Kaisers Park nii. <!--more-->\u00c4 paar fuuli \u00c4pfili gheie no halt jeds Johr in\u00a0Kaisers Sch\u00f6nerwohnerase. Des isch schun ewig de Grund f\u00fcr \u00e4 heftiger Briefwechsel zwische Maiers un Kaisers. De Sohn vun Kaisers spielt Trompet. Im Summer grunds\u00e4tzlig bi offenem Fenschter. Des st\u00f6rt Hubers un M\u00fcllers. Un bsunders Maiers am Samschdignommidag. Do welli die bi sch\u00f6\u00ad nem Wetter n\u00e4mlig grille, un zwar ussgiebig. Mit G\u00e4scht, wo gern trinke, rumbl\u00f6dle un lache, dass sich d \u00c4scht vu sellem \u00c4pfelbaum biege.<br \/>\nS Grille vun Maiers st\u00f6rt M\u00fcllers, Hubers un Kaisers. Hubers un M\u00fcllers hen selleweg verabredet, dass si, wenn Maiers grille, hinter\u00e4nander bsunders akkurat de Rase m\u00e4he. Immer mit kleine Pause dezwische, demit sich de L\u00e4rm \u00e4 weng \u00fcber de Nommiddag streckt. Des het dennoo wenigschtens ei Vorteil: De Trompeter haut s Fenschter zu weggenem L\u00e4rm vun Hubers un M\u00fcllers <a title=\"Laerm\" href=\"https:\/\/www.freiburg-schwarzwald.de\/blog\/natur\/umwelt\/laerm\/\">Rasem\u00e4her<\/a> und weggenem Grillrauch vun Maiers. Kaisers stehn mit Hubers un M\u00fcllers in feindlichem Briefkontakt wegge de Rasem\u00e4her.<br \/>\nUn mit Maiers weggenem \u00c4pfelbaum un de Grillorgie.<br \/>\nDer <a title=\"Frieden\" href=\"https:\/\/www.freiburg-schwarzwald.de\/blog\/engagement\/zukunft\/frieden\/\">Nochberschaftskrieg<\/a> herrscht sitter Johre. Die sotte sich \u00e4mol \u00e4 Beispiel nemme an de <a title=\"Wir-schaffen-das\" href=\"https:\/\/www.freiburg-schwarzwald.de\/blog\/global\/migration\/wir-schaffen-das\/\">gro\u00dfe Politik<\/a> \u2013 do goht\u2019s doch au mit em Friede.<br \/>\n17.2.2016, <a title=\"Muettersproch\" href=\"https:\/\/www.freiburg-schwarzwald.de\/blog\/kultur\/alemannisch\/muettersproch\/\">Wunderfitz<\/a>, <a title=\"Pflaum\" href=\"https:\/\/www.freiburg-schwarzwald.de\/blog\/kultur\/dichter\/pflaum\/\">Stefan Pflaum<\/a>, <a href=\"https:\/\/www.dreisamtaeler.de%20\">www.dreisamtaeler.de<\/a><\/p>\n","protected":false},"excerpt":{"rendered":"<p>Maiers wohne ime Einfamiliehuus nebe demm vun Hubers links un demm vun M\u00fcllers rechts. Gegen\u00fcber vun denne drei Hiiser schtoht d gro\u00df Villa vun Kaisers. De Park vun Kaisers isch vun de G\u00e4\u00e4rtli vun Maiers, Hubers un M\u00fcllers abtrennt durch &hellip; <a href=\"https:\/\/www.freiburg-schwarzwald.de\/blog\/grosse-politik-nachbarschaft\/\">Weiterlesen <span class=\"meta-nav\">&rarr;<\/span><\/a><\/p>\n","protected":false},"author":2,"featured_media":0,"comment_status":"open","ping_status":"closed","sticky":false,"template":"","format":"standard","meta":{"footnotes":""},"categories":[140,157,11],"tags":[435,431,598,719],"class_list":["post-59387","post","type-post","status-publish","format-standard","hentry","category-garten","category-oeffentlicher-raum","category-regio","tag-gartner","tag-gerecht","tag-immo","tag-umwelt"],"_links":{"self":[{"href":"https:\/\/www.freiburg-schwarzwald.de\/blog\/wp-json\/wp\/v2\/posts\/59387","targetHints":{"allow":["GET"]}}],"collection":[{"href":"https:\/\/www.freiburg-schwarzwald.de\/blog\/wp-json\/wp\/v2\/posts"}],"about":[{"href":"https:\/\/www.freiburg-schwarzwald.de\/blog\/wp-json\/wp\/v2\/types\/post"}],"author":[{"embeddable":true,"href":"https:\/\/www.freiburg-schwarzwald.de\/blog\/wp-json\/wp\/v2\/users\/2"}],"replies":[{"embeddable":true,"href":"https:\/\/www.freiburg-schwarzwald.de\/blog\/wp-json\/wp\/v2\/comments?post=59387"}],"version-history":[{"count":0,"href":"https:\/\/www.freiburg-schwarzwald.de\/blog\/wp-json\/wp\/v2\/posts\/59387\/revisions"}],"wp:attachment":[{"href":"https:\/\/www.freiburg-schwarzwald.de\/blog\/wp-json\/wp\/v2\/media?parent=59387"}],"wp:term":[{"taxonomy":"category","embeddable":true,"href":"https:\/\/www.freiburg-schwarzwald.de\/blog\/wp-json\/wp\/v2\/categories?post=59387"},{"taxonomy":"post_tag","embeddable":true,"href":"https:\/\/www.freiburg-schwarzwald.de\/blog\/wp-json\/wp\/v2\/tags?post=59387"}],"curies":[{"name":"wp","href":"https:\/\/api.w.org\/{rel}","templated":true}]}}