{"id":5937,"date":"2012-06-29T08:34:33","date_gmt":"2012-06-29T08:34:33","guid":{"rendered":"https:\/\/www.freiburg-schwarzwald.de\/blog\/?p=5937"},"modified":"2012-06-29T08:35:07","modified_gmt":"2012-06-29T08:35:07","slug":"biokeule-gegen-buchsbaumzuensler-schnittgut-in-roten-sack","status":"publish","type":"post","link":"https:\/\/www.freiburg-schwarzwald.de\/blog\/biokeule-gegen-buchsbaumzuensler-schnittgut-in-roten-sack\/","title":{"rendered":"Biokeule gegen Buchsbaumzuensler &#8211; Schnittgut in roten Sack"},"content":{"rendered":"<p><!-- RSPEAK_STOP -->Das Ausma\u00df der Sch\u00e4den, die der Buchsbaumz\u00fcnsler, ein importierter Schmetterling, in j\u00fcngster Zeit in Freiburg angerichtet hat, ist so gro\u00df, dass seine Raupen in st\u00e4dtischen Parks und <a title=\"Garten\" href=\"https:\/\/www.freiburg-schwarzwald.de\/blog\/natur\/garten\/\">G\u00e4rten<\/a> nun mit der biologischen Keule bek\u00e4mpft werden. Anders, so hei\u00dft es aus dem Rathaus, sei dem Insekt in der \u00d6kohauptstadt nicht mehr beizukommen. Um seine weitere Ausbreitung zu stoppen, soll befallenes Pflanzenmaterial \u00fcber den Restm\u00fcll entsorgt werden. In Zierg\u00e4rten gilt der fremdl\u00e4ndische Buchsbaumz\u00fcnsler als einer der gef\u00fcrchtetsten Sch\u00e4dlinge \u00fcberhaupt: So wurden im Ortenaukreis, wo der Z\u00fcnsler bereits seit 2007 in gro\u00dfem Stil w\u00fctet, mancherorts ganze Stra\u00dfenz\u00fcge kahlgefressen. Am Hochrhein, bei Grenzach-Wyhlen, fiel seinen gefr\u00e4\u00dfigen Raupen sogar ein gesch\u00fctztes Buchsw\u00e4ldchen zum Opfer.<!--more-->&#8222;Inzwischen hat der Befall auch in Freiburg ein bisher noch nicht dagewesenes Ausma\u00df erreicht&#8220;, sagt Rathaussprecherin Martina Schickle. In vielen st\u00e4dtischen Park- und Gartenanlagen sowie auf den Friedh\u00f6fen seien die Sch\u00e4den inzwischen so gro\u00df, dass Pflanzenschutzmittel eingesetzt werden m\u00fcssen. &#8222;Andere Methoden, zum Beispiel das Ablesen der Raupen mit der Hand, helfen bei dem derzeitigen hohen Befall leider nicht mehr&#8220;, so Schickle. Besonders betroffen seien der Hauptfriedhof und der Friedhof in St. Georgen. Ein Grund f\u00fcr den auch anderenorts in Baden-W\u00fcrttemberg festgestellten rasanten Anstieg der Falterpopulationen k\u00f6nnte der vergleichsweise milde Winter gewesen sein. Zur Bek\u00e4mpfung der Raupen setzt das Garten- und Tiefbauamt in Absprache mit dem Landratsamt zwei biologische Insektizide ein: Zum einen das Pr\u00e4parat &#8222;Dipel-Es&#8220;, ein Mittel auf Basis des Bacillus thuringiensis, sowie das Pr\u00e4parat &#8222;Quassia&#8220;, das Substanzen aus der Rinde des in S\u00fcdamerika beheimateten Bitterholz-Baumes enth\u00e4lt. Beide Mittel sind auch f\u00fcr den Einsatz in privaten G\u00e4rten zugelassen. Die Stadtverwaltung bittet darum, gesch\u00e4digte Buchsb\u00e4ume und befallenes Schnittgut aus Privatg\u00e4rten nicht \u00fcber den Kompost zu entsorgen, da der Falter seine Eier in den Pflanzen ablegt und auf diese Weise weiter verbreitet werden k\u00f6nnte. Infiziertes Pflanzenmaterial soll stattdessen zerkleinert werden und in der <a title=\"Abfall\" href=\"https:\/\/www.freiburg-schwarzwald.de\/blog\/natur\/umwelt\/abfall\/\">Restm\u00fclltonne<\/a> landen. Falls der Platz dort nicht ausreicht, stehen spezielle rote S\u00e4cke zur Verf\u00fcgung, die von der M\u00fcllabfuhr zusammen mit dem Restm\u00fcll an den bekannten Abfuhrtagen mitgenommen werden.<br \/>\nS\u00e4cke zur Entsorgung infizierter Buchspflanzen gibt\u2019s kostenlos am Betriebshof St. Gabriel (Liebigstra\u00dfe 19) sowie an den Recyclingh\u00f6fen (Schnaitweg 7 und Carl-Metz-Stra\u00dfe 5) zu den \u00fcblichen \u00d6ffnungszeiten. Gr\u00f6\u00dfere Mengen m\u00fcssen bei der Abfall-Umladestation am Eichelbuck im Industriegebiet Nord entsorgt werden. Auf den Friedh\u00f6fen d\u00fcrfen gesch\u00e4digte Buchspflanzen nur in daf\u00fcr gekennzeichneten Abfalltonnen landen.<br \/>\nAndreas Braun, 29-6-2012<\/p>\n","protected":false},"excerpt":{"rendered":"<p>Das Ausma\u00df der Sch\u00e4den, die der Buchsbaumz\u00fcnsler, ein importierter Schmetterling, in j\u00fcngster Zeit in Freiburg angerichtet hat, ist so gro\u00df, dass seine Raupen in st\u00e4dtischen Parks und G\u00e4rten nun mit der biologischen Keule bek\u00e4mpft werden. Anders, so hei\u00dft es aus &hellip; <a href=\"https:\/\/www.freiburg-schwarzwald.de\/blog\/biokeule-gegen-buchsbaumzuensler-schnittgut-in-roten-sack\/\">Weiterlesen <span class=\"meta-nav\">&rarr;<\/span><\/a><\/p>\n","protected":false},"author":2,"featured_media":0,"comment_status":"open","ping_status":"closed","sticky":false,"template":"","format":"standard","meta":{"footnotes":""},"categories":[140,68],"tags":[169],"class_list":["post-5937","post","type-post","status-publish","format-standard","hentry","category-garten","category-umwelt","tag-mull"],"_links":{"self":[{"href":"https:\/\/www.freiburg-schwarzwald.de\/blog\/wp-json\/wp\/v2\/posts\/5937","targetHints":{"allow":["GET"]}}],"collection":[{"href":"https:\/\/www.freiburg-schwarzwald.de\/blog\/wp-json\/wp\/v2\/posts"}],"about":[{"href":"https:\/\/www.freiburg-schwarzwald.de\/blog\/wp-json\/wp\/v2\/types\/post"}],"author":[{"embeddable":true,"href":"https:\/\/www.freiburg-schwarzwald.de\/blog\/wp-json\/wp\/v2\/users\/2"}],"replies":[{"embeddable":true,"href":"https:\/\/www.freiburg-schwarzwald.de\/blog\/wp-json\/wp\/v2\/comments?post=5937"}],"version-history":[{"count":0,"href":"https:\/\/www.freiburg-schwarzwald.de\/blog\/wp-json\/wp\/v2\/posts\/5937\/revisions"}],"wp:attachment":[{"href":"https:\/\/www.freiburg-schwarzwald.de\/blog\/wp-json\/wp\/v2\/media?parent=5937"}],"wp:term":[{"taxonomy":"category","embeddable":true,"href":"https:\/\/www.freiburg-schwarzwald.de\/blog\/wp-json\/wp\/v2\/categories?post=5937"},{"taxonomy":"post_tag","embeddable":true,"href":"https:\/\/www.freiburg-schwarzwald.de\/blog\/wp-json\/wp\/v2\/tags?post=5937"}],"curies":[{"name":"wp","href":"https:\/\/api.w.org\/{rel}","templated":true}]}}