{"id":59309,"date":"2016-02-13T20:55:06","date_gmt":"2016-02-13T19:55:06","guid":{"rendered":"https:\/\/www.freiburg-schwarzwald.de\/blog\/?p=59309"},"modified":"2016-02-18T18:27:52","modified_gmt":"2016-02-18T17:27:52","slug":"pippi-langstrumpf-politik","status":"publish","type":"post","link":"https:\/\/www.freiburg-schwarzwald.de\/blog\/pippi-langstrumpf-politik\/","title":{"rendered":"Pippi-Langstrumpf-Politik"},"content":{"rendered":"<p>&#8222;Klare <a title=\"Grenzen\" href=\"https:\/\/www.freiburg-schwarzwald.de\/blog\/global\/eu\/grenzen\/\">Grenzpolitik<\/a>, wir m\u00fcssen die <a title=\"Fluechtlinge2016\" href=\"https:\/\/www.freiburg-schwarzwald.de\/blog\/global\/integration\/fluechtlinge2016\/\">unkontrollierte Einwanderung<\/a> beenden. &#8230;. wenn jeder, der \u00fcber die <a title=\"Obergrenze\" href=\"https:\/\/www.freiburg-schwarzwald.de\/blog\/global\/integration\/obergrenze\/\">Grenze<\/a> will, an einer <a title=\"Sicherheit\" href=\"https:\/\/www.freiburg-schwarzwald.de\/blog\/selbsthilfe\/soziales\/justiz\/sicherheit\/\">Kontrolle<\/a> vorbei mu\u00df, dann wird sich die Zahl der Fl\u00fcchtlinge reduzieren. &#8230; wir m\u00fcssen das (Europa als <a title=\"Kompetenz\" href=\"https:\/\/www.freiburg-schwarzwald.de\/blog\/global\/integration\/kompetenz\/\">sichere Burg<\/a>) aushalten, weil sonst Europa, das Vertrauen in den Staat, unser sozialer Zusammenhalt und letztlich unsere <a title=\"Migration\" href=\"https:\/\/www.freiburg-schwarzwald.de\/blog\/global\/migration\/\">F\u00e4higkeit<\/a>, den <a title=\"Migration-Maenner\" href=\"https:\/\/www.freiburg-schwarzwald.de\/blog\/global\/migration\/migration-maenner\/\">Fl\u00fcchtlingen<\/a> zu helfen, auf dem Spiel stehen. <!--more-->Und die Bilder w\u00fcrden nur wenige Tage anhalten, danach w\u00fcrden die Menschen versuchen, auf sicherem <a title=\"Migration-Zahlen\" href=\"https:\/\/www.freiburg-schwarzwald.de\/blog\/global\/migration\/migration-zahlen\/\">Kontingentweg<\/a> zu uns zu kommen. F\u00fcr mich z\u00e4hlt, dass man Kriegsfl\u00fcchtlingen hilft, dass wir in einem geordneten Zuwanderungsverfahren Kinder und Frauen holen und nicht nur alleinstehende M\u00e4nner. &#8230;.<br \/>\nMillionen Kinder sterben, aber wir k\u00f6nnen diese Menschen nicht alle bei uns aufnehmen, wir m\u00fcssen dort helfen, wo sie leben. Es sind nicht die Zeiten f\u00fcr Pippi-Langstrumpf- oder Ponyhof-Politik. &#8230;<br \/>\nEs wird sehr schwer. Wir m\u00fcssen die Menschen \u00fcber das Stadtgebiet verteilen, aber die Akzeptanz der Bev\u00f6lkerung <a title=\"Wir-schaffen-das\" href=\"https:\/\/www.freiburg-schwarzwald.de\/blog\/global\/migration\/wir-schaffen-das\/\">schwindet von Tag zu Tag<\/a>. Von der <a title=\"Willkommenskultur\" href=\"https:\/\/www.freiburg-schwarzwald.de\/blog\/global\/integration\/willkommenskultur\/\">Willkommenskultur<\/a> ist oft nicht mehr viel \u00fcbrig, &#8230;<br \/>\nWir m\u00fcssen Politik f\u00fcr die ganzen Bev\u00f6lkerung machen. Und die gro\u00dfe Mehrheit im Land will, dass ihr Leben so bleibt wie es ist. In allen westlichen L\u00e4ndern gibt es ein <a title=\"Nationalismus\" href=\"https:\/\/www.freiburg-schwarzwald.de\/blog\/engagement\/zukunft\/demokratie\/nationalismus\/\">Staatsvolk<\/a> &#8211; und eine Gruppe, die dem Staatsvolk nicht angeh\u00f6rt. Daf\u00fcr gibt es zwei Rechtskategorien. Und immer werden die eigenen Staatsb\u00fcrger zuerst genannt und bevorzugt. Es ist Unsinn, das mit der NPD gleichzusetzen. &#8230;<br \/>\nDie (immateriellen Werte) sind in Gefahr, wenn eine zu gro\u00dfe Zahl von Menschen mit einer v\u00f6llig anderen Werthaltung zu schnell einwandert. Das sind nicht alles Menschen, die <a title=\"Werte\" href=\"https:\/\/www.freiburg-schwarzwald.de\/blog\/global\/integration\/werte\/\">westliche Werte<\/a> suchen &#8230;<br \/>\nEs gibt <a title=\"Gesinnungsethik\" href=\"https:\/\/www.freiburg-schwarzwald.de\/blog\/engagement\/zukunft\/demokratie\/gesinnungsethik\/\">Gesinnungsethiker<\/a> und Verantwortungsethiker. &#8230; Es gibt in der Katastrophenmedizin eine Theorie. Wenn sie auf einem Schlachtfeld sind, k\u00fcmmern Sie sich um die, die leise sind. Die, die laut schreien, lassen Sie liegen, auch wenn&#8217;s schwerf\u00e4llt. Wer noch schreien kann, hat genug Kraft zu \u00fcberleben. Wer leise ist und sich nicht mehr r\u00fchren kann, braucht dringend Hilfe. Das ist sehr schmerzhaft f\u00fcr die, die schreien, aber es erh\u00f6ht die \u00dcberlebensrate. Das ist Verantwortungsethik.&#8220;<br \/>\n.<br \/>\nVon wem wohl stammen diese Worte? Nicht von <a title=\"Rechts\" href=\"https:\/\/www.freiburg-schwarzwald.de\/blog\/engagement\/zukunft\/demokratie\/rechts\/\">rechten Dumpfbacken<\/a> oder <a title=\"Pegida\" href=\"https:\/\/www.freiburg-schwarzwald.de\/blog\/global\/integration\/pegida\/\">Pegida<\/a>. Auch nicht von der CSU, Und erstaunlicherweise nicht von der <a title=\"AfD\" href=\"https:\/\/www.freiburg-schwarzwald.de\/blog\/vereine\/partei\/afd\/\">AfD<\/a>. <strong>Die Zitate stammen von Boris Palmer<\/strong>, Parteivorstand <a title=\"Gruene\" href=\"https:\/\/www.freiburg-schwarzwald.de\/blog\/vereine\/partei\/gruene\/\">DIE GR\u00dcNEN<\/a>, Oberb\u00fcrgermeister von T\u00fcbingen. Quelle: Boris Palmer, &#8222;Wir m\u00fcssen das aushalten&#8220;, DER SPIEGEL vom 13.2.2016, Seite 30-33.<br \/>\nPalmer macht sich damit den NPD-Slogan &#8222;Unser Volk zuerst&#8220; zu eigen.\u00a0Und zum Statement &#8222;Unser Land wird sich ver\u00e4ndern &#8211; ich freue mich drauf&#8220; von Karin G\u00f6ring-Eckardt sagte Palmer: &#8222;Es ist mir zu einseitig, nur die Sonnenseiten zu sehen. Wir haben die Probleme lange untersch\u00e4tzt&#8220;.<br \/>\nWoher nur kommt die fundamentale Wandlung des gr\u00fcnen Politikers Palmer? Wahrscheinlich aus der Erfahrung, dass sich das gr\u00fcn-gutmenschliche Ges\u00e4usel von Berlin (KGE, Claudia Roth, Simone Peter) \u00fcberhaupt nicht mehr\u00a0mit\u00a0der Kommunalpolitik vorort (hier also in T\u00fcbingen) vertr\u00e4gt.<br \/>\nPalmer wird in sozialen Medien gar bezichtigt, er habe die &#8222;Rhetorik eines AfD-Politikers, der sich von Biogem\u00fcse ern\u00e4hrt.&#8220;<br \/>\n13.2.2016<br \/>\n.<\/p>\n<p><strong>Kommunalpolitik = B\u00fcrgerprobleme und Bundespolitik = Wunschdenken<\/strong><br \/>\nHerr Palmer ist Kommunalpolitiker und hat aus seiner Sicht die Dinge geschildert. Die Reaktionen der Gr\u00fcnen Bundespolitiker zeigen die fehlende Bodenhaftung und naives Wunschdenken. Es wird ein b\u00f6ses Erwachen geben.<br \/>\n17.2.2016<\/p>\n<p><strong>No borders &#8211; no nations\u00a0&#8211; no no<\/strong><br \/>\nHerr Palmer, ihr Parteifreunde h\u00e4ngen noch immer ihrem primitiven Idealselbst nach! Mit dem primitiven Einfordern um dieses Ideal mit &#8222;\u201eKein Mensch ist illegal\u201c, \u201eNo Borders, No Nations\u201c, \u201eBleiberecht f\u00fcr alle\u201c, \u201e\u00dcberwindung des Nationalstaats\u201c, \u201eWir schaffen das\u201c, so hie\u00df es, hei\u00dft es.<br \/>\nWollen sie dieses primitiv idealisierte Kulturselbst besch\u00fctzen und reagieren gegen alles, was dagegen argumentiert mit Entwertung, Stigmatisierung und Aggression. Wenn sie vern\u00fcnftig geworden sind, suchen sie sich bei vern\u00fcnftigen Menschen in vern\u00fcnftigen Parteien eine neue Wirkungsst\u00e4tte.<br \/>\n17.2.2016, Bremen<\/p>\n<p>Schwarz-Wei\u00df-Denken, wie es Palmer der gr\u00fcnen Parteispitze zurecht vorwirft, und Freund-Feind-Kategorien sind Kernmerkmale von dogmatischen Ideologien. So werden notwendige Diskurse jedenfalls gleich von vorneherein abgew\u00fcrgt. Warum setzen sich \u00d6zdemir und Peter nicht sachlich mit Palmers Einw\u00e4nden auseinander? Haben sie Angst vor der Diskussion, an deren Ende sie m\u00f6glicherweise Denkfehler eingestehen m\u00fcssten?<br \/>\nFrau Peter sollte mal bei dem Soziologen Max Weber nachlesen. Weber unterscheidet<br \/>\nzwischen Gesinnungsethik (die Folgen meiner Handlung interessieren mich nicht) und Verantwortungsethik (man muss die Folgen meiner Entscheidung mitbedenken).<br \/>\nKarl Hungus<\/p>\n<p>Herr Palmer, als analytisch denkender Mensch der Sie sicher sind (ist Mathematikern ja so zu eigen) w\u00fcrde ich mir ernsthaft \u00fcberlegen ob ich in einer Partei, die von Gesinnungsethikern der Marke G\u00f6ring-Eckardt, Peter, Roth, Hofreiter und \u00d6zdemir gef\u00fchrt wird, richtig aufgehoben bin.<br \/>\nKann ich mir einfach nicht vorstellen. Denken Sie einfach auch einmal dar\u00fcber nach warum gr\u00fcne Parteien in den 5 nach Deutschland bev\u00f6lkerungsreichsten EU-L\u00e4ndern Grossbritannien, Frankreich, Italien, Spanien und Polen mit 1 bis 3% ein Mauerbl\u00fcmchendasein in- und ausserhalb der Parlamente f\u00fchren !<br \/>\n.<br \/>\n<strong>Gr\u00fcn = Links<\/strong><br \/>\nBei den &#8222;Gr\u00fcnen&#8220; hat es schon in ihrer Gr\u00fcndungszeit einen Machtwechsel gegeben, die urspr\u00fcngliche \u00d6ko-Partei ist schon in den 1980er Jahren systematisch von sogenannten K-Gruppen (kommunistischen Gruppen) unterwandert und nach linksau\u00dfen gezogen worden. Konservative Mitglieder wie Herbert Gruhl, der zuvor wegen Ver\u00f6ffentlichung eines der ersten die Umweltausbeutung kritisierenden \u00d6ko-B\u00fccher aus der CDU herausgemobbt worden war, wurden aus der Partei geekelt. Heute tr\u00e4gt man das \u00d6ko-Thema immer noch wie eine Monstranz vor sich her, aber macht in weiten Teilen eine Politik, die die B\u00fcrger g\u00e4ngelt und einer Entlastung der Umwelt eher zuwider l\u00e4uft. Wer \u00f6kologische Politik m\u00f6chte, findet im Parteienspektrum durchaus Alternativen&#8230;<\/p>\n","protected":false},"excerpt":{"rendered":"<p>&#8222;Klare Grenzpolitik, wir m\u00fcssen die unkontrollierte Einwanderung beenden. &#8230;. wenn jeder, der \u00fcber die Grenze will, an einer Kontrolle vorbei mu\u00df, dann wird sich die Zahl der Fl\u00fcchtlinge reduzieren. &#8230; wir m\u00fcssen das (Europa als sichere Burg) aushalten, weil sonst &hellip; <a href=\"https:\/\/www.freiburg-schwarzwald.de\/blog\/pippi-langstrumpf-politik\/\">Weiterlesen <span class=\"meta-nav\">&rarr;<\/span><\/a><\/p>\n","protected":false},"author":2,"featured_media":0,"comment_status":"open","ping_status":"closed","sticky":false,"template":"","format":"standard","meta":{"footnotes":""},"categories":[18,54,52,104,155,11],"tags":[622,525],"class_list":["post-59309","post","type-post","status-publish","format-standard","hentry","category-bildung","category-ehrenamt","category-einewelt","category-hilfe","category-integration","category-regio","tag-migration","tag-politik"],"_links":{"self":[{"href":"https:\/\/www.freiburg-schwarzwald.de\/blog\/wp-json\/wp\/v2\/posts\/59309","targetHints":{"allow":["GET"]}}],"collection":[{"href":"https:\/\/www.freiburg-schwarzwald.de\/blog\/wp-json\/wp\/v2\/posts"}],"about":[{"href":"https:\/\/www.freiburg-schwarzwald.de\/blog\/wp-json\/wp\/v2\/types\/post"}],"author":[{"embeddable":true,"href":"https:\/\/www.freiburg-schwarzwald.de\/blog\/wp-json\/wp\/v2\/users\/2"}],"replies":[{"embeddable":true,"href":"https:\/\/www.freiburg-schwarzwald.de\/blog\/wp-json\/wp\/v2\/comments?post=59309"}],"version-history":[{"count":0,"href":"https:\/\/www.freiburg-schwarzwald.de\/blog\/wp-json\/wp\/v2\/posts\/59309\/revisions"}],"wp:attachment":[{"href":"https:\/\/www.freiburg-schwarzwald.de\/blog\/wp-json\/wp\/v2\/media?parent=59309"}],"wp:term":[{"taxonomy":"category","embeddable":true,"href":"https:\/\/www.freiburg-schwarzwald.de\/blog\/wp-json\/wp\/v2\/categories?post=59309"},{"taxonomy":"post_tag","embeddable":true,"href":"https:\/\/www.freiburg-schwarzwald.de\/blog\/wp-json\/wp\/v2\/tags?post=59309"}],"curies":[{"name":"wp","href":"https:\/\/api.w.org\/{rel}","templated":true}]}}