{"id":59307,"date":"2016-02-13T19:38:43","date_gmt":"2016-02-13T18:38:43","guid":{"rendered":"https:\/\/www.freiburg-schwarzwald.de\/blog\/?p=59307"},"modified":"2016-02-13T19:38:43","modified_gmt":"2016-02-13T18:38:43","slug":"hoellentalbahn-filmpremiere","status":"publish","type":"post","link":"https:\/\/www.freiburg-schwarzwald.de\/blog\/hoellentalbahn-filmpremiere\/","title":{"rendered":"Hoellentalbahn Filmpremiere"},"content":{"rendered":"<p>\u201eZeitreise mit der <a title=\"Eisenbahn\" href=\"https:\/\/www.freiburg-schwarzwald.de\/blog\/regio\/verkehr\/eisenbahn\/\">H\u00f6llentalbahn<\/a> von Freiburg zum Feldberg\u201c &#8211; Film-Premiere am 23. Februar 2016 um 18 Uhr im Begegnungszentrum <a title=\"Laubenhof\" href=\"https:\/\/www.freiburg-schwarzwald.de\/blog\/selbsthilfe\/senioren\/laubenhof\/\">Laubenhof<\/a>, Weismannstr. 3, 79117 Freiburg-Waldsee. Eintritt frei.\u00a0Der 60-min\u00fctige Film des <a title=\"Oberwiehre\" href=\"https:\/\/www.freiburg-schwarzwald.de\/blog\/regio\/freiburg\/oberwiehre\/\">B\u00fcrgervereins Mittel- und Unterwiehre<\/a> vermittelt in zahlreichen Bildern und Videosequenzen Eindr\u00fccke aus den letzten 125 Jahren auf einer <a title=\"Himmelreich\" href=\"https:\/\/www.freiburg-schwarzwald.de\/blog\/selbsthilfe\/behinderung\/himmelreich\/\">Reise<\/a> beginnend mit dem zeitlichen Wandel <a title=\"Hauptbahnhof\" href=\"https:\/\/www.freiburg-schwarzwald.de\/blog\/regio\/verkehr\/hauptbahnhof\/\">Freiburgs<\/a> <!--more-->entlang der landschaftlich interessanten H\u00f6llentalbahn zum h\u00f6chsten Schwarzwaldgipfel &#8211; dem Feldberg.<\/p>\n<p><span style=\"font-family: Arial, sans-serif;\">1887 wurde die <a title=\"OEPNV\" href=\"https:\/\/www.freiburg-schwarzwald.de\/blog\/regio\/verkehr\/oepnv\/\">H\u00f6llentalbahn<\/a> er\u00f6ffnet, Gesch\u00e4ftsleute, Touristen, aber auch die Menschen in der Wiehre freuten sich \u00fcber die neue Verbindung in den Schwarzwald.<\/span><\/p>\n<p><span style=\"font-family: Arial, sans-serif;\">Bis 1934 dampfte die Bahn mitten durch die Wiehre \u2013 die damals allerdings noch gr\u00f6\u00dftenteils d\u00fcnn besiedelt war und vor allem landwirtschaftlich genutzt wurde. S\u00fcdlich der Dreisam in H\u00f6he der Freiau-Siedlung zweigte die H\u00f6llentalbahn von der Hauptstrecke ab. Sie f\u00fchrte \u00fcber die Kronenmatten, querte Basler Stra\u00dfe, H\u00f6lderlebach, Schwimmbadstra\u00dfe, Loretto-, Goethe- und G\u00fcnterstalstra\u00dfe. Parallel zur Urachstra\u00dfe erreichte sie schlie\u00dflich den Alten Wiehre-Bahnhof, der heute unter anderem dem Kommunalen Kino als Sitz dient. <\/span><\/p>\n<p class=\"western\"><span style=\"font-family: Arial, sans-serif;\">Der bislang noch nie in der \u00d6ffentlichkeit gezeigte Film zeigt zahlreiche Fotos aus mehr als hundert Jahren Eisenbahngeschichte in der Wiehre und im H\u00f6llental, unter anderem Bilder von mit Dampfloks bespannten Z\u00fcgen an den Bahn\u00fcberg\u00e4ngen des Stadtteils.<br \/>\n13.2.2016, Hans E. Homlicher<\/span><\/p>\n","protected":false},"excerpt":{"rendered":"<p>\u201eZeitreise mit der H\u00f6llentalbahn von Freiburg zum Feldberg\u201c &#8211; Film-Premiere am 23. Februar 2016 um 18 Uhr im Begegnungszentrum Laubenhof, Weismannstr. 3, 79117 Freiburg-Waldsee. Eintritt frei.\u00a0Der 60-min\u00fctige Film des B\u00fcrgervereins Mittel- und Unterwiehre vermittelt in zahlreichen Bildern und Videosequenzen Eindr\u00fccke &hellip; <a href=\"https:\/\/www.freiburg-schwarzwald.de\/blog\/hoellentalbahn-filmpremiere\/\">Weiterlesen <span class=\"meta-nav\">&rarr;<\/span><\/a><\/p>\n","protected":false},"author":2,"featured_media":0,"comment_status":"open","ping_status":"closed","sticky":false,"template":"","format":"standard","meta":{"footnotes":""},"categories":[18,180,11,118],"tags":[117,337,510,175,331],"class_list":["post-59307","post","type-post","status-publish","format-standard","hentry","category-bildung","category-hochschwarzwald","category-regio","category-verkehr","tag-dreisamuferweg","tag-historie","tag-opnv","tag-ortsgeschichte","tag-tourist"],"_links":{"self":[{"href":"https:\/\/www.freiburg-schwarzwald.de\/blog\/wp-json\/wp\/v2\/posts\/59307","targetHints":{"allow":["GET"]}}],"collection":[{"href":"https:\/\/www.freiburg-schwarzwald.de\/blog\/wp-json\/wp\/v2\/posts"}],"about":[{"href":"https:\/\/www.freiburg-schwarzwald.de\/blog\/wp-json\/wp\/v2\/types\/post"}],"author":[{"embeddable":true,"href":"https:\/\/www.freiburg-schwarzwald.de\/blog\/wp-json\/wp\/v2\/users\/2"}],"replies":[{"embeddable":true,"href":"https:\/\/www.freiburg-schwarzwald.de\/blog\/wp-json\/wp\/v2\/comments?post=59307"}],"version-history":[{"count":0,"href":"https:\/\/www.freiburg-schwarzwald.de\/blog\/wp-json\/wp\/v2\/posts\/59307\/revisions"}],"wp:attachment":[{"href":"https:\/\/www.freiburg-schwarzwald.de\/blog\/wp-json\/wp\/v2\/media?parent=59307"}],"wp:term":[{"taxonomy":"category","embeddable":true,"href":"https:\/\/www.freiburg-schwarzwald.de\/blog\/wp-json\/wp\/v2\/categories?post=59307"},{"taxonomy":"post_tag","embeddable":true,"href":"https:\/\/www.freiburg-schwarzwald.de\/blog\/wp-json\/wp\/v2\/tags?post=59307"}],"curies":[{"name":"wp","href":"https:\/\/api.w.org\/{rel}","templated":true}]}}