{"id":59200,"date":"2016-02-09T13:20:34","date_gmt":"2016-02-09T12:20:34","guid":{"rendered":"https:\/\/www.freiburg-schwarzwald.de\/blog\/?p=59200"},"modified":"2016-02-09T13:49:04","modified_gmt":"2016-02-09T12:49:04","slug":"atomwaffen-in-rheinland-pfalz","status":"publish","type":"post","link":"https:\/\/www.freiburg-schwarzwald.de\/blog\/atomwaffen-in-rheinland-pfalz\/","title":{"rendered":"Atomwaffen in Rheinland-Pfalz"},"content":{"rendered":"<p><a title=\"Katastrophenschutz\" href=\"https:\/\/www.freiburg-schwarzwald.de\/blog\/energie\/akw\/katastrophenschutz\/\">Atomare Aufr\u00fcstung <\/a>gef\u00e4hrdet <a title=\"Rechtsstaat\" href=\"https:\/\/www.freiburg-schwarzwald.de\/blog\/selbsthilfe\/soziales\/justiz\/rechtsstaat\/\">deutsche Souver\u00e4nit\u00e4t<\/a> &#8211; ein <a title=\"Demokratie\" href=\"https:\/\/www.freiburg-schwarzwald.de\/blog\/engagement\/zukunft\/demokratie\/\">politischer Skandal:<\/a>\u00a0Auf dem <a title=\"Sicherheit\" href=\"https:\/\/www.freiburg-schwarzwald.de\/blog\/selbsthilfe\/soziales\/justiz\/sicherheit\/\">Bundeswehr<\/a>-Milit\u00e4rflugplatz B\u00fcchel in Rheinland-Pfalz beginnen die Vorbereitungen f\u00fcr die Stationierung neuer amerikanischer <a title=\"AKW\" href=\"https:\/\/www.freiburg-schwarzwald.de\/blog\/energie\/akw\/\">Atombomben<\/a>. Dies belegen <a title=\"USA\" href=\"https:\/\/www.freiburg-schwarzwald.de\/blog\/global\/usa\/\">US<\/a>-Haushaltspl\u00e4ne, die der ZDF-Sendung &#8222;Frontal21&#8220; vorliegen (Sendung 22.09.2015). Danach stehen im Haushalt der US-Luftwaffe ab dem dritten Quartal 2015 Gelder <!--more-->f\u00fcr die so genannte &#8222;Integration des neuen Atombombensystems B61-12&#8220; auch in die deutschen Tornado-Jagdbomber bereit. Hinter dem Begriff &#8222;Integration&#8220; verbirgt sich eine massive atomare Aufr\u00fcstung in Deutschland.<\/p>\n<div id=\"site\">\n<div id=\"inhalt\"><span class=\"text\"><span class=\"text\"><br \/>\n\u201eAlle Atomwaffen gef\u00e4hrden den Frieden. Atomwaffen sind ein Dorn im Fleisch unseres Landes. Der Dorn muss gezogen werden. Die Friedensbewegung muss aus ihrem Dornr\u00f6schenschlaf erwachen. Wenn gegen den Willen des Deutschen Bundestages, in einer Zeit massiver internationaler Spannungen, in Deutschland atomar aufger\u00fcstet wird, dann stellt sich tats\u00e4chlich die Frage, ob Deutschland ein souver\u00e4ner Staat ist\u201c, sagt Dr. Brigitte Dahlbender, Landesvorsitzende des Bund f\u00fcr Umwelt und Naturschutz Deutschland (BUND) in Baden-W\u00fcrttemberg.<\/p>\n<p><\/span><\/span><b>Ist Deutschland ein souver\u00e4ner Staat?<\/b><br \/>\nDer Deutsche Bundestag hatte im M\u00e4rz 2010 mit gro\u00dfer Mehrheit beschlossen, die Bundesregierung solle sich mit Nachdruck f\u00fcr den Abzug der US-Atomwaffen aus Deutschland einsetzen. Im Koalitionsvertrag von Union und FDP hatte die Bundesregierung 2009 den Abzug der Atomwaffen aus B\u00fcchel zugesagt. Im schwarz-roten Koalitionsvertrag ist vom angestrebten \u201eAbzug der in Deutschland und Europa stationierten taktischen Atomwaffen\u201c die Rede.Die Au\u00dfenminister Joschka Fischer (Gr\u00fcne) und Guido Westerwelle (FDP) setzten sich w\u00e4hrend ihrer Amtszeiten f\u00fcr einen endg\u00fcltigen Abzug der Atombomben ein. Doch statt der von den gew\u00e4hlten Abgeordneten unseres Bundestages gew\u00fcnschten Abr\u00fcstung erfolgt nun die Aufr\u00fcstung und Stationierung von rund 20 neuen &#8222;optimierten&#8220; Nuklearwaffen, die zusammen die Sprengkraft von 80 Hiroshima-Bomben haben. \u201eEine atomare Aufr\u00fcstung gegen den Willen der Menschen und gegen den Willen des Deutschen Bundestages gef\u00e4hrdet nun unsere Souver\u00e4nit\u00e4t\u201c, warnt die Landesvorsitzende.<br \/>\nGleichzeitig m\u00fcssten die Millionen f\u00fcr die Umbauten an den Maschinen aus dem Bundeshaushalt Kommen. Denn wenn die USA die neuen B61-12-Nuklearwaffen nach B\u00fcchel bringen, m\u00fcssten nicht nur die Halterungen am deutschen Tornado-Bomber an die neuen, digital gesteuerten Bomben angepasst werden.<br \/>\n\u201eMassenvernichtungswaffen und Atomwaffen sind mit den Prinzipien des <a title=\"Menschenrechte\" href=\"https:\/\/www.freiburg-schwarzwald.de\/blog\/kultur\/aufklaerung\/menschenrechte\/\">humanit\u00e4ren V\u00f6lkerrechts<\/a> und den Menschenrechten unvereinbar. Waffensysteme, die zwischen Soldaten und Zivilisten nicht unterschieden werden diesen Grunds\u00e4tzen \u201eper definitionem\u201c nicht gerecht\u201c, sagt Axel Mayer, BUND Regionalgesch\u00e4ftsf\u00fchrer S\u00fcdlicher Oberrhein.<\/p>\n<p>8.2.2016<br \/>\n<i>Brigitte Dahlbender, <a title=\"BUND\" href=\"https:\/\/www.freiburg-schwarzwald.de\/blog\/natur\/umwelt\/bund\/\">BUND<\/a>-Landesvorsitzende \/ Axel Mayer, BUND-Regionalgesch\u00e4ftsf\u00fchrer<\/i><\/p>\n<\/div>\n<\/div>\n","protected":false},"excerpt":{"rendered":"<p>Atomare Aufr\u00fcstung gef\u00e4hrdet deutsche Souver\u00e4nit\u00e4t &#8211; ein politischer Skandal:\u00a0Auf dem Bundeswehr-Milit\u00e4rflugplatz B\u00fcchel in Rheinland-Pfalz beginnen die Vorbereitungen f\u00fcr die Stationierung neuer amerikanischer Atombomben. Dies belegen US-Haushaltspl\u00e4ne, die der ZDF-Sendung &#8222;Frontal21&#8220; vorliegen (Sendung 22.09.2015). Danach stehen im Haushalt der US-Luftwaffe ab &hellip; <a href=\"https:\/\/www.freiburg-schwarzwald.de\/blog\/atomwaffen-in-rheinland-pfalz\/\">Weiterlesen <span class=\"meta-nav\">&rarr;<\/span><\/a><\/p>\n","protected":false},"author":2,"featured_media":0,"comment_status":"open","ping_status":"closed","sticky":false,"template":"","format":"standard","meta":{"footnotes":""},"categories":[164,18,195,172],"tags":[640,163,489,520,86],"class_list":["post-59200","post","type-post","status-publish","format-standard","hentry","category-akw","category-bildung","category-eu","category-zukunft","tag-akw-2","tag-atomkraft","tag-european-union","tag-frieden","tag-waffen"],"_links":{"self":[{"href":"https:\/\/www.freiburg-schwarzwald.de\/blog\/wp-json\/wp\/v2\/posts\/59200","targetHints":{"allow":["GET"]}}],"collection":[{"href":"https:\/\/www.freiburg-schwarzwald.de\/blog\/wp-json\/wp\/v2\/posts"}],"about":[{"href":"https:\/\/www.freiburg-schwarzwald.de\/blog\/wp-json\/wp\/v2\/types\/post"}],"author":[{"embeddable":true,"href":"https:\/\/www.freiburg-schwarzwald.de\/blog\/wp-json\/wp\/v2\/users\/2"}],"replies":[{"embeddable":true,"href":"https:\/\/www.freiburg-schwarzwald.de\/blog\/wp-json\/wp\/v2\/comments?post=59200"}],"version-history":[{"count":0,"href":"https:\/\/www.freiburg-schwarzwald.de\/blog\/wp-json\/wp\/v2\/posts\/59200\/revisions"}],"wp:attachment":[{"href":"https:\/\/www.freiburg-schwarzwald.de\/blog\/wp-json\/wp\/v2\/media?parent=59200"}],"wp:term":[{"taxonomy":"category","embeddable":true,"href":"https:\/\/www.freiburg-schwarzwald.de\/blog\/wp-json\/wp\/v2\/categories?post=59200"},{"taxonomy":"post_tag","embeddable":true,"href":"https:\/\/www.freiburg-schwarzwald.de\/blog\/wp-json\/wp\/v2\/tags?post=59200"}],"curies":[{"name":"wp","href":"https:\/\/api.w.org\/{rel}","templated":true}]}}