{"id":59072,"date":"2016-02-02T18:45:16","date_gmt":"2016-02-02T17:45:16","guid":{"rendered":"https:\/\/www.freiburg-schwarzwald.de\/blog\/?p=59072"},"modified":"2016-02-03T19:15:23","modified_gmt":"2016-02-03T18:15:23","slug":"globalisierung-und-wohlstand","status":"publish","type":"post","link":"https:\/\/www.freiburg-schwarzwald.de\/blog\/globalisierung-und-wohlstand\/","title":{"rendered":"Globalisierung und Wohlstand"},"content":{"rendered":"<p>Vor <a title=\"Budapest-Dublin2015\" href=\"https:\/\/www.freiburg-schwarzwald.de\/blog\/global\/eu\/budapest-dublin2015\/\">Budapest 31.8.2015<\/a> kamen kaum <a title=\"Willkommenskultur\" href=\"https:\/\/www.freiburg-schwarzwald.de\/blog\/global\/integration\/willkommenskultur\/\">Fl\u00fcchtlinge<\/a>, weil wir Diktatoren wie Gaddafi viel Geld bezahlt haben. Bald wird es bei H&amp;M keine billigen T-Shirts mehr geben, wenn in Bangladesh gestreikt wird. Und Papa hat erfahren, dass seine <a title=\"Senioren\" href=\"https:\/\/www.freiburg-schwarzwald.de\/blog\/selbsthilfe\/senioren\/\">Altersversicherung<\/a> in <a title=\"Waffen\" href=\"https:\/\/www.freiburg-schwarzwald.de\/blog\/global\/waffen\/\">Waffenhandel<\/a> investiert. Oft k\u00f6nnen wir gar nicht mehr kontrollieren, worin wir \u00fcberall Komplizen sind. Unser <a title=\"Demokratie\" href=\"https:\/\/www.freiburg-schwarzwald.de\/blog\/engagement\/zukunft\/demokratie\/\">Wohlstand<\/a> ist meist auch die <a title=\"Armutszuwanderung\" href=\"https:\/\/www.freiburg-schwarzwald.de\/blog\/global\/integration\/armutszuwanderung\/\">Armut<\/a> der anderen. <!--more-->Unser Nachkriegsmodell der sozialen Marktwirtschaft funktioniert immer weniger, da der einzelne Staat in der <a title=\"Globalisierung\" href=\"https:\/\/www.freiburg-schwarzwald.de\/blog\/global\/globalisierung\/\">globalisierten Welt<\/a> den Steuerungsverlust erf\u00e4hrt.<br \/>\nDie jetzige Fl\u00fcchtlingswelle ist nur Symptom einer viel tieferen Krise: &#8222;Ich glaube, was man im Moment erlebt ist auch, dass die Menschen erschreckt sind, dass eine historische Realit\u00e4t nach Europa kommt, die wir vorher sehr effektiv wegged\u00e4mmt haben&#8220; &#8211; so der Historiker Philipp Blom, und weiter: &#8222;Mit den Folgen dieser zerst\u00f6rerischen Lebensweise werden wir k\u00fcnftig h\u00e4ufiger konfrontiert. Mit den Flucht-Ursachen wollen wir uns trotzdem nicht besch\u00e4ftigen: Auch weil in Deutschland immer mehr Menschen vom finanziellen Abstieg bedroht sind.&#8220;\u00a0 \u00a0.<br \/>\nDamit sind wir bei der sozialen Frage, beim Auseinanderdriften von Arm und Reich. Der Politikwissenschaftler Claus Leggewie mahnt, dass &#8222;durch die weltwirtschaftliche Globalisierung tats\u00e4chlich unsichere soziale Existenzen zunehmen. Also soziale Ungleichheit.&#8220;<br \/>\nWas tun, wenn 1) der Steuerungsverlust des <a title=\"Rechtsstaat\" href=\"https:\/\/www.freiburg-schwarzwald.de\/blog\/selbsthilfe\/soziales\/justiz\/rechtsstaat\/\">einzelnen Staates<\/a> in der globalisierten \u00d6konomie einhergeht mit 2) immer tieferem sozialem Ungleichgesicht arm\/reich im Inneren?<br \/>\n.<br \/>\nDa eine <a title=\"EU\" href=\"https:\/\/www.freiburg-schwarzwald.de\/blog\/global\/eu\/\">europ\u00e4ische<\/a> Reaktion auf den Fl\u00fcchtlingszustrom, auf die Kanzlerin Angela Merkel verzweifelt pocht, nicht zu erwarten ist, mu\u00df Deutschland nach dem Vorbild von Kanada, USA, Australien, S\u00fcdafrika und bald auch GBR selbst handeln: <a title=\"Grenzen\" href=\"https:\/\/www.freiburg-schwarzwald.de\/blog\/global\/eu\/grenzen\/\">Nationale Grenzhoheit<\/a>, Kompetenzfestung, <a title=\"Einwanderungsgesetz\" href=\"https:\/\/www.freiburg-schwarzwald.de\/blog\/global\/integration\/einwanderungsgesetz\/\">Einwanderungsgesetz<\/a>.<br \/>\nDanach mu\u00df sich entschlossene Regierungsarbeit den Ursachen von Migration zuwenden: Neue sozial-\u00f6kologische Weltordnung, Klimapolitik, &#8230; alles hochtrabende Worte f\u00fcrwahr.<br \/>\nUnd \u00fcber all dem: Unsere <a title=\"Diskussionskultur\" href=\"https:\/\/www.freiburg-schwarzwald.de\/blog\/kultur\/medien\/diskussionskultur\/\">DiskussionsUNkultur<\/a> mu\u00df endlich abgel\u00f6st werden durch eine Diskussionskultur.<br \/>\n.<br \/>\n<em>Mehr zum Thema z.B. hier:<\/em><br \/>\n<em>Claus Leggewie, Harald Welzer &#8222;Das Ende der Welt, wie wir sie kannten: <\/em><br \/>\n<em>Klima, Zukunft und die Chancen der Demokratie&#8220; <\/em><br \/>\n<em>288 Seiten, \u20ac 9,95, ISBN 978-3596185184 , Fischer Taschenbuch, 2011<\/em><\/p>\n","protected":false},"excerpt":{"rendered":"<p>Vor Budapest 31.8.2015 kamen kaum Fl\u00fcchtlinge, weil wir Diktatoren wie Gaddafi viel Geld bezahlt haben. Bald wird es bei H&amp;M keine billigen T-Shirts mehr geben, wenn in Bangladesh gestreikt wird. Und Papa hat erfahren, dass seine Altersversicherung in Waffenhandel investiert. &hellip; <a href=\"https:\/\/www.freiburg-schwarzwald.de\/blog\/globalisierung-und-wohlstand\/\">Weiterlesen <span class=\"meta-nav\">&rarr;<\/span><\/a><\/p>\n","protected":false},"author":2,"featured_media":0,"comment_status":"open","ping_status":"closed","sticky":false,"template":"","format":"standard","meta":{"footnotes":""},"categories":[14,23,155,172],"tags":[489,589,715,87,622,258,86],"class_list":["post-59072","post","type-post","status-publish","format-standard","hentry","category-global","category-handel","category-integration","category-zukunft","tag-european-union","tag-fair","tag-klima","tag-lokal-handeln","tag-migration","tag-oekologie","tag-waffen"],"_links":{"self":[{"href":"https:\/\/www.freiburg-schwarzwald.de\/blog\/wp-json\/wp\/v2\/posts\/59072","targetHints":{"allow":["GET"]}}],"collection":[{"href":"https:\/\/www.freiburg-schwarzwald.de\/blog\/wp-json\/wp\/v2\/posts"}],"about":[{"href":"https:\/\/www.freiburg-schwarzwald.de\/blog\/wp-json\/wp\/v2\/types\/post"}],"author":[{"embeddable":true,"href":"https:\/\/www.freiburg-schwarzwald.de\/blog\/wp-json\/wp\/v2\/users\/2"}],"replies":[{"embeddable":true,"href":"https:\/\/www.freiburg-schwarzwald.de\/blog\/wp-json\/wp\/v2\/comments?post=59072"}],"version-history":[{"count":0,"href":"https:\/\/www.freiburg-schwarzwald.de\/blog\/wp-json\/wp\/v2\/posts\/59072\/revisions"}],"wp:attachment":[{"href":"https:\/\/www.freiburg-schwarzwald.de\/blog\/wp-json\/wp\/v2\/media?parent=59072"}],"wp:term":[{"taxonomy":"category","embeddable":true,"href":"https:\/\/www.freiburg-schwarzwald.de\/blog\/wp-json\/wp\/v2\/categories?post=59072"},{"taxonomy":"post_tag","embeddable":true,"href":"https:\/\/www.freiburg-schwarzwald.de\/blog\/wp-json\/wp\/v2\/tags?post=59072"}],"curies":[{"name":"wp","href":"https:\/\/api.w.org\/{rel}","templated":true}]}}