{"id":58927,"date":"2016-01-26T21:32:20","date_gmt":"2016-01-26T20:32:20","guid":{"rendered":"https:\/\/www.freiburg-schwarzwald.de\/blog\/?p=58927"},"modified":"2016-01-27T18:51:31","modified_gmt":"2016-01-27T17:51:31","slug":"75000-schutzsuchende-20-tage","status":"publish","type":"post","link":"https:\/\/www.freiburg-schwarzwald.de\/blog\/75000-schutzsuchende-20-tage\/","title":{"rendered":"75000 Schutzsuchende 20 Tage"},"content":{"rendered":"<p>75.000 <a title=\"Fluechtlinge\" href=\"https:\/\/www.freiburg-schwarzwald.de\/blog\/global\/integration\/fluechtlinge\/\">Schutzsuchende<\/a> kamen in den ersten 20 Januartagen \u00fcber die bayerische <a title=\"Grenzen\" href=\"https:\/\/www.freiburg-schwarzwald.de\/blog\/global\/eu\/grenzen\/\">Grenze<\/a> nach D, also 3750 Fl\u00fcchtlinge pro Tag bzw. <a title=\"Wir-schaffen-das\" href=\"https:\/\/www.freiburg-schwarzwald.de\/blog\/global\/migration\/wir-schaffen-das\/\">1,369 Millionen in 2016<\/a>. Dieser Zahl von Thomas Kreuzer (CSU) in HartAberFair am 25.1. kann man glauben, sie stammt von der Polizei M\u00fcnchen. Die <a title=\"Luegenpresse\" href=\"https:\/\/www.freiburg-schwarzwald.de\/blog\/kultur\/medien\/luegenpresse\/\">L\u00fcgenpresse<\/a> meldet zwischen 1500 und 2700 pro Tag, die ARD vom 24.1. sagt 2200 t\u00e4glich, Thomas Oppermann am anderen Ende der Fernsehtischs <!--more-->spricht frech von 2000 Migranten jeden Tag. Der deutsche B\u00fcrger wird auch nach <a title=\"Koeln-Silvester2015\" href=\"https:\/\/www.freiburg-schwarzwald.de\/blog\/global\/integration\/koeln-silvester2015\/\">K\u00f6ln<\/a> weiter\u00a0<a title=\"Political-Correctness\" href=\"https:\/\/www.freiburg-schwarzwald.de\/blog\/kultur\/medien\/political-correctness\/\">belogen<\/a> und von den Medien f\u00fcr <a title=\"Pressekodex\" href=\"https:\/\/www.freiburg-schwarzwald.de\/blog\/kultur\/medien\/pressekodex\/\">unm\u00fcndig<\/a> erkl\u00e4rt. Dabei sind 80% der Deutschen \u00fcber diese ungewissen Zahlen besorgt, 75% fordern eine <a title=\"Obergrenze\" href=\"https:\/\/www.freiburg-schwarzwald.de\/blog\/global\/integration\/obergrenze\/\">Obergrenze<\/a> bzw. Begrenzung des Zustroms, der im F\u00fchjahr von 3750 weiter gigantisch anwachsen wird. Sie fordern dies jetzt, oder morgen, aber nicht erst nach EU-Quoten-Einigung, EU-Aussengrenze, Ende des Syrienkrieges bzw. Beseitigung der Fluchtursachen. Die Medien und <a title=\"Wir-schaffen-das\" href=\"https:\/\/www.freiburg-schwarzwald.de\/blog\/global\/migration\/wir-schaffen-das\/\">&#8222;Wir-schaffen-das&#8220;<\/a>-Politik senden bereits Nebelkerzen \u00fcber die Nichtmachbarkeit einer <a title=\"Demokratie braucht Obergrenze\" href=\"https:\/\/www.freiburg-schwarzwald.de\/blog\/demokratie-braucht-obergrenze\/\">Obergrenze<\/a>, um die Bev\u00f6lkerung weiter zu ver\u00e4ngstigen:<br \/>\n.<br \/>\n<em>(1) Obergrenze ist rein rechtlich unm\u00f6glich. Dies stimmt nicht:<\/em><br \/>\nHans-J\u00fcrgen Papier, der fr\u00fchere Pr\u00e4sident des Bundesverfassungsgerichts: \u201eDie Fl\u00fcchtlingskrise offenbart ein eklatantes Politikversagen. Noch nie war in der rechtsstaatlichen Ordnung der Bundesrepublik die Kluft zwischen Recht und Wirklichkeit so tief.\u201c (FAZ)<br \/>\nEr wie auch der ehem. Verfassungsichter Di Fabio erkl\u00e4ren in ihren Gutachten die Rechtm\u00e4\u00dfigkeit einer Obergrenze. <a href=\"https:\/\/www.bayern.de\/wp-content\/uploads\/2016\/01\/Gutachten_Bay_DiFabio_formatiert.pdf\">https:\/\/www.bayern.de\/wp-content\/uploads\/2016\/01\/Gutachten_Bay_DiFabio_formatiert.pdf<\/a>.<br \/>\n.<br \/>\n<em>(2) Grenzkontrollen l\u00f6sen Verkehrschaos aus:\u00a0Nein<\/em><br \/>\nDie Grenzkontrollen wirken sich wohl kaum auf den G\u00fcterverkehr aus, da er keine Migranten transportiert und daher praktisch nicht kontrolliert zu werden braucht. Werden trotzdem Migranten im Lkw mitgenommen, w\u00e4re es eine Straftat und zu ahnden. F\u00fcr den Personenverkehr gen\u00fcgt ein kurzer Blick ins Auto und im Zweifel eine Untersuchung der Papiere. Wo ist das Problem, wenn man dadurch die illegalen Migrationsstr\u00f6me steuern kann?<br \/>\nDas von der Ausreise in die Schweiz gewohnte Bild (Lkw Stau, Pkw frei) wird sich bei der Einreise von \u00d6sterreich nach D umkehren (Lkw frei, Pkw und Bus Stau).<br \/>\n.<br \/>\nWie sehr hier Angstmache betrieben wird, verr\u00e4t Aydan \u00d6zoguz, die Fl\u00fcchtlingsbeauftragte der Merkelregierung: \u201eDie Forderung nach der Wiedereinf\u00fchrung von Schlagb\u00e4umen in Europa ist nicht nur leichtsinnig, sie ist brandgef\u00e4hrlich\u201c, denn \u201eKaum ein Land profitiert so vom freien Warenverkehr in Europa wie wir.\u201c Offenbar hat Frau \u00d6zoguz noch nicht einmal den Unterschied zwischen Personen und Waren\/Dienstleistungen nicht verstanden: &#8222;Ich konnte das erst nicht glauben, aber sie denkt offenbar tats\u00e4chlich, es gehe um die Abwehr japanischer Taschenrechner, tschechischen Biers und ungarischer Wurst. Daher r\u00fchren ihre diffusen \u00c4ngste vor der Wiederherstellung der Ordnung.&#8220;<br \/>\n<a href=\"https:\/\/www.achgut.com\/dadgdx\/index.php\/dadgd\/article\/die_fluechtlingsbeantragte_und_der_freie_warenverkehr\">https:\/\/www.achgut.com\/dadgdx\/index.php\/dadgd\/article\/die_fluechtlingsbeantragte_und_der_freie_warenverkehr<\/a><\/p>\n<p><em>(3) Kontrollierte Grenzen f\u00fchren zu wirtschaftlichen R\u00fcckschritt: Falsch\u00a0<\/em><br \/>\nDeutschland war lange vor der EU schon Exportweltmeister. Kanada, USA und Australien bilden mit ihren streng kontrollierten Grenzen <a title=\"Kompetenzfestung Europa?\" href=\"https:\/\/www.freiburg-schwarzwald.de\/blog\/kompetenzfestung-europa\/\">Kompetenzfestungen<\/a>, durch die eine geregelte Migration \u00fcber <a title=\"Einwanderungsgesetz\" href=\"https:\/\/www.freiburg-schwarzwald.de\/blog\/global\/integration\/einwanderungsgesetz\/\">Einwanderungsgesetze<\/a>\u00a0erst m\u00f6glich wurde. 27 der 28 EU-Staaten bef\u00fcrworten Grenzkontrollen &#8211; nur Deutschland klammert sich weiter an seinem weltweit einmaligen <a title=\"Groessenwahn\" href=\"https:\/\/www.freiburg-schwarzwald.de\/blog\/engagement\/zukunft\/groessenwahn\/\">Gr\u00f6\u00dfenwahn<\/a>, ohne kontrollierte Grenzen auskommen zu k\u00f6nnen.<\/p>\n<p>&#8222;3750 Fl\u00fcchtlinge kommen pro Tag neu ins Land&#8220; &#8211; diese Zahl interessiert die B\u00fcrger. 3750 &#8211; gegen\u00fcber dieser Zahl wird alles\u00a0&#8222;wir sollten&#8220;,\u00a0&#8222;wir m\u00fcssen&#8220;, &#8222;h\u00e4tten wir doch damals&#8220; bzw. &#8222;jetzt sind wir gezwungen&#8220; zweitrangig.\u00a0Vor dem Schlie\u00dfen der Grenzen meldeten die gro\u00dfen schwedischen Zeitungen Tag f\u00fcr Tag auf der Titelseite ganz oben die Zahl &#8222;Heute 3759 neue Fl\u00fcchtlinge&#8220; &#8211; ehrliche Information f\u00fcr m\u00fcndige B\u00fcrger in Schweden. In Deutschlands verlogener Political Correctness-Presse w\u00e4re dies undenkbar. Stellen Sie sich vor: Auf Seite 1 der &#8222;Badischen Zeitung&#8220; oben rechts am 25.1.2016 &#8222;heute 3750 Fl\u00fcchtlinge&#8220;, am 26.1.206 &#8222;heute 3380 Fl\u00fcchtlinge&#8220;, am 27.1.2016 &#8222;heute 3810 Fl\u00fcchtlinge&#8220; , &#8230;. usw. \u00a0 Claudia Roth w\u00fcrde Losheulen und Jammern aus Angst, diese wahren Zahlen k\u00f6nnten die unm\u00fcndigen Deutschen ver\u00e4ngstigen &#8211; noch mehr: diese Zahlen selbst w\u00e4ren ja reine Angst- und Panikmache und populistisch zudem. Was haben wir mal im Lateinunterricht gelernt? Populus = das Volk. Und dem Populus mu\u00df man die Wahrheit verheimlichen.<br \/>\nZur Zahl von 3750 Fl\u00fcchtlingen\/Tag kommt hinzu, dass wir es mit einer Junge-M\u00e4nner-Migration. 75% der Menschen sind junge muslimische M\u00e4nner und nur 25% Familien. \u00a0Also kommen Tag f\u00fcr Tag ca 2812 junge Fl\u00fcchtlinge zu uns, im Jahr hochgerechnet ca eine Million M\u00e4nner zwischen 18 und 25\u00a0Jahren. Und von diesen sind nur ca 10% in den Arbeitsmarkt unterzubringen. 70% gelten laut UNHCR als funktionale Analphabeten &#8211; ein schier unl\u00f6sbares Problem der <a title=\"Integration\" href=\"https:\/\/www.freiburg-schwarzwald.de\/blog\/global\/integration\/\">Integration<\/a>. Dieses Problem wird bewu\u00dft verschwiegen. Niemand hat einen Plan &#8211; oder kennen Sie einen?<br \/>\n26.1.2016<br \/>\n.<\/p>\n<p><strong>Eine Mio Fl\u00fcchtlinge sind f\u00fcr Deutschland zu viel<\/strong><br \/>\nEine Million ist gewiss zu viel, wenn man die politische Reaktion in Deutschland in Betracht zieht. Amerika l\u00e4sst genauso viele ins Land, hat aber eine viermal so gro\u00dfe Bev\u00f6lkerung. Der Kontrollverlust hat soziale und politische Konsequenzen. Es erstarken Kr\u00e4fte, die die politische Landschaft v\u00f6llig ver\u00e4ndern k\u00f6nnten. Dar\u00fcber sollte sich Deutschland Sorgen machen.<br \/>\n&#8230;..<br \/>\nBevor man sich Gedanken \u00fcber die beste Integrationspolitik macht, muss man die <strong>Zuwanderung unter Kontrolle bekommen<\/strong>. Wenn Deutschland das nicht in Griff bekommt, muss sich das Land statt \u00fcber eine Million n\u00e4chstes Jahr \u00fcber zwei oder drei Millionen Fl\u00fcchtlinge Gedanken machen. Damit w\u00e4re das Land \u00fcberfordert. &#8230;.<br \/>\nAlles vom 26.1.2016 Harvard-Migatuinsforscher Borjas<br \/>\n<a href=\"https:\/\/www.faz.net\/aktuell\/wirtschaft\/wirtschaftspolitik\/migrationsforscher-george-borjas-eine-million-fluechtlinge-sind-gewiss-zu-viel-14031850.html?printPagedArticle=true#pageIndex_2\">https:\/\/www.faz.net\/aktuell\/wirtschaft\/wirtschaftspolitik\/migrationsforscher-george-borjas-eine-million-fluechtlinge-sind-gewiss-zu-viel-14031850.html?printPagedArticle=true#pageIndex_2<\/a><\/p>\n","protected":false},"excerpt":{"rendered":"<p>75.000 Schutzsuchende kamen in den ersten 20 Januartagen \u00fcber die bayerische Grenze nach D, also 3750 Fl\u00fcchtlinge pro Tag bzw. 1,369 Millionen in 2016. Dieser Zahl von Thomas Kreuzer (CSU) in HartAberFair am 25.1. kann man glauben, sie stammt von &hellip; <a href=\"https:\/\/www.freiburg-schwarzwald.de\/blog\/75000-schutzsuchende-20-tage\/\">Weiterlesen <span class=\"meta-nav\">&rarr;<\/span><\/a><\/p>\n","protected":false},"author":2,"featured_media":0,"comment_status":"open","ping_status":"closed","sticky":false,"template":"","format":"standard","meta":{"footnotes":""},"categories":[195,155,9],"tags":[489,725,622,525],"class_list":["post-58927","post","type-post","status-publish","format-standard","hentry","category-eu","category-integration","category-soziales","tag-european-union","tag-integration","tag-migration","tag-politik"],"_links":{"self":[{"href":"https:\/\/www.freiburg-schwarzwald.de\/blog\/wp-json\/wp\/v2\/posts\/58927","targetHints":{"allow":["GET"]}}],"collection":[{"href":"https:\/\/www.freiburg-schwarzwald.de\/blog\/wp-json\/wp\/v2\/posts"}],"about":[{"href":"https:\/\/www.freiburg-schwarzwald.de\/blog\/wp-json\/wp\/v2\/types\/post"}],"author":[{"embeddable":true,"href":"https:\/\/www.freiburg-schwarzwald.de\/blog\/wp-json\/wp\/v2\/users\/2"}],"replies":[{"embeddable":true,"href":"https:\/\/www.freiburg-schwarzwald.de\/blog\/wp-json\/wp\/v2\/comments?post=58927"}],"version-history":[{"count":0,"href":"https:\/\/www.freiburg-schwarzwald.de\/blog\/wp-json\/wp\/v2\/posts\/58927\/revisions"}],"wp:attachment":[{"href":"https:\/\/www.freiburg-schwarzwald.de\/blog\/wp-json\/wp\/v2\/media?parent=58927"}],"wp:term":[{"taxonomy":"category","embeddable":true,"href":"https:\/\/www.freiburg-schwarzwald.de\/blog\/wp-json\/wp\/v2\/categories?post=58927"},{"taxonomy":"post_tag","embeddable":true,"href":"https:\/\/www.freiburg-schwarzwald.de\/blog\/wp-json\/wp\/v2\/tags?post=58927"}],"curies":[{"name":"wp","href":"https:\/\/api.w.org\/{rel}","templated":true}]}}