{"id":58844,"date":"2016-01-22T11:25:28","date_gmt":"2016-01-22T10:25:28","guid":{"rendered":"https:\/\/www.freiburg-schwarzwald.de\/blog\/?p=58844"},"modified":"2016-01-22T11:25:28","modified_gmt":"2016-01-22T10:25:28","slug":"pflegeeltern-gesucht-fuer-umfs","status":"publish","type":"post","link":"https:\/\/www.freiburg-schwarzwald.de\/blog\/pflegeeltern-gesucht-fuer-umfs\/","title":{"rendered":"Pflegeeltern gesucht fuer UMFs"},"content":{"rendered":"<p>Der soziale Dienst im <a title=\"Breisgau-Hochschwarzwald\" href=\"https:\/\/www.freiburg-schwarzwald.de\/blog\/regio\/breisgau-hochschwarzwald\/\">Landratsamt Breisgau-Hochschwarzwald<\/a> vermittelt regelm\u00e4\u00dfig <a title=\"Kinder\" href=\"https:\/\/www.freiburg-schwarzwald.de\/blog\/selbsthilfe\/kinder\/\">Kinder<\/a> in <a title=\"Familie\" href=\"https:\/\/www.freiburg-schwarzwald.de\/blog\/selbsthilfe\/familie\/\">Pflegefamilien<\/a>. Nun werden zus\u00e4tzlich dringend <a title=\"Willkommenskultur\" href=\"https:\/\/www.freiburg-schwarzwald.de\/blog\/global\/integration\/willkommenskultur\/\">Familien gesucht<\/a>, die <a title=\"UMF\" href=\"https:\/\/www.freiburg-schwarzwald.de\/blog\/global\/integration\/umf\/\">unbegleitete minderj\u00e4hrige Fl\u00fcchtlinge (UMFs)<\/a> aufnehmen. Die <a title=\"Migration-Maenner\" href=\"https:\/\/www.freiburg-schwarzwald.de\/blog\/global\/migration\/migration-maenner\/\">UMFs<\/a> sind in der Regel m\u00e4nnliche <a title=\"Jugend\" href=\"https:\/\/www.freiburg-schwarzwald.de\/blog\/selbsthilfe\/jugend\/\">Jugendliche<\/a> zwischen 13 und 17 Jahren und werden unmittelbar nach der <a title=\"Integration\" href=\"https:\/\/www.freiburg-schwarzwald.de\/blog\/global\/integration\/\">Ankunft <\/a>von den Jugend\u00e4mtern betreut. <!--more-->Viele der jungen Menschen ben\u00f6tigen nach oft dramatischer Flucht einen famili\u00e4ren Rahmen, der ihnen Sicherheit gibt und ihn bis zur Vollj\u00e4hrigkeit oder dem Zuzug der Eltern begleiten und unterst\u00fctzen. Den Jugendlichen ist nicht nur unsere Sprache fremd, auch unsere Werte, Normen und Gewohnheiten unterscheiden sich von denen in ihren Heimatl\u00e4ndern wie Gambia, Eritrea, Syrien, Irak und Afghanistan. Die UMFs verf\u00fcgen zumeist \u00fcber einen hohen Grad an Selbst\u00e4ndigkeit. Potentielle Pflegefamilien sollten Offenheit und Toleranz sowie Grundkenntnisse in Englisch und ggf. Franz\u00f6sisch mitbringen. Das Landratsamt ber\u00e4t Interessierte und steht auch w\u00e4hrend des Pflegeverh\u00e4ltnisses beratend zur Seite.<br \/>\nInfos unter Tel 0761\/2187-2210 bzw. 2250 oder <a href=\"mailto:asd@lkbh.de\">asd@lkbh.de<\/a><\/p>\n","protected":false},"excerpt":{"rendered":"<p>Der soziale Dienst im Landratsamt Breisgau-Hochschwarzwald vermittelt regelm\u00e4\u00dfig Kinder in Pflegefamilien. Nun werden zus\u00e4tzlich dringend Familien gesucht, die unbegleitete minderj\u00e4hrige Fl\u00fcchtlinge (UMFs) aufnehmen. Die UMFs sind in der Regel m\u00e4nnliche Jugendliche zwischen 13 und 17 Jahren und werden unmittelbar nach &hellip; <a href=\"https:\/\/www.freiburg-schwarzwald.de\/blog\/pflegeeltern-gesucht-fuer-umfs\/\">Weiterlesen <span class=\"meta-nav\">&rarr;<\/span><\/a><\/p>\n","protected":false},"author":2,"featured_media":0,"comment_status":"open","ping_status":"closed","sticky":false,"template":"","format":"standard","meta":{"footnotes":""},"categories":[59,155,61],"tags":[521,568,488,622,324],"class_list":["post-58844","post","type-post","status-publish","format-standard","hentry","category-frauen","category-integration","category-kinder","tag-family","tag-jugend-2","tag-child","tag-migration","tag-patenschaft"],"_links":{"self":[{"href":"https:\/\/www.freiburg-schwarzwald.de\/blog\/wp-json\/wp\/v2\/posts\/58844","targetHints":{"allow":["GET"]}}],"collection":[{"href":"https:\/\/www.freiburg-schwarzwald.de\/blog\/wp-json\/wp\/v2\/posts"}],"about":[{"href":"https:\/\/www.freiburg-schwarzwald.de\/blog\/wp-json\/wp\/v2\/types\/post"}],"author":[{"embeddable":true,"href":"https:\/\/www.freiburg-schwarzwald.de\/blog\/wp-json\/wp\/v2\/users\/2"}],"replies":[{"embeddable":true,"href":"https:\/\/www.freiburg-schwarzwald.de\/blog\/wp-json\/wp\/v2\/comments?post=58844"}],"version-history":[{"count":0,"href":"https:\/\/www.freiburg-schwarzwald.de\/blog\/wp-json\/wp\/v2\/posts\/58844\/revisions"}],"wp:attachment":[{"href":"https:\/\/www.freiburg-schwarzwald.de\/blog\/wp-json\/wp\/v2\/media?parent=58844"}],"wp:term":[{"taxonomy":"category","embeddable":true,"href":"https:\/\/www.freiburg-schwarzwald.de\/blog\/wp-json\/wp\/v2\/categories?post=58844"},{"taxonomy":"post_tag","embeddable":true,"href":"https:\/\/www.freiburg-schwarzwald.de\/blog\/wp-json\/wp\/v2\/tags?post=58844"}],"curies":[{"name":"wp","href":"https:\/\/api.w.org\/{rel}","templated":true}]}}