{"id":58678,"date":"2016-01-15T19:28:01","date_gmt":"2016-01-15T18:28:01","guid":{"rendered":"https:\/\/www.freiburg-schwarzwald.de\/blog\/?p=58678"},"modified":"2016-01-16T10:21:50","modified_gmt":"2016-01-16T09:21:50","slug":"littenweiler-hoellentalstr-neu","status":"publish","type":"post","link":"https:\/\/www.freiburg-schwarzwald.de\/blog\/littenweiler-hoellentalstr-neu\/","title":{"rendered":"Littenweiler Hoellentalstr &#8211; neu"},"content":{"rendered":"<p>Auf Einladung von <a title=\"Buergerverein-Littenweiler\" href=\"https:\/\/www.freiburg-schwarzwald.de\/blog\/engagement\/buergervereine\/buergerverein-littenweiler\/\">B\u00fcrgerverein Littenweiler<\/a> und <a title=\"Stadtfreiburg\" href=\"https:\/\/www.freiburg-schwarzwald.de\/blog\/regio\/freiburg\/stadtfreiburg\/\">Stadtverwaltung<\/a> kamen weit \u00fcber 50 <a title=\"Ehrenamt\" href=\"https:\/\/www.freiburg-schwarzwald.de\/blog\/engagement\/ehrenamt\/\">Engagierte<\/a>\u00a0Littenweilermer am Freitag, 15.1.2016, 16 Uhr zum <a title=\"Jesiden\" href=\"https:\/\/www.freiburg-schwarzwald.de\/blog\/selbsthilfe\/soziales\/jesiden\/\">Fl\u00fcchtlingswohnheim H\u00f6llentalstrasse<\/a>, um den Neubau zu besichtigen. Wohl alle waren \u00fcberrascht \u00fcber die wohlige Atmosph\u00e4re in den 2- und 3-Zimmer-Wohnungen. 54 Frauen aus <a title=\"Irak\" href=\"https:\/\/www.freiburg-schwarzwald.de\/blog\/global\/irak\/\">Irak<\/a> und <a title=\"Syrien\" href=\"https:\/\/www.freiburg-schwarzwald.de\/blog\/global\/syrien\/\">Syrien<\/a> werden hier mit ihren Kindern Platz finden, 17 <a title=\"Fluechtlinge\" href=\"https:\/\/www.freiburg-schwarzwald.de\/blog\/global\/integration\/fluechtlinge\/\">Fl\u00fcchtlinge<\/a> sind bereits eingezogen. <!--more-->In der 3-ZKD im 2.OG kommt die Sozialbetreuung unter. F\u00fcr die Sozialarbeit gilt der Betreuungsschl\u00fcssel 1:100.<br \/>\n.<br \/>\n<a href=\"mailto:Ventsislava.Traykova@stadt.freiburg.de\">Ventsislava.Traykova@stadt.freiburg.de<\/a> \u00a0, Amt f\u00fcr Wohnraumversorgung, Tel 0761\/201-3202<br \/>\n<a href=\"mailto:Antje.Reinhard@stadt.freiburg.de\">Antje.Reinhard@stadt.freiburg.de<\/a> , B\u00fcro f\u00fcr Migration und Integration, Tel 0761\/201-3065,<br \/>\nFrau Kaiser, Soziale Dienste Fl\u00fcchtlinge, Tel 0761\/4768111. Frau Stiefvater kommt hinzu.<br \/>\nB\u00fcrgerverein Littenweiler, Franz-J\u00fcrgen Zeiser, Tel 0761\/67047, <a href=\"mailto:franz-juergen.zeiser@freenet.de\">franz-juergen.zeiser@freenet.de<\/a>,<br \/>\nAngela Kotterer, Tel 0761\/64702, <a href=\"mailto:gema.kotterer@t-online.de\">gema.kotterer@t-online.de<\/a><\/p>\n<p>Dem <a title=\"Asylanten\" href=\"https:\/\/www.freiburg-schwarzwald.de\/blog\/global\/integration\/asylanten\/\">st\u00e4dtischen B\u00fcro<\/a> f\u00fcr Migration und Integration angegliedert ist folgende<br \/>\n<strong>&#8222;Koordinierungsstelle f\u00fcr ehrenamtliche Fl\u00fcchtlingshilfe&#8220;:<\/strong><br \/>\n<a href=\"mailto:Philip.Bona@stadt.freiburg.de\">Philip.Bona@stadt.freiburg.de<\/a>, Tel 0761\/201-3062<br \/>\n<a href=\"mailto:Antje.Reinhard@stadt.freiburg.de\">Antje.Reinhard@stadt.freiburg.de<\/a>, Tel 0761\/201-3065<br \/>\n<a href=\"mailto:Thomas.Tritschler@stadt.freiburg.de\">Thomas.Tritschler@stadt.freiburg.de<\/a>, Tel 0761\/201-3066<\/p>\n<p>&nbsp;<\/p>\n","protected":false},"excerpt":{"rendered":"<p>Auf Einladung von B\u00fcrgerverein Littenweiler und Stadtverwaltung kamen weit \u00fcber 50 Engagierte\u00a0Littenweilermer am Freitag, 15.1.2016, 16 Uhr zum Fl\u00fcchtlingswohnheim H\u00f6llentalstrasse, um den Neubau zu besichtigen. Wohl alle waren \u00fcberrascht \u00fcber die wohlige Atmosph\u00e4re in den 2- und 3-Zimmer-Wohnungen. 54 Frauen &hellip; <a href=\"https:\/\/www.freiburg-schwarzwald.de\/blog\/littenweiler-hoellentalstr-neu\/\">Weiterlesen <span class=\"meta-nav\">&rarr;<\/span><\/a><\/p>\n","protected":false},"author":2,"featured_media":0,"comment_status":"open","ping_status":"closed","sticky":false,"template":"","format":"standard","meta":{"footnotes":""},"categories":[283],"tags":[717,485,87],"class_list":["post-58678","post","type-post","status-publish","format-standard","hentry","category-littenweiler","tag-ehrenamt","tag-refugee","tag-lokal-handeln"],"_links":{"self":[{"href":"https:\/\/www.freiburg-schwarzwald.de\/blog\/wp-json\/wp\/v2\/posts\/58678","targetHints":{"allow":["GET"]}}],"collection":[{"href":"https:\/\/www.freiburg-schwarzwald.de\/blog\/wp-json\/wp\/v2\/posts"}],"about":[{"href":"https:\/\/www.freiburg-schwarzwald.de\/blog\/wp-json\/wp\/v2\/types\/post"}],"author":[{"embeddable":true,"href":"https:\/\/www.freiburg-schwarzwald.de\/blog\/wp-json\/wp\/v2\/users\/2"}],"replies":[{"embeddable":true,"href":"https:\/\/www.freiburg-schwarzwald.de\/blog\/wp-json\/wp\/v2\/comments?post=58678"}],"version-history":[{"count":0,"href":"https:\/\/www.freiburg-schwarzwald.de\/blog\/wp-json\/wp\/v2\/posts\/58678\/revisions"}],"wp:attachment":[{"href":"https:\/\/www.freiburg-schwarzwald.de\/blog\/wp-json\/wp\/v2\/media?parent=58678"}],"wp:term":[{"taxonomy":"category","embeddable":true,"href":"https:\/\/www.freiburg-schwarzwald.de\/blog\/wp-json\/wp\/v2\/categories?post=58678"},{"taxonomy":"post_tag","embeddable":true,"href":"https:\/\/www.freiburg-schwarzwald.de\/blog\/wp-json\/wp\/v2\/tags?post=58678"}],"curies":[{"name":"wp","href":"https:\/\/api.w.org\/{rel}","templated":true}]}}