{"id":58444,"date":"2016-01-06T20:35:21","date_gmt":"2016-01-06T19:35:21","guid":{"rendered":"https:\/\/www.freiburg-schwarzwald.de\/blog\/?p=58444"},"modified":"2016-01-06T20:35:21","modified_gmt":"2016-01-06T19:35:21","slug":"deutsche-waffenexporte-fuer-is","status":"publish","type":"post","link":"https:\/\/www.freiburg-schwarzwald.de\/blog\/deutsche-waffenexporte-fuer-is\/","title":{"rendered":"Deutsche Waffenexporte fuer IS"},"content":{"rendered":"<p>&#8222;Deutsche Waffenlieferungen ins Pulverfass Naher und <a title=\"Syrien\" href=\"https:\/\/www.freiburg-schwarzwald.de\/blog\/global\/syrien\/\">Mittlerer Osten<\/a>.\u00a0Wer <a title=\"Waffen\" href=\"https:\/\/www.freiburg-schwarzwald.de\/blog\/global\/waffen\/\">Waffen<\/a> s\u00e4t, wird <a title=\"Fluechtlinge\" href=\"https:\/\/www.freiburg-schwarzwald.de\/blog\/global\/integration\/fluechtlinge\/\">Fl\u00fcchtling<\/a>e ernten&#8220; Vortrag und Diskussion mit\u00a0<a title=\"Juergen Graesslin \u2013 Waffenlobby mit Tricks \u2013 100 Panzer fuer Katar\" href=\"https:\/\/www.freiburg-schwarzwald.de\/blog\/juergen-graesslin-waffenlobby-mit-tricks-100-panzer-fuer-katar\/\">J\u00fcrgen Gr\u00e4sslin<\/a>,\u00a0Mittwoch, 20. Januar 2016, 20.00 Uhr,\u00a0Uni Freiburg, KG I, HS 1221, Eintritt 2,50 \u20ac.\u00a0Mit Genehmigung der Bundesregierungen liefern deutsche R\u00fcstungsfirmen in massivem Umfang <a title=\"Krieg\" href=\"https:\/\/www.freiburg-schwarzwald.de\/blog\/engagement\/zukunft\/krieg\/\">Kriegswaffen<\/a> an nahezu alle L\u00e4nder des Nahen und Mittleren Ostens &#8211; <!--more-->allen voran an die T\u00fcrkei, Israel, Irak und Saudi-Arabien. Der <a title=\"IS\" href=\"https:\/\/www.freiburg-schwarzwald.de\/blog\/religion\/islam\/is\/\">IS<\/a> schie\u00dft mit Waffen aus 25 Lieferl\u00e4ndern, auch aus Deutschland oder Lizenzl\u00e4ndern.<br \/>\nDeutschlands bekanntester R\u00fcstungsgegner zeigt an konkreten Beispielen die dramatischen Folgen dieser Waffenlieferungen auf \u2013 unterst\u00fctzt durch willf\u00e4hrige Vertreter der R\u00fcstungsexport-Kontrollbeh\u00f6rden: Der Einsatz deutscher Kriegswaffen stabilisiert menschenrechtsverletzende Regime, tr\u00e4gt zur Konflikteskalation bei &#8211; und er zwingt unz\u00e4hlige Menschen zur Flucht.<br \/>\nJ\u00fcrgen Gr\u00e4sslin setzt sich f\u00fcr internationale Friedensverhandlungen, Abr\u00fcstung und ein Waffenembargo im Nahen und Mittleren Osten ein. Er ist Sprecher der Kampagne \u00bbAktion Aufschrei &#8211; Stoppt den Waffenhandel!\u00ab, Bestsellerautor und mehrfacher Friedenspreistr\u00e4ger.<br \/>\n6.1.2016<\/p>\n<p>Eine Kooperationsveranstaltung von<br \/>\nCafe Palestine Freiburg e.V<strong>. <\/strong><a href=\"https:\/\/www.cafepalestinefreiburg.blogspot.de\">www.cafepalestinefreiburg.blogspot.de<br \/>\n<\/a>und dem R\u00fcstungsInformationsB\u00fcro (RIB e.V.) <a href=\"https:\/\/www.rib-ev.de\">www.rib-ev.de<\/a><\/p>\n","protected":false},"excerpt":{"rendered":"<p>&#8222;Deutsche Waffenlieferungen ins Pulverfass Naher und Mittlerer Osten.\u00a0Wer Waffen s\u00e4t, wird Fl\u00fcchtlinge ernten&#8220; Vortrag und Diskussion mit\u00a0J\u00fcrgen Gr\u00e4sslin,\u00a0Mittwoch, 20. Januar 2016, 20.00 Uhr,\u00a0Uni Freiburg, KG I, HS 1221, Eintritt 2,50 \u20ac.\u00a0Mit Genehmigung der Bundesregierungen liefern deutsche R\u00fcstungsfirmen in massivem Umfang &hellip; <a href=\"https:\/\/www.freiburg-schwarzwald.de\/blog\/deutsche-waffenexporte-fuer-is\/\">Weiterlesen <span class=\"meta-nav\">&rarr;<\/span><\/a><\/p>\n","protected":false},"author":2,"featured_media":0,"comment_status":"open","ping_status":"closed","sticky":false,"template":"","format":"standard","meta":{"footnotes":""},"categories":[4,14],"tags":[559,341,520,421,86],"class_list":["post-58444","post","type-post","status-publish","format-standard","hentry","category-branchen","category-global","tag-business","tag-export","tag-frieden","tag-islam","tag-waffen"],"_links":{"self":[{"href":"https:\/\/www.freiburg-schwarzwald.de\/blog\/wp-json\/wp\/v2\/posts\/58444","targetHints":{"allow":["GET"]}}],"collection":[{"href":"https:\/\/www.freiburg-schwarzwald.de\/blog\/wp-json\/wp\/v2\/posts"}],"about":[{"href":"https:\/\/www.freiburg-schwarzwald.de\/blog\/wp-json\/wp\/v2\/types\/post"}],"author":[{"embeddable":true,"href":"https:\/\/www.freiburg-schwarzwald.de\/blog\/wp-json\/wp\/v2\/users\/2"}],"replies":[{"embeddable":true,"href":"https:\/\/www.freiburg-schwarzwald.de\/blog\/wp-json\/wp\/v2\/comments?post=58444"}],"version-history":[{"count":0,"href":"https:\/\/www.freiburg-schwarzwald.de\/blog\/wp-json\/wp\/v2\/posts\/58444\/revisions"}],"wp:attachment":[{"href":"https:\/\/www.freiburg-schwarzwald.de\/blog\/wp-json\/wp\/v2\/media?parent=58444"}],"wp:term":[{"taxonomy":"category","embeddable":true,"href":"https:\/\/www.freiburg-schwarzwald.de\/blog\/wp-json\/wp\/v2\/categories?post=58444"},{"taxonomy":"post_tag","embeddable":true,"href":"https:\/\/www.freiburg-schwarzwald.de\/blog\/wp-json\/wp\/v2\/tags?post=58444"}],"curies":[{"name":"wp","href":"https:\/\/api.w.org\/{rel}","templated":true}]}}