{"id":58284,"date":"2015-12-29T14:37:27","date_gmt":"2015-12-29T13:37:27","guid":{"rendered":"https:\/\/www.freiburg-schwarzwald.de\/blog\/?p=58284"},"modified":"2015-12-31T14:41:13","modified_gmt":"2015-12-31T13:41:13","slug":"weihnachten-buchenbach-umf","status":"publish","type":"post","link":"https:\/\/www.freiburg-schwarzwald.de\/blog\/weihnachten-buchenbach-umf\/","title":{"rendered":"Weihnachten Buchenbach UMF"},"content":{"rendered":"<p>Ein St\u00fcck Weihnachtsgeschichte in <a title=\"Buchenbach\" href=\"https:\/\/www.freiburg-schwarzwald.de\/blog\/regio\/orte\/buchenbach\/\">Buchenbach<\/a>. 20 junge, unbegleitete <a title=\"Migration\" href=\"https:\/\/www.freiburg-schwarzwald.de\/blog\/global\/migration\/\">Fl\u00fcchtlinge<\/a> (<a title=\"UMF\" href=\"https:\/\/www.freiburg-schwarzwald.de\/blog\/global\/integration\/umf\/\">UMF<\/a>) mussten \u00fcber die <a title=\"Weihnachten\" href=\"https:\/\/www.freiburg-schwarzwald.de\/blog\/religion\/kirchen\/weihnachten\/\">Weihnachtsfeiertage<\/a> und bis ins neue Jahr ihre Unterkunft in <a title=\"Schluchsee\" href=\"https:\/\/www.freiburg-schwarzwald.de\/blog\/regio\/orte\/schluchsee\/\">Schluchsee<\/a> verlassen. Bei der Suche nach einem <a title=\"Migration-Wohnen\" href=\"https:\/\/www.freiburg-schwarzwald.de\/blog\/global\/migration\/migration-wohnen\/\">Quartier<\/a> sind sie schlie\u00dflich im <a title=\"Wiesneck\" href=\"https:\/\/www.freiburg-schwarzwald.de\/blog\/regio\/orte\/buchenbach\/wiesneck\/\">Studienhaus Wiesneck<\/a> untergekommen. Aus einer Notl\u00f6sung entwickelte sich schnell ein Gl\u00fccksfall.<!--more--><\/p>\n<p>Die 20 minderj\u00e4hrigen unbegleiteten Fl\u00fcchtlinge haben allesamt Schlimmes erlebt auf ihrer Flucht nach Deutschland. Manche von ihnen sind ohne ihre Eltern nach Deutschland gekommen, da die Flucht oder der Krieg sie ihnen genommen hat. Die Gruppe ist eigentlich im Hochschwarzwald untergebracht. Bislang hat sie in einer Jugendherberge in Schluchsee gewohnt. Tags\u00fcber fand die Betreuung durch die Diakonie in Titisee-Neustadt statt. Aber die Jugendherberge wurde \u00fcber die Feiertage geschlossen, kurz vor Weihnachten standen die Fl\u00fcchtlinge ohne Herberge da.<br \/>\n&#8222;Als die Anfrage vom Landratsamt kam, ob die jungen Menschen hier unterkommen k\u00f6nnen, habe ich mein Team gefragt, ob wir das zusammen m\u00f6glich machen k\u00f6nnen&#8220;, sagt Ulrich Eith, Leiter des Studienhauses Wiesneck in Buchenbach. Denn eigentlich hatten die Mitarbeiter der Bildungs- und Begegnungsst\u00e4tte geplant, \u00fcber die Feiertage frei zu haben. &#8222;Wir haben sehr schnell gen\u00fcgend Freiwillige gefunden, um unser Haus f\u00fcr die Gruppe zu \u00f6ffnen&#8220;, sagt Eith.<br \/>\nDoch die 20 jungen Menschen zwischen 14 und 17 Jahren haben mehr gefunden als nur ein Dach \u00fcber dem Kopf. Sie sind auf viel Hilfsbereitschaft gesto\u00dfen. An Weihnachten gab es f\u00fcr jeden Einzelnen Geschenke. Die Diakonie hatte Schulmaterial besorgt, vom Studienhaus gab es Kleidung. Au\u00dferdem wurde der SC Freiburg angefragt und gab 20 Trikots unter den Baum und dazu noch einen Fu\u00dfball. Es gab nicht nur Pr\u00e4sente, viele Menschen haben sich ordentlich ins Zeug gelegt, damit die \u00dcberbr\u00fcckungszeit in Buchenbach eine gute Zeit wird.<br \/>\nEith selbst, Politikprofessor an der Uni Freiburg, und die stellvertretende Leiterin des Hauses haben sich w\u00e4hrend der Feiertage und \u00fcber Neujahr f\u00fcr den Fr\u00fchst\u00fccksdienst einteilen lassen. Das <a title=\"Himmelreich\" href=\"https:\/\/www.freiburg-schwarzwald.de\/blog\/selbsthilfe\/behinderung\/himmelreich\/\">Hofgut Himmelreich<\/a> sorgt daf\u00fcr, dass die Jugendlichen jeden Tag ein Abendessen bekommen, obwohl das Lokal derzeit eigentlich ausgebucht ist. Die Jugendlichen helfen bei den Mahlzeiten mit, wo es m\u00f6glich ist. In der Zarduna-Schule in Kirchzarten darf die Gruppe die Turnhalle nutzen, um sich beim Sport auszutoben. Mitarbeiter des Diakonischen Werks, das die Gruppe betreut, bieten auch an Heiligabend und Silvester Sprachunterricht an \u2013 was von den motivierten Jugendlichen gerne angenommen wird.<br \/>\n&#8222;Es ist toll zu sehen, wie Ehrenamt und professionelle Hilfe zusammenwirken&#8220;, sagt Renate Kerber von der Diakonie. Ihr imponiert zudem, wie viele Menschen in Deutschland auf die Fl\u00fcchtlinge reagieren. An Weihnachten hat sie die Gruppe in den Gottesdienst ihrer Heimatgemeinde Littenweiler begleitet. &#8222;Als wir in der Kirche begr\u00fc\u00dft wurden, gab es Applaus von den anderen Besuchern.&#8220; Ein bewegender Moment.<br \/>\nSeit kurzem werden die minderj\u00e4hrigen unbegleiteten Fl\u00fcchtlinge nach einem Schl\u00fcssel verteilt, der Landkreis Breisgau-Hochschwarzwald ist im Defizit, muss f\u00fcr mehr Pl\u00e4tze sorgen. Die Betreuung l\u00e4uft \u00fcber Jugendhilfetr\u00e4ger wie beispielsweise <a title=\"Caritas\" href=\"https:\/\/www.freiburg-schwarzwald.de\/blog\/religion\/kirchen\/caritas\/\">Caritas<\/a>, Diakonie, Kirschb\u00e4umleboden oder Wiese. Der Landkreis ist derzeit h\u00e4nderingend auf der Suche nach Unterk\u00fcnften f\u00fcr unbegleitete minderj\u00e4hrige Fl\u00fcchtlinge. Die nicht vollj\u00e4hrigen Asylsuchenden m\u00fcssen getrennt von den Erwachsenen untergebracht werden. 2014 waren es noch f\u00fcnf jugendliche Fl\u00fcchtlinge, Ende 2015 sind es 112.<br \/>\nDie Gruppe, die noch bis nach Silvester in Buchenbach untergebracht ist, wird danach wieder in eine Jugendherberge in den Hochschwarzwald ziehen, dann nach Titisee-Neustadt. Dort k\u00f6nnen die jungen M\u00e4nner bis M\u00e4rz bleiben. Kerber ist zuversichtlich, dass es auch im Fr\u00fchjahr klappt und eine gute und dauerhafte Unterkunft gefunden werden kann. &#8222;Wir sind an einer L\u00f6sung dran&#8220;, sagt sie.<\/p>\n<p>29.12.2015, Sebastian Wolfrum, \u00fcber: Fl\u00fcchtlingshilfe Freiburg<\/p>\n","protected":false},"excerpt":{"rendered":"<p>Ein St\u00fcck Weihnachtsgeschichte in Buchenbach. 20 junge, unbegleitete Fl\u00fcchtlinge (UMF) mussten \u00fcber die Weihnachtsfeiertage und bis ins neue Jahr ihre Unterkunft in Schluchsee verlassen. Bei der Suche nach einem Quartier sind sie schlie\u00dflich im Studienhaus Wiesneck untergekommen. Aus einer Notl\u00f6sung &hellip; <a href=\"https:\/\/www.freiburg-schwarzwald.de\/blog\/weihnachten-buchenbach-umf\/\">Weiterlesen <span class=\"meta-nav\">&rarr;<\/span><\/a><\/p>\n","protected":false},"author":2,"featured_media":0,"comment_status":"open","ping_status":"closed","sticky":false,"template":"","format":"standard","meta":{"footnotes":""},"categories":[400,155,172],"tags":[485,577,725,568,468],"class_list":["post-58284","post","type-post","status-publish","format-standard","hentry","category-freiwillig","category-integration","category-zukunft","tag-refugee","tag-hilfe-2","tag-integration","tag-jugend-2","tag-weihnacht"],"_links":{"self":[{"href":"https:\/\/www.freiburg-schwarzwald.de\/blog\/wp-json\/wp\/v2\/posts\/58284","targetHints":{"allow":["GET"]}}],"collection":[{"href":"https:\/\/www.freiburg-schwarzwald.de\/blog\/wp-json\/wp\/v2\/posts"}],"about":[{"href":"https:\/\/www.freiburg-schwarzwald.de\/blog\/wp-json\/wp\/v2\/types\/post"}],"author":[{"embeddable":true,"href":"https:\/\/www.freiburg-schwarzwald.de\/blog\/wp-json\/wp\/v2\/users\/2"}],"replies":[{"embeddable":true,"href":"https:\/\/www.freiburg-schwarzwald.de\/blog\/wp-json\/wp\/v2\/comments?post=58284"}],"version-history":[{"count":0,"href":"https:\/\/www.freiburg-schwarzwald.de\/blog\/wp-json\/wp\/v2\/posts\/58284\/revisions"}],"wp:attachment":[{"href":"https:\/\/www.freiburg-schwarzwald.de\/blog\/wp-json\/wp\/v2\/media?parent=58284"}],"wp:term":[{"taxonomy":"category","embeddable":true,"href":"https:\/\/www.freiburg-schwarzwald.de\/blog\/wp-json\/wp\/v2\/categories?post=58284"},{"taxonomy":"post_tag","embeddable":true,"href":"https:\/\/www.freiburg-schwarzwald.de\/blog\/wp-json\/wp\/v2\/tags?post=58284"}],"curies":[{"name":"wp","href":"https:\/\/api.w.org\/{rel}","templated":true}]}}