{"id":58244,"date":"2015-12-29T14:01:39","date_gmt":"2015-12-29T13:01:39","guid":{"rendered":"https:\/\/www.freiburg-schwarzwald.de\/blog\/?p=58244"},"modified":"2015-12-29T16:17:10","modified_gmt":"2015-12-29T15:17:10","slug":"terrorism-has-no-religion","status":"publish","type":"post","link":"https:\/\/www.freiburg-schwarzwald.de\/blog\/terrorism-has-no-religion\/","title":{"rendered":"Terrorism has no religion"},"content":{"rendered":"<p>Hinter dem in den <a title=\"Social-Networking\" href=\"https:\/\/www.freiburg-schwarzwald.de\/blog\/kultur\/internet\/social-networking\/\">sozialen Medien<\/a> verbreiteten Slogan <em>&#8222;Terrorism has no <a title=\"Religion\" href=\"https:\/\/www.freiburg-schwarzwald.de\/blog\/religion\/\">religion<\/a>&#8222;<\/em> steckt gewi\u00df etwas <a title=\"Gutmenschen\" href=\"https:\/\/www.freiburg-schwarzwald.de\/blog\/engagement\/gutmenschen\/\">Edles<\/a>: Die <a title=\"Frieden\" href=\"https:\/\/www.freiburg-schwarzwald.de\/blog\/engagement\/zukunft\/frieden\/\">friedliebenden<\/a> <a title=\"Islam-Organisationen\" href=\"https:\/\/www.freiburg-schwarzwald.de\/blog\/religion\/islam\/islam-organisationen\/\">Muslime<\/a> wollen &#8211; um Allahs Willen! &#8211; keine Gesinnungsgenossen von <a title=\"Islam soll Terror verurteilen\" href=\"https:\/\/www.freiburg-schwarzwald.de\/blog\/islam-soll-terror-verurteilen\/\">Terroristen<\/a> sein. Gleichwohl ist diese Distanzierung verlogen, denn hinter ihr kommt eine <a title=\"Psyche\" href=\"https:\/\/www.freiburg-schwarzwald.de\/blog\/selbsthilfe\/psyche\/\">psychologische Abwehrhaltung<\/a> zum Ausdruck, die nach Sigmund Freud nicht typisch muslimisch, sondern typisch menschlich ist: Sich verschlie\u00dfen und <a title=\"Dagegen\" href=\"https:\/\/www.freiburg-schwarzwald.de\/blog\/engagement\/dagegen\/\">abstreiten<\/a>.<!--more--><br \/>\n.<br \/>\nFranz\u00f6sische Revolution: 1794 ver\u00fcbten die &#8222;Colonnes Infernales&#8220; in der Vend\u00e9e ein Genozid, an das sich Franzosen der &#8222;Liberte, Egalite, Fraternite&#8220; heute gar nicht erinnern wollen.<br \/>\nUSA: Der Ku Klux Klan k\u00e4mpfte meuchelmordend f\u00fcr ein wei\u00dfes, protestantisches Amerika. Ist er nicht eine christliche Gruppe?<br \/>\nMarxismus: Haben die Verbrechen von Lenin, Stalin und Mao nichts mit der \u00a0Lehre von Karl Marx zu tun?<br \/>\nAnders Behring Breivik: Warum vertecken sich Islamkritiker hinter der dummen Ausrede, Breivik habe als Verr\u00fcckter ohne Ideologie gemordet?<br \/>\nNine-Eleven, Charlie Hebdo, Paris 13.11.2015: H\u00e4tten die verbrecherischen muslimischen T\u00e4ter auch Hindus oder gar Atheisten sein k\u00f6nnen?<br \/>\nSolange wir in solcher Abwehrhaltung verharren, gibt es keine Heilung von Terror. Muslime d\u00fcrfen nicht nach jedem Terroranschlag reflexartig in die &#8222;<a title=\"Islam-Opferrolle\" href=\"https:\/\/www.freiburg-schwarzwald.de\/blog\/religion\/islam\/islam-opferrolle\/\">Opferrolle des Islam<\/a>&#8220; fl\u00fcchten, sondern sie m\u00fcssen sich furchtlos der dunklen Seite ihrer bis heute weltweit streng <a title=\"Koran\" href=\"https:\/\/www.freiburg-schwarzwald.de\/blog\/religion\/islam\/koran\/\">koran<\/a>-geleiteten Religion stellen und erkennen, dass der junge Selbstmordm\u00f6rder mit Sprengstoffg\u00fcrtel zu ihnen geh\u00f6rt, zur Umma. <em>&#8222;Die Andersgl\u00e4ubigen lieben das Leben, wir Muslime aber lieben den Tod&#8220;<\/em> &#8211; es ist hohe Zeit, dass es Islamgelehrten, Imamen und Mullahs weltweit gelingt, den <a title=\"Islam-Reformen\" href=\"https:\/\/www.freiburg-schwarzwald.de\/blog\/religion\/islam\/islam-reformen\/\">Koran so auszulegen<\/a>, dass dieses Statement zum obsoleten Unsinn wird.<br \/>\n29.12.2015<\/p>\n<p>Mehr zum Thema lesen auf<br \/>\nHannes Stein: &#8222;Im Namen Gottes &#8211; Der Satz &#8218;Der Terror hat keine Religion&#8216; ist zwar ein flotter Slogan, aber er ist Unsinn&#8220;, DIE ZEIT vom 27.12.2015, Seite 10<\/p>\n","protected":false},"excerpt":{"rendered":"<p>Hinter dem in den sozialen Medien verbreiteten Slogan &#8222;Terrorism has no religion&#8222; steckt gewi\u00df etwas Edles: Die friedliebenden Muslime wollen &#8211; um Allahs Willen! &#8211; keine Gesinnungsgenossen von Terroristen sein. Gleichwohl ist diese Distanzierung verlogen, denn hinter ihr kommt eine &hellip; <a href=\"https:\/\/www.freiburg-schwarzwald.de\/blog\/terrorism-has-no-religion\/\">Weiterlesen <span class=\"meta-nav\">&rarr;<\/span><\/a><\/p>\n","protected":false},"author":2,"featured_media":0,"comment_status":"open","ping_status":"closed","sticky":false,"template":"","format":"standard","meta":{"footnotes":""},"categories":[18,210,19],"tags":[732,421,623,463],"class_list":["post-58244","post","type-post","status-publish","format-standard","hentry","category-bildung","category-gewalt","category-religion","tag-gewalt","tag-islam","tag-moschee","tag-tod"],"_links":{"self":[{"href":"https:\/\/www.freiburg-schwarzwald.de\/blog\/wp-json\/wp\/v2\/posts\/58244","targetHints":{"allow":["GET"]}}],"collection":[{"href":"https:\/\/www.freiburg-schwarzwald.de\/blog\/wp-json\/wp\/v2\/posts"}],"about":[{"href":"https:\/\/www.freiburg-schwarzwald.de\/blog\/wp-json\/wp\/v2\/types\/post"}],"author":[{"embeddable":true,"href":"https:\/\/www.freiburg-schwarzwald.de\/blog\/wp-json\/wp\/v2\/users\/2"}],"replies":[{"embeddable":true,"href":"https:\/\/www.freiburg-schwarzwald.de\/blog\/wp-json\/wp\/v2\/comments?post=58244"}],"version-history":[{"count":0,"href":"https:\/\/www.freiburg-schwarzwald.de\/blog\/wp-json\/wp\/v2\/posts\/58244\/revisions"}],"wp:attachment":[{"href":"https:\/\/www.freiburg-schwarzwald.de\/blog\/wp-json\/wp\/v2\/media?parent=58244"}],"wp:term":[{"taxonomy":"category","embeddable":true,"href":"https:\/\/www.freiburg-schwarzwald.de\/blog\/wp-json\/wp\/v2\/categories?post=58244"},{"taxonomy":"post_tag","embeddable":true,"href":"https:\/\/www.freiburg-schwarzwald.de\/blog\/wp-json\/wp\/v2\/tags?post=58244"}],"curies":[{"name":"wp","href":"https:\/\/api.w.org\/{rel}","templated":true}]}}