{"id":57960,"date":"2015-12-13T15:30:20","date_gmt":"2015-12-13T14:30:20","guid":{"rendered":"https:\/\/www.freiburg-schwarzwald.de\/blog\/?p=57960"},"modified":"2015-12-13T16:40:15","modified_gmt":"2015-12-13T15:40:15","slug":"schuld-unselige-vergangenheit","status":"publish","type":"post","link":"https:\/\/www.freiburg-schwarzwald.de\/blog\/schuld-unselige-vergangenheit\/","title":{"rendered":"Schuld &#8211; unselige Vergangenheit"},"content":{"rendered":"<p>Die deutsche <a title=\"Willkommenskultur\" href=\"https:\/\/www.freiburg-schwarzwald.de\/blog\/global\/integration\/willkommenskultur\/\">Willkommenskultur<\/a> seit dem 5. September 2015 wird weltweit\u00a0bestaunt, in der <a title=\"EU-Transferunion\" href=\"https:\/\/www.freiburg-schwarzwald.de\/blog\/global\/eu\/eu-transferunion\/\">EU<\/a> werden wir sogar darum beneidet.\u00a0Lassen wir die\u00a0<a title=\"Fluechtlinge\" href=\"https:\/\/www.freiburg-schwarzwald.de\/blog\/global\/integration\/fluechtlinge\/\">Fl\u00fcchtlinge<\/a> aus schlechtem historischen Gewissen ins <a title=\"Einwanderungsland\" href=\"https:\/\/www.freiburg-schwarzwald.de\/blog\/engagement\/zukunft\/demokratie\/einwanderungsland\/\">Land<\/a>? Unsinn, meint Bernd Ulrich in der ZEIT. Oder vielleicht\u00a0zum Teil?\u00a0Wir versuchen eine differenzierte Antwort und unterscheiden vier Phasen der <a title=\"Integration\" href=\"https:\/\/www.freiburg-schwarzwald.de\/blog\/global\/integration\/\">Fl\u00fcchtlingswelle<\/a>.<br \/>\n<!--more--><br \/>\n(1) Als seit Anfang 2015 <a title=\"Migration-Zahlen\" href=\"https:\/\/www.freiburg-schwarzwald.de\/blog\/global\/migration\/migration-zahlen\/\">immer mehr<\/a> <a title=\"Fluechtlinge\" href=\"https:\/\/www.freiburg-schwarzwald.de\/blog\/global\/integration\/fluechtlinge\/\">Fl\u00fcchtlinge<\/a> \u00fcber die <a title=\"Balkan\" href=\"https:\/\/www.freiburg-schwarzwald.de\/blog\/global\/balkan\/\">Balkanroute<\/a> nach Bayern kamen, taten die Leute zu Zigtausenden etwas ganz Schlichtes: Sie organisierten Mineralwasser und Windeln und verteilten Wurstsemmeln (sogar <a title=\"Asyl\" href=\"https:\/\/www.freiburg-schwarzwald.de\/blog\/global\/integration\/asyl\/\">ohne Schwein<\/a>). Sie taten dies ganz spontan, rein aus <a title=\"Engagement\" href=\"https:\/\/www.freiburg-schwarzwald.de\/blog\/engagement\/\">Hilfsbereitschaft<\/a>, nicht aus irgendeinem <a title=\"Juden\" href=\"https:\/\/www.freiburg-schwarzwald.de\/blog\/religion\/juden\/\">Schuldgef\u00fchl<\/a> der <a title=\"Nazi-Keule Islamophobie-Keule\" href=\"https:\/\/www.freiburg-schwarzwald.de\/blog\/nazi-keule-islamophobie-keule\/\">Nazi-Vergangenheit<\/a>.<br \/>\n(2) Als Angela Merkel am 5.9.2015 unter Verletzung von EU-Regelungen die Ostgrenzen \u00f6ffnete, dachte sie gewi\u00df nicht an Auschwitz, sondern reagierte menschlich bewundernswert auf die katastrophale Fl\u00fcchtlingssituation in Ungarn und machte so die von unten gewachsene Willkommenskultur zur offiziellen Politik in Berlin.<br \/>\n.<br \/>\n(3) Nun aber sind\u00a0in den drei Monaten 5.9.-5.12.2015 weit \u00fcber 1,2 Mio Menschen \u00fcber \u00d6sterreich und Bayern eingewandert. Unsere <a title=\"Grenzen\" href=\"https:\/\/www.freiburg-schwarzwald.de\/blog\/global\/eu\/grenzen\/\">offenen unkontrollierten Landesgrenzen ohne Obergrenze<\/a>\u00a0sind\u00a0zur Dauereinrichtung geworden &#8211; ohne den <a title=\"Demokratie\" href=\"https:\/\/www.freiburg-schwarzwald.de\/blog\/engagement\/zukunft\/demokratie\/\">Bundestag zu befragen<\/a> und obwohl 2\/3 der Deutschen sie ablehnt. Diese Dauereinrichtung l\u00e4\u00dft sich nur \u00fcber das historisch-pathologische Argument begr\u00fcnden: Das \u00fcber 70 Jahre gepflegte\u00a0Schuldbewu\u00dftsein zwingt die Deutschen unter Merkels F\u00fchrung zu einem <a title=\"Groessenwahn\" href=\"https:\/\/www.freiburg-schwarzwald.de\/blog\/engagement\/zukunft\/groessenwahn\/\">gr\u00f6\u00dfenwahnsinnigen<\/a> <a title=\"Gutmenschen\" href=\"https:\/\/www.freiburg-schwarzwald.de\/blog\/engagement\/gutmenschen\/\">Gutmenschentum<\/a>. Hat der franz\u00f6sische Philosoph Alain Finkielkraut (Die Zeit, 3.12.2015) recht mit &#8222;Als die ersten Fl\u00fcchtlingswellen ankamen, hielten die Deutschen den Moment f\u00fcr gekommen, ihren historischen Makel zu bereinigen. Sie konnten sich endlich freikaufen&#8220;, wenn man &#8222;Als die ersten Fl\u00fcchtlingewellen ankamen&#8220; ersetzt durch &#8222;Als die Fl\u00fcchtlingswellen weiter anhielten&#8220;?<br \/>\n.<br \/>\n(4) Seit 5.12.2015 wird &#8222;<a title=\"Wir-schaffen-das\" href=\"https:\/\/www.freiburg-schwarzwald.de\/blog\/global\/migration\/wir-schaffen-das\/\">Wir schaffen das&#8220;<\/a> angesichts von 4 Mio Fl\u00fcchtlinge in 2016 (UNHCR) und 46 Mrd Euro im Jahr an Fl\u00fcchtlingskosten (Prof Sinn) zunehmend abgelehnt. So meldet der Spiegel (51\/2015, 12.12.2015, Seiten 26\/27) unter der \u00dcberschrift &#8222;Verst\u00f6rte Nation&#8220;:<br \/>\n&#8211; 84% der Deutschen glauben, dass die hohen Fl\u00fcchtlingszahlen D negativ ver\u00e4ndern wird.<br \/>\n&#8211; 65% der Deutschen fordern eine sofortige j\u00e4hrliche Obergrenze zur Fl\u00fcchtlingsaufnahme.<br \/>\n&#8211; 64% der Deutschen bef\u00fcrchten Terroranschl\u00e4ge<br \/>\n&#8211; 59% der Deutschen sehen sich von Medien und Presse unausgewogen informiert.<br \/>\n&#8211; 51% der Deutschen lehnen den Bundeswehreinsatz in Syrien ab.<br \/>\n&#8211; 51% der Deutschen erwarten eine Zunahme der Straftaten<br \/>\n&#8211; 43% der Deutschen sehen Arbeitslosigkeit und soziales Elend im Ansteigen.<br \/>\nAngesichts dieser repr\u00e4sentativen (mehrere Demoskopie-Institute berichten unisono) und bedr\u00fcckenden Zahlen fordert Angela Merkel von den L\u00e4ndern der EU, diese sollen gem\u00e4\u00df EU-Quote den Deutschen endlich Fl\u00fcchtlinge abnehmen. Doch alle 27 (von 28) EU-Staaten lehnen ab (inzwischen auch Schweden), was ihr gutes Recht ist. Die Argumente sind vielf\u00e4ltig, wie: W\u00fcrde Frankreich 200000 Fl\u00fcchtlinge aufnehmen, dann gewinnt die Front National FN die Wahlen. Polen kann keine Muslime integrieren. Schweden &#8222;hat das Limit erreicht &#8220; (laut Innenminister). Keine Fl\u00fcchtlinge, solange 35% der Ungarn unter der Armutsgrenze leben (Orban&#8217;s Fides).<br \/>\nIn der EU steht es &#8222;27-zu-1&#8220;, und die 27 L\u00e4nder verweisen offen (GBR) oder hinter vorgehaltener Hand (I, F) auf der Verlogenheit von Merkel-Deutschland: In der Fl\u00fcchtlingskrise fordert D die Solidarit\u00e4t der 27 EU-L\u00e4nder ein (Quoten zur Fl\u00fcchtlingsaufnahme). In der Finanzkrise hingegen verweigert D den EU-L\u00e4ndern die Solidarit\u00e4t (Quoten zur Haftungs\u00fcbernahme).<br \/>\nFazit: Die Aufnahme von 1,2 Mio Fl\u00fcchtlingen in 2015 ist das Privatvergn\u00fcgen von Bundeskanzlerin Angela Merkel und somit das Privatvergn\u00fcgen der deutschen B\u00fcrger. Und (was noch viel schwieriger ist) deren Integration ebenfalls.<br \/>\n13.12.2015<\/p>\n<p>.<\/p>\n<p>&nbsp;<\/p>\n","protected":false},"excerpt":{"rendered":"<p>Die deutsche Willkommenskultur seit dem 5. September 2015 wird weltweit\u00a0bestaunt, in der EU werden wir sogar darum beneidet.\u00a0Lassen wir die\u00a0Fl\u00fcchtlinge aus schlechtem historischen Gewissen ins Land? Unsinn, meint Bernd Ulrich in der ZEIT. Oder vielleicht\u00a0zum Teil?\u00a0Wir versuchen eine differenzierte Antwort &hellip; <a href=\"https:\/\/www.freiburg-schwarzwald.de\/blog\/schuld-unselige-vergangenheit\/\">Weiterlesen <span class=\"meta-nav\">&rarr;<\/span><\/a><\/p>\n","protected":false},"author":2,"featured_media":0,"comment_status":"open","ping_status":"closed","sticky":false,"template":"","format":"standard","meta":{"footnotes":""},"categories":[14,155],"tags":[337,420,622,525],"class_list":["post-57960","post","type-post","status-publish","format-standard","hentry","category-global","category-integration","tag-historie","tag-juden","tag-migration","tag-politik"],"_links":{"self":[{"href":"https:\/\/www.freiburg-schwarzwald.de\/blog\/wp-json\/wp\/v2\/posts\/57960","targetHints":{"allow":["GET"]}}],"collection":[{"href":"https:\/\/www.freiburg-schwarzwald.de\/blog\/wp-json\/wp\/v2\/posts"}],"about":[{"href":"https:\/\/www.freiburg-schwarzwald.de\/blog\/wp-json\/wp\/v2\/types\/post"}],"author":[{"embeddable":true,"href":"https:\/\/www.freiburg-schwarzwald.de\/blog\/wp-json\/wp\/v2\/users\/2"}],"replies":[{"embeddable":true,"href":"https:\/\/www.freiburg-schwarzwald.de\/blog\/wp-json\/wp\/v2\/comments?post=57960"}],"version-history":[{"count":0,"href":"https:\/\/www.freiburg-schwarzwald.de\/blog\/wp-json\/wp\/v2\/posts\/57960\/revisions"}],"wp:attachment":[{"href":"https:\/\/www.freiburg-schwarzwald.de\/blog\/wp-json\/wp\/v2\/media?parent=57960"}],"wp:term":[{"taxonomy":"category","embeddable":true,"href":"https:\/\/www.freiburg-schwarzwald.de\/blog\/wp-json\/wp\/v2\/categories?post=57960"},{"taxonomy":"post_tag","embeddable":true,"href":"https:\/\/www.freiburg-schwarzwald.de\/blog\/wp-json\/wp\/v2\/tags?post=57960"}],"curies":[{"name":"wp","href":"https:\/\/api.w.org\/{rel}","templated":true}]}}