{"id":57946,"date":"2015-12-11T17:44:54","date_gmt":"2015-12-11T16:44:54","guid":{"rendered":"https:\/\/www.freiburg-schwarzwald.de\/blog\/?p=57946"},"modified":"2015-12-11T17:47:09","modified_gmt":"2015-12-11T16:47:09","slug":"realschule-soziales-lernen","status":"publish","type":"post","link":"https:\/\/www.freiburg-schwarzwald.de\/blog\/realschule-soziales-lernen\/","title":{"rendered":"Realschule &#8211; Soziales Lernen"},"content":{"rendered":"<p><a title=\"Pluralismus\" href=\"https:\/\/www.freiburg-schwarzwald.de\/blog\/religion\/pluralismus\/\">Respektvolle Umgang<\/a> miteinander als Lernziel. \u201eZiel ist ein <a title=\"Demokratie\" href=\"https:\/\/www.freiburg-schwarzwald.de\/blog\/engagement\/zukunft\/demokratie\/\">m\u00fcndiger<\/a> junger Mensch, der bereit ist, Verantwortung zu \u00fcbernehmen\u201c, stellte der Rektor der &#8222;<a title=\"Realschule \u2013 neue Restschule\" href=\"https:\/\/www.freiburg-schwarzwald.de\/blog\/realschule-neue-restschule\/\">Realschule<\/a> am <a title=\"Giersberg\" href=\"https:\/\/www.freiburg-schwarzwald.de\/blog\/regio\/berge\/giersberg\/\">Giersberg<\/a>&#8220; Ulrich Denzel am Montagabend zu Beginn der Pr\u00e4sentation des \u00fcberarbeiteten Konzeptes \u201e<a title=\"Soziales\" href=\"https:\/\/www.freiburg-schwarzwald.de\/blog\/selbsthilfe\/soziales\/\">Soziales Lernen<\/a>\u201c in der Aula des Schulzentrums in <a title=\"Kirchzarten\" href=\"https:\/\/www.freiburg-schwarzwald.de\/blog\/regio\/orte\/kirchzarten\/\">Kirchzarten<\/a> fest. Zahlreiche Eltern von <a title=\"Grundschule\" href=\"https:\/\/www.freiburg-schwarzwald.de\/blog\/bildung\/schulen\/grundschule\/\">Grundsch\u00fclern<\/a>, <!--more-->die jetzt auf der Suche nach einer Anschlussschule f\u00fcr ihre Kids sind, aber auch Eltern von Realschulkindern waren zu der fundierten Projektdarstellung gekommen. Die Realschule habe sich bereits 2009 erste Gedanken zum sozialen Lernen gemacht, denn es sei ja einleuchtend, dass eine Lernatmosph\u00e4re, in der sich Sch\u00fcler geborgen f\u00fchlten, sich motivierend auf das Lernen auswirke.<br \/>\nDa die Vermittlung von Werten, die Schulung der Wahrnehmung, Kommunikation und Kooperation sowie der Umgang mit Schwierigkeiten zur F\u00f6rderung personaler Kompetenz mit mehr Selbstbewusstsein, Vertrauen in eigene F\u00e4higkeiten, Verantwortungs- und Leistungsbereitschaft zum Anforderungsprofil der \u201eRealschule am Giersberg\u201c geh\u00f6re, so Rektor Denzel, h\u00e4tten Eltern, Lehrer und Sch\u00fcler bereits vor sechs Jahren eine Wertediskussion gef\u00fchrt: \u201eWir haben Bausteine f\u00fcr alle Klassen, von f\u00fcnf bis zehn, entwickelt, die aufeinander aufbauen.\u201c Jetzt w\u00e4ren sie auf dem Hintergrund vieler Gespr\u00e4che und der Evaluation durch die P\u00e4dagogische Hochschule Freiburg \u00fcberarbeitet worden.<br \/>\nDie verantwortlichen Lehrpersonen stellten dann die unterschiedlichen Bausteine vor. Den Start in der 5. Klasse machten j\u00e4hrlich die dreit\u00e4gigen Teamentwicklungstage, als erlebnisp\u00e4dagogischer H\u00fcttenaufenthalt mit Selbstverpflegung vom \u201eEisb\u00e4r e.V.\u201c organisiert. Dabei lernten sich die Sch\u00fcler untereinander besser kennen, die Klassengemeinschaft sowie eigenes Vertrauen und die Selbsteinsch\u00e4tzung w\u00fcrden gef\u00f6rdert. Ein weiterer Baustein ist das Konflikttraining. Da Schule unbestritten eine \u201eZwangsgemeinschaft\u201c sei, k\u00e4me es immer wieder zu Konflikten. Der richtige gewaltfreie Umgang damit m\u00fcsse gelernt werden.<br \/>\nEin wichtiger und von den Sch\u00fclern hei\u00df geliebter Baustein ist die Klassenlehrerstunde mit dem Klassenrat. \u201eDiese Stunde m\u00fcssen wir uns aus den Rippen schwitzen\u201c, stellte Ulrich Denzel fest und merkte kritisch an, dass seitens der Schulverwaltung keine Stunden-Ressourcen f\u00fcr soziales Lernen bereitgestellt werden. Er freute sich, dass \u00fcber 30 Kollegen an einem vom Lions-Club konzipierten sozialen Lernprogramm \u201eErwachsen werden\u201c teilgenommen h\u00e4tten. Der Klassenrat schaffe Raum f\u00fcr die sozialen Belange der Klasse. Ein Sch\u00fcler beschreibt ihn so: \u201eKlassenrat ist gut, da kann man Sachen besprechen, die einem wichtig sind und zu fairen Absprachen kommen.\u201c\u00a0Neben dem Achtsamkeitstraining mit verschiedenen Themen je Klassenstufe spielen die Pr\u00e4ventionsbausteine eine wichtige Rolle beim sozialen Lernen. Hier kam es zu einer guten Zusammenarbeit mit den Jugendreferenten Kirchzartens, Natalia-Anna Rozpiorska und Stegens, Stefan Pohl. Sie machen sich mit anderen f\u00fcr Sucht-, Medien- und Gewaltpr\u00e4vention stark. Dabei setzen sie bewusst auf die Unterst\u00fctzung \u00e4lterer Sch\u00fcler in j\u00fcngeren Jahrg\u00e4ngen. Und nicht zuletzt geh\u00f6rt ein Kommunikationstraining mit vielen Rollenspielen, um Zuh\u00f6ren und Aufeinander eingehen zu \u00fcben, zum Projekt. Ulrich Denzel unterstrich am Schluss, dass die zunehmende Heterogenit\u00e4t in der Schule auch Auswirkung auf das Miteinander habe. Somit k\u00e4me dem Konzept sozialen Lernens wachsende Bedeutung zu.<br \/>\n11.12.2015, Gerhard L\u00fcck <a href=\"https:\/\/www.dreisamtaeler.de\">Dreisamt\u00e4ler<\/a><\/p>\n","protected":false},"excerpt":{"rendered":"<p>Respektvolle Umgang miteinander als Lernziel. \u201eZiel ist ein m\u00fcndiger junger Mensch, der bereit ist, Verantwortung zu \u00fcbernehmen\u201c, stellte der Rektor der &#8222;Realschule am Giersberg&#8220; Ulrich Denzel am Montagabend zu Beginn der Pr\u00e4sentation des \u00fcberarbeiteten Konzeptes \u201eSoziales Lernen\u201c in der Aula &hellip; <a href=\"https:\/\/www.freiburg-schwarzwald.de\/blog\/realschule-soziales-lernen\/\">Weiterlesen <span class=\"meta-nav\">&rarr;<\/span><\/a><\/p>\n","protected":false},"author":2,"featured_media":0,"comment_status":"open","ping_status":"closed","sticky":false,"template":"","format":"standard","meta":{"footnotes":""},"categories":[95,9],"tags":[488,585,388,504],"class_list":["post-57946","post","type-post","status-publish","format-standard","hentry","category-schulen","category-soziales","tag-child","tag-schule","tag-social","tag-weiterbildung"],"_links":{"self":[{"href":"https:\/\/www.freiburg-schwarzwald.de\/blog\/wp-json\/wp\/v2\/posts\/57946","targetHints":{"allow":["GET"]}}],"collection":[{"href":"https:\/\/www.freiburg-schwarzwald.de\/blog\/wp-json\/wp\/v2\/posts"}],"about":[{"href":"https:\/\/www.freiburg-schwarzwald.de\/blog\/wp-json\/wp\/v2\/types\/post"}],"author":[{"embeddable":true,"href":"https:\/\/www.freiburg-schwarzwald.de\/blog\/wp-json\/wp\/v2\/users\/2"}],"replies":[{"embeddable":true,"href":"https:\/\/www.freiburg-schwarzwald.de\/blog\/wp-json\/wp\/v2\/comments?post=57946"}],"version-history":[{"count":0,"href":"https:\/\/www.freiburg-schwarzwald.de\/blog\/wp-json\/wp\/v2\/posts\/57946\/revisions"}],"wp:attachment":[{"href":"https:\/\/www.freiburg-schwarzwald.de\/blog\/wp-json\/wp\/v2\/media?parent=57946"}],"wp:term":[{"taxonomy":"category","embeddable":true,"href":"https:\/\/www.freiburg-schwarzwald.de\/blog\/wp-json\/wp\/v2\/categories?post=57946"},{"taxonomy":"post_tag","embeddable":true,"href":"https:\/\/www.freiburg-schwarzwald.de\/blog\/wp-json\/wp\/v2\/tags?post=57946"}],"curies":[{"name":"wp","href":"https:\/\/api.w.org\/{rel}","templated":true}]}}