{"id":57843,"date":"2015-12-07T16:18:19","date_gmt":"2015-12-07T15:18:19","guid":{"rendered":"https:\/\/www.freiburg-schwarzwald.de\/blog\/?p=57843"},"modified":"2015-12-07T16:45:20","modified_gmt":"2015-12-07T15:45:20","slug":"umfs-algerien-messerstecherei","status":"publish","type":"post","link":"https:\/\/www.freiburg-schwarzwald.de\/blog\/umfs-algerien-messerstecherei\/","title":{"rendered":"UMFs Algerien Messerstecherei"},"content":{"rendered":"<p>Mann wird bei Streiterei <a title=\"Gewalt\" href=\"https:\/\/www.freiburg-schwarzwald.de\/blog\/selbsthilfe\/krise\/gewalt\/\">mit Messer im Gesicht verletzt<\/a>, Tatverd\u00e4chtige werden im Rahmen der Fahndung festgestellt und widersetzen sich der <a title=\"Polizei\" href=\"https:\/\/www.freiburg-schwarzwald.de\/blog\/selbsthilfe\/soziales\/justiz\/polizei\/\">Festnahme<\/a>:\u00a0In der Nacht von Samstag, 05.12.2015, auf Sonntag, 06.12.2015, kam es gg. 3 Uhr 40 im Bereich der <a title=\"KaJo\" href=\"https:\/\/www.freiburg-schwarzwald.de\/blog\/regio\/freiburg\/kajo\/\">L\u00f6wenstra\u00dfe<\/a> aus noch nicht gekl\u00e4rten Gr\u00fcnden zu einer <a title=\"Ueberfall\" href=\"https:\/\/www.freiburg-schwarzwald.de\/blog\/selbsthilfe\/krise\/gewalt\/ueberfall\/\">Streiterei<\/a> zwischen <a title=\"Youth-Bulges\" href=\"https:\/\/www.freiburg-schwarzwald.de\/blog\/engagement\/zukunft\/krieg\/youth-bulges\/\">zwei Personengruppen.<\/a> Aus einer Gruppe von zwei <a title=\"Migration-Maenner\" href=\"https:\/\/www.freiburg-schwarzwald.de\/blog\/global\/migration\/migration-maenner\/\">M\u00e4nnern<\/a> heraus setzte <!--more-->einer der M\u00e4nner bei den folgenden Handgreiflichkeiten ein Messer ein und verletzte damit einen anderen Mann aus der anderen Gruppe erheblich im Gesicht. Daraufhin ergriffen die zwei M\u00e4nner, zu der der Mann mit dem Messer geh\u00f6rte, die Flucht.<br \/>\nDie Fl\u00fcchtenden konnten durch Polizeikr\u00e4fte im Rahmen einer sofort eingeleiteten Fahndung festgestellt werden. Sie widersetzten sich der polizeilichen Kontrolle und setzten Pfefferspray gegen die Beamten ein. Ein Beamter wurde hierdurch verletzt. Beide Personen konnten festgenommen werden und wurden auf das Polizeirevier Freiburg-Nord verbracht, wo sie \u00fcber Nacht blieben. Eine Haftpr\u00fcfung l\u00e4uft noch.<br \/>\nDie beiden M\u00e4nner m\u00fcssen sich wegen gef\u00e4hrlicher K\u00f6rperverletzung und Widerstand gegen Vollstreckungsbeamte verantworten. Weiterhin stehen mehrere Handy-Diebst\u00e4hle im Raum. Bei der Personendurchsuchung wurden zwei Handys aufgefunden, die derzeit den Eigent\u00fcmern zugeordnet werden.Der Mann, der das Messer einsetzte, ist 19 Jahre alt, der weitere Mann ist 16 Jahre alt. <strong>Beide stammen aus Algerien<\/strong>. Der Verletzte ist 23 Jahre alt und konnte nach \u00e4rztlicher Behandlung wieder nach Hause entlassen werden.<br \/>\nDas Polizeirevier Freiburg-Nord hat die Ermittlungen aufgenommen. Zeugen werden gebeten, sich unter der Rufnummer 0761 882 4221 bei der Polizei zu melden. Diese Nummer ist rund um die Uhr besetzt.<br \/>\n7.12.2015,\u00a0<a href=\"https:\/\/www.presseportal.de\/blaulicht\/pm\/110970\/3195812\">https:\/\/www.presseportal.de\/blaulicht\/pm\/110970\/3195812<\/a><\/p>\n<p><em>Im Gegensatz zum Regierungspr\u00e4sidium Freiburg <a title=\"Ehrlichkeit\" href=\"https:\/\/www.freiburg-schwarzwald.de\/blog\/engagement\/zukunft\/ehrlichkeit\/\">verheimlicht <\/a>die Badische Zeitung aufgrund von <a title=\"Political-Correctness\" href=\"https:\/\/www.freiburg-schwarzwald.de\/blog\/kultur\/medien\/political-correctness\/\">Political Correctness<\/a> bzw. <a title=\"Pressekodex\" href=\"https:\/\/www.freiburg-schwarzwald.de\/blog\/kultur\/medien\/pressekodex\/\">Pressekodex<\/a>, dass es sich bei den jugendlichen Messerstechern um Asylbewerber aus Algerien handelt.<br \/>\nGrund: Der ausl\u00e4ndische B\u00fcrger (in allen anderen 27 Staaten der EU) ist m\u00fcndig und imstande, sich sein Urteil selbst zu bilden, so z.B. in Frankreich und \u00d6sterreich.<br \/>\nDer deutsche B\u00fcrger hingegen wird von der deutschen Presse als unm\u00fcndig angesehen und w\u00fcrde\u00a0durch die Begriffe <a title=\"UMF\" href=\"https:\/\/www.freiburg-schwarzwald.de\/blog\/global\/integration\/umf\/\">UMF<\/a>, <a title=\"Fluechtlinge\" href=\"https:\/\/www.freiburg-schwarzwald.de\/blog\/global\/integration\/fluechtlinge\/\">Algerien<\/a>\u00a0und\u00a0<a title=\"Asyl\" href=\"https:\/\/www.freiburg-schwarzwald.de\/blog\/global\/integration\/asyl\/\">Asyl<\/a>\u00a0ganz bestimmt \u00a0zu fremdenfeindlichen Vorurteilen verf\u00fchrt werden. Dieses traurige und <a title=\"Demokratie\" href=\"https:\/\/www.freiburg-schwarzwald.de\/blog\/engagement\/zukunft\/demokratie\/\">undemokratische<\/a> Verhalten der Medien hat Konsequenzen:<br \/>\n1. Laut Demoskopie (Allensbach, Forsa) halten 44% der Deutschen den Begriff &#8222;<a title=\"Luegenpresse\" href=\"https:\/\/www.freiburg-schwarzwald.de\/blog\/kultur\/medien\/luegenpresse\/\">L\u00fcgenpresse<\/a>&#8220; \u00a0f\u00fcr angebracht\u00a0(die L\u00fcge kann eben auch im absichtlichen Weglassen von Information bestehen).<br \/>\n2. Der\u00a0leider so unm\u00fcndige B\u00fcrger wei\u00df beim Medienkonsum zu differenzieren. Liest er &#8222;Jugendliche aus dem Hotzenwald schneiden\u00a0mit dem Messer\u00a0ins Gesicht&#8220;, dann kommen die \u00dcbelt\u00e4ter eben aus dem Hotzenwald. Liest er hingegen &#8222;Jugendliche schneiden mit dem Messer ins Gesicht&#8220;, dann kommen sie vermutlich\u00a0aus Syrien, Mahgreb, Afrika. Fazit: Unsere L\u00fcgenpresse f\u00fchrt gewollt zur Verdummung der B\u00fcrger.<\/em><\/p>\n<p><em>\u00a0.<br \/>\n<\/em><strong>19-J\u00e4hriger schneidet Mann ins Gesicht \u2013 Auseinandersetzung mit Polizei<\/strong><br \/>\nErst streiten sie sich, es kommt zu Handgreiflichkeiten \u2013 dann z\u00fcckt ein 19-J\u00e4hriger ein Messer: Bei einem Streit ist ein 23-J\u00e4hriger in Freiburg verletzt worden. In der Folge wurde auch ein Polizist verletzt. &#8230;<br \/>\nAlles vom 7.12.2015 bitte lesen auf<br \/>\n<a href=\"https:\/\/www.badische-zeitung.de\/freiburg\/19-jaehriger-schneidet-mann-ins-gesicht-auseinandersetzung-mit-polizei\">https:\/\/www.badische-zeitung.de\/freiburg\/19-jaehriger-schneidet-mann-ins-gesicht-auseinandersetzung-mit-polizei<\/a><\/p>\n<p>&nbsp;<\/p>\n","protected":false},"excerpt":{"rendered":"<p>Mann wird bei Streiterei mit Messer im Gesicht verletzt, Tatverd\u00e4chtige werden im Rahmen der Fahndung festgestellt und widersetzen sich der Festnahme:\u00a0In der Nacht von Samstag, 05.12.2015, auf Sonntag, 06.12.2015, kam es gg. 3 Uhr 40 im Bereich der L\u00f6wenstra\u00dfe aus &hellip; <a href=\"https:\/\/www.freiburg-schwarzwald.de\/blog\/umfs-algerien-messerstecherei\/\">Weiterlesen <span class=\"meta-nav\">&rarr;<\/span><\/a><\/p>\n","protected":false},"author":2,"featured_media":0,"comment_status":"open","ping_status":"closed","sticky":false,"template":"","format":"standard","meta":{"footnotes":""},"categories":[49,155],"tags":[481,391,732,725,405],"class_list":["post-57843","post","type-post","status-publish","format-standard","hentry","category-freiburg","category-integration","tag-asyl","tag-freizeit","tag-gewalt","tag-integration","tag-polizei"],"_links":{"self":[{"href":"https:\/\/www.freiburg-schwarzwald.de\/blog\/wp-json\/wp\/v2\/posts\/57843","targetHints":{"allow":["GET"]}}],"collection":[{"href":"https:\/\/www.freiburg-schwarzwald.de\/blog\/wp-json\/wp\/v2\/posts"}],"about":[{"href":"https:\/\/www.freiburg-schwarzwald.de\/blog\/wp-json\/wp\/v2\/types\/post"}],"author":[{"embeddable":true,"href":"https:\/\/www.freiburg-schwarzwald.de\/blog\/wp-json\/wp\/v2\/users\/2"}],"replies":[{"embeddable":true,"href":"https:\/\/www.freiburg-schwarzwald.de\/blog\/wp-json\/wp\/v2\/comments?post=57843"}],"version-history":[{"count":0,"href":"https:\/\/www.freiburg-schwarzwald.de\/blog\/wp-json\/wp\/v2\/posts\/57843\/revisions"}],"wp:attachment":[{"href":"https:\/\/www.freiburg-schwarzwald.de\/blog\/wp-json\/wp\/v2\/media?parent=57843"}],"wp:term":[{"taxonomy":"category","embeddable":true,"href":"https:\/\/www.freiburg-schwarzwald.de\/blog\/wp-json\/wp\/v2\/categories?post=57843"},{"taxonomy":"post_tag","embeddable":true,"href":"https:\/\/www.freiburg-schwarzwald.de\/blog\/wp-json\/wp\/v2\/tags?post=57843"}],"curies":[{"name":"wp","href":"https:\/\/api.w.org\/{rel}","templated":true}]}}