{"id":57824,"date":"2015-11-25T12:16:26","date_gmt":"2015-11-25T11:16:26","guid":{"rendered":"https:\/\/www.freiburg-schwarzwald.de\/blog\/?p=57824"},"modified":"2015-11-25T15:26:31","modified_gmt":"2015-11-25T14:26:31","slug":"sozialpsychiatrie-dienst-in-fr","status":"publish","type":"post","link":"https:\/\/www.freiburg-schwarzwald.de\/blog\/sozialpsychiatrie-dienst-in-fr\/","title":{"rendered":"Sozialpsychiatrie &#8211; Dienst in FR"},"content":{"rendered":"<p class=\"western\">Der <a title=\"Sozialpsychiatrischer Dienst von Caritas-Diakonie 25 Jahre\" href=\"https:\/\/www.freiburg-schwarzwald.de\/blog\/sozialpsychiatrischer-dienst-von-caritas-diakonie-25-jahre\/\">Sozialpsychiatrische Dienst (SpDi)<\/a> unter gemeinsamer Tr\u00e4gerschaft des <a title=\"Caritas\" href=\"https:\/\/www.freiburg-schwarzwald.de\/blog\/religion\/kirchen\/caritas\/\">Caritasverbandes Freiburg-Stadt<\/a> sowie des <a title=\"Diakonie\" href=\"https:\/\/www.freiburg-schwarzwald.de\/blog\/religion\/kirchen\/diakonie\/\">Diakonischen Werkes Freiburg<\/a> feiert heuer sein 25-j\u00e4hriges Bestehen. Der <a title=\"Sozialpsychiatrischer Dienst FR\" href=\"https:\/\/www.freiburg-schwarzwald.de\/blog\/sozialpsychiatrischer-dienst-fr\/\">SpDi<\/a> erbringt <a title=\"Soziales\" href=\"https:\/\/www.freiburg-schwarzwald.de\/blog\/selbsthilfe\/soziales\/\">soziale Hilfen<\/a> f\u00fcr Menschen mit einer lang andauernden oder schweren <a title=\"Psyche\" href=\"https:\/\/www.freiburg-schwarzwald.de\/blog\/selbsthilfe\/psyche\/\">psychischen Erkrankung<\/a>. Er ber\u00e4t, unterst\u00fctzt und begleitet Betroffene bei der Bew\u00e4ltigung der Anforderungen des Alltags, <!--more-->die durch die Belastungen der Erkrankung oft erschwert ist. Die Menschen, die den SpDi oft im Anschluss an eine psychiatrische Krankenhausbehandlung aufsuchen, sind vielfach von Erkrankungen aus dem Kreis der Schizophrenien oder schweren Depressionen betroffen.<br \/>\nDie insgesamt 9 sozialen Fachkr\u00e4fte des SpDi k\u00fcmmern sich bei Beratungsterminen, aber auch bei Hausbesuchen, Begleitungen zu \u00c4mtern, \u00c4rzten und bei Besuchen in Kliniken um die sozialen Probleme der Menschen. Oft geht es um die Sicherung der materiellen Existenz, die Suche nach Besch\u00e4ftigungsm\u00f6glichkeiten, den Umgang mit \u00c4mtern, um schwierige Wohnverh\u00e4ltnisse oder gar Wohnungslosigkeit. Auch Einsamkeit und Erfahrungen, wegen der Erkrankung abgelehnt zu werden, machen den Menschen zu schaffen.<br \/>\nDer SpDi unterst\u00fctzt die Menschen auch darin, eine psychiatrische Behandlung in Anspruch nehmen zu k\u00f6nnen und hilft ihnen in Krisensituationen.<br \/>\nNeben den Hilfen f\u00fcr den einzelnen Menschen bietet der SpDi auch Gruppen an, in denen Menschen sich \u00fcber ihre Erfahrungen austauschen, sich gegenseitig unterst\u00fctzen k\u00f6nnen und gemeinsam ihre Freizeit gestalten.<br \/>\nIm letzten Jahr haben sich 747 Menschen an den SpDi gewandt. 300 davon wurden l\u00e4ngerfristig unterst\u00fctzt. Darunter sind auch viele Angeh\u00f6rige und weitere Bezugspersonen von psychisch erkrankten Menschen, denn auch sie ben\u00f6tigen Unterst\u00fctzung und Informationen.<br \/>\nEine zentrale Bedeutung innerhalb der Hilfen im SpDi kommt dem niedrigschwelligen Beratungs- und Unterst\u00fctzungsangebot zu, da hier v\u00f6llig formlos, kostenfrei und ohne Antragstellung oder \u00e4rztliche Verordnung, Unterst\u00fctzung in Anspruch genommen werden kann. Daneben bietet der SpDi Hilfen an im Rahmen von &#8222;Soziotherapie&#8220;, die von der gesetzlichen Krankenversicherung \u00fcbernommen werden kann und dem &#8222;Betreuten Wohnen&#8220;, bei dem Menschen in ihrem eigenen Wohnraum regelm\u00e4\u00dfige Unterst\u00fctzung erhalten.<br \/>\nDer SpDi arbeitet eng mit den psychiatrischen Fach\u00e4rzten, Kliniken und den anderen Diensten und Einrichtungen f\u00fcr psychisch erkrankte Menschen in Freiburg zusammen.\u00a0Wer mit dem SpDi Kontakt aufnehmen will, kann anrufen oder zu den \u00d6ffnungszeiten (Mo und Freitag 10-12 Uhr) vorbeikommen:<br \/>\n.<\/p>\n<p class=\"western\" align=\"JUSTIFY\"><span style=\"font-family: 'Times New Roman', serif;\"><span style=\"font-family: Arial, sans-serif;\">Sozialpsychiatrischer Dienst Freiburg, Holzmarkt 8, 79098 Freiburg,Tel: 0761 368940<br \/>\n<\/span><\/span><a href=\"https:\/\/www.spdi-freiburg.de\">www.spdi-freiburg.de<\/a>, \u00a0 .\u00a0<a href=\"mailto:spdi@spdi-freiburg.de\">spdi@spdi-freiburg.de<\/a><br \/>\n25.11.2015, Ferdinand Holyba<\/p>\n<p class=\"western\"><b>Sozi<\/b><\/p>\n","protected":false},"excerpt":{"rendered":"<p>Der Sozialpsychiatrische Dienst (SpDi) unter gemeinsamer Tr\u00e4gerschaft des Caritasverbandes Freiburg-Stadt sowie des Diakonischen Werkes Freiburg feiert heuer sein 25-j\u00e4hriges Bestehen. Der SpDi erbringt soziale Hilfen f\u00fcr Menschen mit einer lang andauernden oder schweren psychischen Erkrankung. Er ber\u00e4t, unterst\u00fctzt und begleitet &hellip; <a href=\"https:\/\/www.freiburg-schwarzwald.de\/blog\/sozialpsychiatrie-dienst-in-fr\/\">Weiterlesen <span class=\"meta-nav\">&rarr;<\/span><\/a><\/p>\n","protected":false},"author":2,"featured_media":0,"comment_status":"open","ping_status":"closed","sticky":false,"template":"","format":"standard","meta":{"footnotes":""},"categories":[36,104,64],"tags":[730,731,577,644,25,321],"class_list":["post-57824","post","type-post","status-publish","format-standard","hentry","category-engagement","category-hilfe","category-psyche","tag-caritas","tag-diakonie","tag-hilfe-2","tag-krankheit","tag-pflegedienst","tag-sozialpsychatrie"],"_links":{"self":[{"href":"https:\/\/www.freiburg-schwarzwald.de\/blog\/wp-json\/wp\/v2\/posts\/57824","targetHints":{"allow":["GET"]}}],"collection":[{"href":"https:\/\/www.freiburg-schwarzwald.de\/blog\/wp-json\/wp\/v2\/posts"}],"about":[{"href":"https:\/\/www.freiburg-schwarzwald.de\/blog\/wp-json\/wp\/v2\/types\/post"}],"author":[{"embeddable":true,"href":"https:\/\/www.freiburg-schwarzwald.de\/blog\/wp-json\/wp\/v2\/users\/2"}],"replies":[{"embeddable":true,"href":"https:\/\/www.freiburg-schwarzwald.de\/blog\/wp-json\/wp\/v2\/comments?post=57824"}],"version-history":[{"count":0,"href":"https:\/\/www.freiburg-schwarzwald.de\/blog\/wp-json\/wp\/v2\/posts\/57824\/revisions"}],"wp:attachment":[{"href":"https:\/\/www.freiburg-schwarzwald.de\/blog\/wp-json\/wp\/v2\/media?parent=57824"}],"wp:term":[{"taxonomy":"category","embeddable":true,"href":"https:\/\/www.freiburg-schwarzwald.de\/blog\/wp-json\/wp\/v2\/categories?post=57824"},{"taxonomy":"post_tag","embeddable":true,"href":"https:\/\/www.freiburg-schwarzwald.de\/blog\/wp-json\/wp\/v2\/tags?post=57824"}],"curies":[{"name":"wp","href":"https:\/\/api.w.org\/{rel}","templated":true}]}}