{"id":5745,"date":"2012-06-26T07:13:46","date_gmt":"2012-06-26T07:13:46","guid":{"rendered":"https:\/\/www.freiburg-schwarzwald.de\/blog\/?p=5745"},"modified":"2012-06-26T07:13:46","modified_gmt":"2012-06-26T07:13:46","slug":"haus-vogelsang-fuer-psychisch-kranke-auf-wohnungssuche-in-gunterstal","status":"publish","type":"post","link":"https:\/\/www.freiburg-schwarzwald.de\/blog\/haus-vogelsang-fuer-psychisch-kranke-auf-wohnungssuche-in-gunterstal\/","title":{"rendered":"Haus Vogelsang fuer psychisch Kranke auf Wohnungssuche in G\u00fcnterstal"},"content":{"rendered":"<p>Das Haus Vogelsang bietet <a title=\"Psyche\" href=\"https:\/\/www.freiburg-schwarzwald.de\/blog\/selbsthilfe\/psyche\/\">psychisch kranken Menschen <\/a>in G\u00fcnterstal ein Zuhause \u2013 und der Bedarf an Pl\u00e4tzen steigt. &#8230;. Gerne w\u00fcrde sich die Einrichtung vergr\u00f6\u00dfern, neue Wohnungen in G\u00fcnterstal anmieten, in denen sich Bewohner abnabeln und selbstst\u00e4ndiger werden. Doch psychisch Erkrankte als Mieter, da tut sich mancher schwer. M\u00fcsste aber nicht sein: &#8222;Wir garantieren, dass die Bewohner sich an Regeln halten, dass es keinen Stress gibt und das Haus Vogelsang als Mieter p\u00fcnktlich zahlt&#8220;, versichert Peter Martschuk. Die beste Referenz aber ist, wie das Haus Vogelsang im Stadtteil wahrgenommen wird: als v\u00f6llig unproblematisch n\u00e4mlich. &#8230;. Alles vom 25.6.2012 auf<br \/>\n<a href=\"https:\/\/www.badische-zeitung.de\/freiburg-ost\/auf-wohnungssuche-in-guenterstal--60974612.html\">https:\/\/www.badische-zeitung.de\/freiburg-ost\/auf-wohnungssuche-in-guenterstal&#8211;60974612.html<\/a><!--more--><\/p>\n<p>Wohnung in G\u00fcnterstal zu vermieten?<br \/>\nHaus Vogelsang ist eine sozial-psychiatrische Langzeiteinrichtung f\u00fcr psychisch erkrankte Menschen aus dem Raum Freiburg. Wir sind Teil des gemeindepsychiatrischen Verbunds der Stadt Freiburg. Mit unserem Wohnheim, dezentralen Wohnheimpl\u00e4tzen, Au\u00dfenwohngruppen und einer therapeutischen Werkstatt bieten wir 33 Menschen im Alter ab 18 Jahren einen Ort, an dem sie nach krankheitsbedingten Krisen oder Klinikaufenthalten durch das Leben in der Gemeinschaft wieder Stabilit\u00e4t im Alltag erfahren k\u00f6nnen.<br \/>\nHaus Vogelsang, Freiburg-G\u00fcnterstal<br \/>\n<a href=\"https:\/\/www.haus-vogelsang.com\/\">www.haus-vogelsang.com<\/a><br \/>\nWohnungsangebote an Peter Martschuk, Tel 0761\/2020014<\/p>\n","protected":false},"excerpt":{"rendered":"<p>Das Haus Vogelsang bietet psychisch kranken Menschen in G\u00fcnterstal ein Zuhause \u2013 und der Bedarf an Pl\u00e4tzen steigt. &#8230;. Gerne w\u00fcrde sich die Einrichtung vergr\u00f6\u00dfern, neue Wohnungen in G\u00fcnterstal anmieten, in denen sich Bewohner abnabeln und selbstst\u00e4ndiger werden. Doch psychisch &hellip; <a href=\"https:\/\/www.freiburg-schwarzwald.de\/blog\/haus-vogelsang-fuer-psychisch-kranke-auf-wohnungssuche-in-gunterstal\/\">Weiterlesen <span class=\"meta-nav\">&rarr;<\/span><\/a><\/p>\n","protected":false},"author":2,"featured_media":0,"comment_status":"open","ping_status":"closed","sticky":false,"template":"","format":"standard","meta":{"footnotes":""},"categories":[64,91],"tags":[],"class_list":["post-5745","post","type-post","status-publish","format-standard","hentry","category-psyche","category-wohnen"],"_links":{"self":[{"href":"https:\/\/www.freiburg-schwarzwald.de\/blog\/wp-json\/wp\/v2\/posts\/5745","targetHints":{"allow":["GET"]}}],"collection":[{"href":"https:\/\/www.freiburg-schwarzwald.de\/blog\/wp-json\/wp\/v2\/posts"}],"about":[{"href":"https:\/\/www.freiburg-schwarzwald.de\/blog\/wp-json\/wp\/v2\/types\/post"}],"author":[{"embeddable":true,"href":"https:\/\/www.freiburg-schwarzwald.de\/blog\/wp-json\/wp\/v2\/users\/2"}],"replies":[{"embeddable":true,"href":"https:\/\/www.freiburg-schwarzwald.de\/blog\/wp-json\/wp\/v2\/comments?post=5745"}],"version-history":[{"count":0,"href":"https:\/\/www.freiburg-schwarzwald.de\/blog\/wp-json\/wp\/v2\/posts\/5745\/revisions"}],"wp:attachment":[{"href":"https:\/\/www.freiburg-schwarzwald.de\/blog\/wp-json\/wp\/v2\/media?parent=5745"}],"wp:term":[{"taxonomy":"category","embeddable":true,"href":"https:\/\/www.freiburg-schwarzwald.de\/blog\/wp-json\/wp\/v2\/categories?post=5745"},{"taxonomy":"post_tag","embeddable":true,"href":"https:\/\/www.freiburg-schwarzwald.de\/blog\/wp-json\/wp\/v2\/tags?post=5745"}],"curies":[{"name":"wp","href":"https:\/\/api.w.org\/{rel}","templated":true}]}}