{"id":57318,"date":"2015-11-04T21:51:53","date_gmt":"2015-11-04T20:51:53","guid":{"rendered":"https:\/\/www.freiburg-schwarzwald.de\/blog\/?p=57318"},"modified":"2015-11-04T21:57:41","modified_gmt":"2015-11-04T20:57:41","slug":"vab-o-schulklasse-deutschkurs","status":"publish","type":"post","link":"https:\/\/www.freiburg-schwarzwald.de\/blog\/vab-o-schulklasse-deutschkurs\/","title":{"rendered":"VAB-O-Schulklasse Deutschkurs"},"content":{"rendered":"<p>Eine Besonderheit an der <a title=\"Berufliche-Schulen\" href=\"https:\/\/www.freiburg-schwarzwald.de\/blog\/bildung\/schulen\/berufliche-schulen\/\">Hans-Thoma-Schule<\/a> in <a title=\"Titisee\" href=\"https:\/\/www.freiburg-schwarzwald.de\/blog\/regio\/orte\/titisee\/\">Titisee<\/a>&#8211;<a title=\"Neustadt\" href=\"https:\/\/www.freiburg-schwarzwald.de\/blog\/regio\/orte\/neustadt\/\">Neustadt<\/a> ist seit September dieses Jahres eine VAB-O-Klasse. Hinter der Abk\u00fcrzung verbirgt sich die <strong>\u201eVorqualifikation <a title=\"Duale Bildung\" href=\"https:\/\/www.freiburg-schwarzwald.de\/blog\/bildung\/duale-bildung\/\">Arbeit\/Beruf<\/a> ohne ausreichende <a title=\"Deutsch\" href=\"https:\/\/www.freiburg-schwarzwald.de\/blog\/kultur\/deutsch\/\">deutsche Sprachkompetenz<\/a>\u201c<\/strong>. Sie wird derzeit von achtzehn \u00fcberwiegend <a title=\"Afrika\" href=\"https:\/\/www.freiburg-schwarzwald.de\/blog\/global\/afrika\/\">afrikanischen Fl\u00fcchtlingen<\/a> im Alter von 18 \u2013 21 Jahren besucht. <!--more-->Mit in der Klasse sind auch vier Sch\u00fcler, die aus dem europ\u00e4ischen Ausland nach Deutschland gezogen sind und die deutsche Sprache ebenfalls nicht beherrschen.<br \/>\nAuf ihrem Stundenplan steht in erster Linie das Fach Deutsch mit zw\u00f6lf Wochenstunden. Genauso werden aber auch F\u00e4cher wie Lebensweltliche Kunde und Projekt- und Sozialkompetenz unterrichtet. Au\u00dferdem steht die individuelle F\u00f6rderung auf dem Programm, in der die Sch\u00fcler in Einzelgespr\u00e4chen beraten und gef\u00f6rdert werden. Daneben ist der praktische Unterricht in den Berufsfeldern Holz, Metall, Elektro und Hauswirtschaft wichtiger Bestandteil des Lehrplans. Im Idealfall k\u00f6nnen die Absolventen nach einem Jahr dann eine Berufsfachschule besuchen und sich auf einen Berufszweig spezialisieren, so die Schulleiterin Dorothee Brendel. Von der Sprache her ist das Niveau A 1, das Alltagskommunikation erm\u00f6glicht, angestrebt.<\/p>\n<p>Das Konzept sei anf\u00e4nglich im Kollegium auf Skepsis gesto\u00dfen, so Hedwig Rauch, die Leiterin der Abteilung Hauswirtschaft und nun auch zust\u00e4ndig f\u00fcr die VAB-O-Klasse. Doch die Erfahrung zeigte, dass das Projekt ein Erfolg sei, da die Sch\u00fcler ungeheuer motiviert und lernbegierig seien. Von Bedeutung sei hier auch der praktische Anteil, in dem die Absolventen oftmals schneller Erfolgserlebnisse erzielen k\u00f6nnten als beim Spracherwerb.<\/p>\n<p>Die Landr\u00e4tin Dorothea St\u00f6rr-Ritter zeigte sich beeindruckt vom Engagement der verantwortlichen Lehrer und der Motivation der jungen Fl\u00fcchtlinge. Sie machte allerdings auch deutlich, dass dies nur ein Anfang sei. Im Landkreis gibt es derzeit zwei solcher VAB-O-Klassen, in M\u00fcllheim seit Februar und in Titisee-Neustadt nun seit September. Eine weitere wird in Breisach ab kommendem Februar eingerichtet. Mittelfristig sollen die Klassen dann jeweils zweiz\u00fcgig gef\u00fchrt werden. St\u00f6rr-Ritter betonte, wie wichtig Bildung sei. Auch wenn der Aufenthaltsstatus der jungen Fl\u00fcchtlinge unklar sei und sie m\u00f6glicherweise nicht bleiben k\u00f6nnten, so profitierten sie doch von dem, was sie hier lernten.<\/p>\n<p><a name=\"_GoBack\"><\/a>Hedwig Rauch betonte, dass jeder einzelne ihrer Sch\u00fcler sein eigenes Schicksal mitbr\u00e4chte und dass die Gr\u00fcnde f\u00fcr die Flucht absolut nachvollziehbar seien. In den L\u00e4ndern, aus denen sie k\u00e4men, herrsche Willk\u00fcr, Gewalt, Korruption. Es stelle sich aber auch die Frage, wie sich die Verh\u00e4ltnisse in diesen L\u00e4ndern ver\u00e4ndern lie\u00dfen, so dass die Gr\u00fcnde zur Flucht wegfallen. Dabei spiele Bildung sicher eine ganz zentrale Rolle!<\/p>\n<p>Die Hans-Thoma-Schule ist eine Berufsschule des Landkreises Breisgau-Hochschwarzwald mit vielf\u00e4ltiger Ausrichtung. Neben den gymnasialen Z\u00fcgen im kaufm\u00e4nnischen und sozialwissenschaftlichen Bereich gibt es auch ein- und zweij\u00e4hrige Berufskollegs und Berufsfachschulen, teils in Vollzeit, teils im <a title=\"Duale Bildung\" href=\"https:\/\/www.freiburg-schwarzwald.de\/blog\/bildung\/duale-bildung\/\">Dualen System<\/a>, die den Sch\u00fclern die unterschiedlichsten Abschl\u00fcsse bis hin zum Abitur erm\u00f6glichen. Die Schule sorge f\u00fcr die Ausbildung der Fl\u00fcchtlinge, so Schulleiterin Brendel, dass die SMV ihren Beitrag dazu leisten wolle, dass die Fl\u00fcchtlinge auch menschlich hier ankommen und daf\u00fcr auch Veranstaltungen plane, dar\u00fcber freue sie sich besonders.<br \/>\n4.11.2015, Dagmar Engesser, <a href=\"https:\/\/www.dreisamtaeler.de\">www.dreisamtaeler.de<\/a><\/p>\n","protected":false},"excerpt":{"rendered":"<p>Eine Besonderheit an der Hans-Thoma-Schule in Titisee&#8211;Neustadt ist seit September dieses Jahres eine VAB-O-Klasse. Hinter der Abk\u00fcrzung verbirgt sich die \u201eVorqualifikation Arbeit\/Beruf ohne ausreichende deutsche Sprachkompetenz\u201c. Sie wird derzeit von achtzehn \u00fcberwiegend afrikanischen Fl\u00fcchtlingen im Alter von 18 \u2013 21 &hellip; <a href=\"https:\/\/www.freiburg-schwarzwald.de\/blog\/vab-o-schulklasse-deutschkurs\/\">Weiterlesen <span class=\"meta-nav\">&rarr;<\/span><\/a><\/p>\n","protected":false},"author":2,"featured_media":0,"comment_status":"open","ping_status":"closed","sticky":false,"template":"","format":"standard","meta":{"footnotes":""},"categories":[180,155,60,13,95],"tags":[418,622,585,504],"class_list":["post-57318","post","type-post","status-publish","format-standard","hentry","category-hochschwarzwald","category-integration","category-jugend","category-kultur","category-schulen","tag-beruf","tag-migration","tag-schule","tag-weiterbildung"],"_links":{"self":[{"href":"https:\/\/www.freiburg-schwarzwald.de\/blog\/wp-json\/wp\/v2\/posts\/57318","targetHints":{"allow":["GET"]}}],"collection":[{"href":"https:\/\/www.freiburg-schwarzwald.de\/blog\/wp-json\/wp\/v2\/posts"}],"about":[{"href":"https:\/\/www.freiburg-schwarzwald.de\/blog\/wp-json\/wp\/v2\/types\/post"}],"author":[{"embeddable":true,"href":"https:\/\/www.freiburg-schwarzwald.de\/blog\/wp-json\/wp\/v2\/users\/2"}],"replies":[{"embeddable":true,"href":"https:\/\/www.freiburg-schwarzwald.de\/blog\/wp-json\/wp\/v2\/comments?post=57318"}],"version-history":[{"count":0,"href":"https:\/\/www.freiburg-schwarzwald.de\/blog\/wp-json\/wp\/v2\/posts\/57318\/revisions"}],"wp:attachment":[{"href":"https:\/\/www.freiburg-schwarzwald.de\/blog\/wp-json\/wp\/v2\/media?parent=57318"}],"wp:term":[{"taxonomy":"category","embeddable":true,"href":"https:\/\/www.freiburg-schwarzwald.de\/blog\/wp-json\/wp\/v2\/categories?post=57318"},{"taxonomy":"post_tag","embeddable":true,"href":"https:\/\/www.freiburg-schwarzwald.de\/blog\/wp-json\/wp\/v2\/tags?post=57318"}],"curies":[{"name":"wp","href":"https:\/\/api.w.org\/{rel}","templated":true}]}}