{"id":5731,"date":"2012-06-25T09:17:36","date_gmt":"2012-06-25T09:17:36","guid":{"rendered":"https:\/\/www.freiburg-schwarzwald.de\/blog\/?p=5731"},"modified":"2012-08-04T21:40:27","modified_gmt":"2012-08-04T19:40:27","slug":"wiesenblumen-bluehen-um-dich-zu-erfreuen","status":"publish","type":"post","link":"https:\/\/www.freiburg-schwarzwald.de\/blog\/wiesenblumen-bluehen-um-dich-zu-erfreuen\/","title":{"rendered":"Wiesenblumen bluehen, um Dich zu erfreuen"},"content":{"rendered":"<p>Auf &#8222;normal&#8220;\u00a0landwirtschaftlich genutzten Wiesen wird das Gras in der Regel vor der Blumenbl\u00fcte gem\u00e4ht, wodurch\u00a0die Insekten auf immer weniger Nahrungsgrundlagen sto\u00dfen.\u00a0Blumenwiesen hingegen bieten Bienen und Insekten bis in den Sp\u00e4therbst abwechslungsreiche Nahrung.\u00a0<a title=\"Wiesenblumen\" href=\"https:\/\/www.freiburg-schwarzwald.de\/blog\/natur\/flora\/wiesenblumen\/\">Wiesenblumen<\/a> erfreuen Gro\u00df und Klein, Wanderer und Radler. Wild wachsende Blumen machen froh und ein selbst gepfl\u00fcckter Blumenstrau\u00df erfreut.<\/p>\n","protected":false},"excerpt":{"rendered":"<p>Auf &#8222;normal&#8220;\u00a0landwirtschaftlich genutzten Wiesen wird das Gras in der Regel vor der Blumenbl\u00fcte gem\u00e4ht, wodurch\u00a0die Insekten auf immer weniger Nahrungsgrundlagen sto\u00dfen.\u00a0Blumenwiesen hingegen bieten Bienen und Insekten bis in den Sp\u00e4therbst abwechslungsreiche Nahrung.\u00a0Wiesenblumen erfreuen Gro\u00df und Klein, Wanderer und Radler. Wild &hellip; <a href=\"https:\/\/www.freiburg-schwarzwald.de\/blog\/wiesenblumen-bluehen-um-dich-zu-erfreuen\/\">Weiterlesen <span class=\"meta-nav\">&rarr;<\/span><\/a><\/p>\n","protected":false},"author":2,"featured_media":0,"comment_status":"open","ping_status":"closed","sticky":false,"template":"","format":"standard","meta":{"footnotes":""},"categories":[136,179,122],"tags":[274],"class_list":["post-5731","post","type-post","status-publish","format-standard","hentry","category-flora","category-markgraeflerland","category-wandern","tag-blumen"],"_links":{"self":[{"href":"https:\/\/www.freiburg-schwarzwald.de\/blog\/wp-json\/wp\/v2\/posts\/5731","targetHints":{"allow":["GET"]}}],"collection":[{"href":"https:\/\/www.freiburg-schwarzwald.de\/blog\/wp-json\/wp\/v2\/posts"}],"about":[{"href":"https:\/\/www.freiburg-schwarzwald.de\/blog\/wp-json\/wp\/v2\/types\/post"}],"author":[{"embeddable":true,"href":"https:\/\/www.freiburg-schwarzwald.de\/blog\/wp-json\/wp\/v2\/users\/2"}],"replies":[{"embeddable":true,"href":"https:\/\/www.freiburg-schwarzwald.de\/blog\/wp-json\/wp\/v2\/comments?post=5731"}],"version-history":[{"count":0,"href":"https:\/\/www.freiburg-schwarzwald.de\/blog\/wp-json\/wp\/v2\/posts\/5731\/revisions"}],"wp:attachment":[{"href":"https:\/\/www.freiburg-schwarzwald.de\/blog\/wp-json\/wp\/v2\/media?parent=5731"}],"wp:term":[{"taxonomy":"category","embeddable":true,"href":"https:\/\/www.freiburg-schwarzwald.de\/blog\/wp-json\/wp\/v2\/categories?post=5731"},{"taxonomy":"post_tag","embeddable":true,"href":"https:\/\/www.freiburg-schwarzwald.de\/blog\/wp-json\/wp\/v2\/tags?post=5731"}],"curies":[{"name":"wp","href":"https:\/\/api.w.org\/{rel}","templated":true}]}}