{"id":57284,"date":"2015-11-03T09:38:00","date_gmt":"2015-11-03T08:38:00","guid":{"rendered":"https:\/\/www.freiburg-schwarzwald.de\/blog\/?p=57284"},"modified":"2015-11-03T21:30:38","modified_gmt":"2015-11-03T20:30:38","slug":"27-gegen-1-eu-gegen-d","status":"publish","type":"post","link":"https:\/\/www.freiburg-schwarzwald.de\/blog\/27-gegen-1-eu-gegen-d\/","title":{"rendered":"27 gegen 1 &#8211; EU gegen D"},"content":{"rendered":"<p>Auch Schweden wird seine <a title=\"Grenzen\" href=\"https:\/\/www.freiburg-schwarzwald.de\/blog\/global\/eu\/grenzen\/\">Grenzen<\/a> f\u00fcr<a title=\"Fluechtlinge\" href=\"https:\/\/www.freiburg-schwarzwald.de\/blog\/global\/integration\/fluechtlinge\/\"> Migranten<\/a> schlie\u00dfen: &#8222;Wir sind an der <a title=\"Migration\" href=\"https:\/\/www.freiburg-schwarzwald.de\/blog\/global\/migration\/\">Grenze<\/a> unserer <a title=\"Einwanderungsgesetz\" href=\"https:\/\/www.freiburg-schwarzwald.de\/blog\/global\/integration\/einwanderungsgesetz\/\">Aufnahmekapazit\u00e4t<\/a>&#8222;, so Ministerpr\u00e4sident Stefan L\u00f6fven am 2.11.2015. Bei der <a title=\"Migration-Internet\" href=\"https:\/\/www.freiburg-schwarzwald.de\/blog\/global\/migration\/migration-internet\/\">unkontrollierten Zuwanderung<\/a> steht <a title=\"Willkommenskultur\" href=\"https:\/\/www.freiburg-schwarzwald.de\/blog\/global\/integration\/willkommenskultur\/\">Deutschland <\/a>damit alleine gegen alle anderen 27 L\u00e4nder der EU. Was tun bei &#8222;27 gegen1&#8220;? Weiter den eigenen <a title=\"Groessenwahn\" href=\"https:\/\/www.freiburg-schwarzwald.de\/blog\/engagement\/zukunft\/groessenwahn\/\">Gr\u00f6\u00dfenwahn<\/a>\u00a0leben? Weiter die anderen 27 zu <a title=\"Gutmenschen\" href=\"https:\/\/www.freiburg-schwarzwald.de\/blog\/engagement\/gutmenschen\/\">Gutmenschen<\/a> umerziehen? Oder einsehen, dass nur ein Europa zu haben ist &#8211; das der 27+1=28.<!--more-->\u00a0 \u00a0 .<\/p>\n<p>Bei der\u00a0Bew\u00e4ltigung der Fl\u00fcchtlingskrise gibt es gegenw\u00e4rtig vier Typen von Staaten in der EU:<br \/>\n1) Heuchlerstaaten, die Solidarit\u00e4t nur in der Theorie leben.<br \/>\n2) Zuschauerl\u00e4nder wie Frankreich oder England.<br \/>\n3) Osteurop\u00e4er, die Fl\u00fcchtlinge ganz offen und ehrlich ablehnen.<br \/>\n4) Deutschland mit allseitig offenen Grenzen.<br \/>\nDie L\u00e4nder 1) &#8211; 3) eint die feindliche Haltung gegen 4). Die \u00fcbrigen EU-Staaten sind nicht etwa gegen das &#8222;<em>strenge Deutschland&#8220;<\/em> (Griechenland mu\u00df sparen und Schulden zur\u00fcckzahlen), sondern gegen das &#8222;<em>gro\u00dfherzige Deutschland&#8220; <\/em>(unkontrollierte Immigration ist zugelassen).<br \/>\nDie Angst vor dem vermeintlichen Hegemoniestreben Deutschlands wurde\u00a0abgel\u00f6st durch Spott (&#8222;die Deutschen sollen ihre Suppe, die sie sich durch die Massenzuwanderung von weit \u00fcber 1,2 Mio Menschen allein in 2015 eingebrockt haben, doch selbst ausl\u00f6ffeln&#8220;) und Verachtung (des deutschen <a title=\"Selbsthass\" href=\"https:\/\/www.freiburg-schwarzwald.de\/blog\/engagement\/zukunft\/selbsthass\/\">Selbsthasses<\/a>).<br \/>\n.<br \/>\nDeutschland hat Anfang November 2015 drei Alternativen:<br \/>\na) <a title=\"Wir-schaffen-das\" href=\"https:\/\/www.freiburg-schwarzwald.de\/blog\/global\/migration\/wir-schaffen-das\/\">&#8222;Wir schaffen das&#8220;<\/a> pur, unter Verzicht auf die Forderung nach Beteiligung der EU-Staaten am eigenen Hilfswerk.<br \/>\nb) Weiter wie bislang, aber Druck auf alle europ\u00e4ischen L\u00e4nder, die EU am deutschen (Vor-)Bild von Humanit\u00e4t auszurichten. Das Ziel, alle Europ\u00e4er zu <a title=\"Gutmenschen\" href=\"https:\/\/www.freiburg-schwarzwald.de\/blog\/engagement\/gutmenschen\/\">Gutmenschen<\/a>\u00a0nach unserem Muster umzuerziehen, wird also weiterverfolgt.<br \/>\nc) Deutsche geben als gute Europ\u00e4er nach und schlie\u00dfen die Grenzen.<br \/>\n3.11.2015<br \/>\n.<br \/>\n<strong>Ein Zaun f\u00fcr Europa<\/strong><br \/>\n&#8222;Man kann sagen, dass ein Europa mit einem Zaun drumherum nicht mehr das Europa w\u00e4re, indem wir leben wollen. Aber was tun wir, wenn dieses Europa das einzige ist, das zu haben ist?&#8220; &#8230; Alles vom 3.11.2015 auf<br \/>\n<a href=\"https:\/\/www.spiegel.de\/politik\/deutschland\/fluechtlingskrise-ein-zaun-fuer-europa-kolumne-a-1060839.html\">https:\/\/www.spiegel.de\/politik\/deutschland\/fluechtlingskrise-ein-zaun-fuer-europa-kolumne-a-1060839.html<\/a><\/p>\n","protected":false},"excerpt":{"rendered":"<p>Auch Schweden wird seine Grenzen f\u00fcr Migranten schlie\u00dfen: &#8222;Wir sind an der Grenze unserer Aufnahmekapazit\u00e4t&#8222;, so Ministerpr\u00e4sident Stefan L\u00f6fven am 2.11.2015. Bei der unkontrollierten Zuwanderung steht Deutschland damit alleine gegen alle anderen 27 L\u00e4nder der EU. Was tun bei &#8222;27 &hellip; <a href=\"https:\/\/www.freiburg-schwarzwald.de\/blog\/27-gegen-1-eu-gegen-d\/\">Weiterlesen <span class=\"meta-nav\">&rarr;<\/span><\/a><\/p>\n","protected":false},"author":2,"featured_media":0,"comment_status":"open","ping_status":"closed","sticky":false,"template":"","format":"standard","meta":{"footnotes":""},"categories":[195,155],"tags":[489,485,622,525,631],"class_list":["post-57284","post","type-post","status-publish","format-standard","hentry","category-eu","category-integration","tag-european-union","tag-refugee","tag-migration","tag-politik","tag-staat"],"_links":{"self":[{"href":"https:\/\/www.freiburg-schwarzwald.de\/blog\/wp-json\/wp\/v2\/posts\/57284","targetHints":{"allow":["GET"]}}],"collection":[{"href":"https:\/\/www.freiburg-schwarzwald.de\/blog\/wp-json\/wp\/v2\/posts"}],"about":[{"href":"https:\/\/www.freiburg-schwarzwald.de\/blog\/wp-json\/wp\/v2\/types\/post"}],"author":[{"embeddable":true,"href":"https:\/\/www.freiburg-schwarzwald.de\/blog\/wp-json\/wp\/v2\/users\/2"}],"replies":[{"embeddable":true,"href":"https:\/\/www.freiburg-schwarzwald.de\/blog\/wp-json\/wp\/v2\/comments?post=57284"}],"version-history":[{"count":0,"href":"https:\/\/www.freiburg-schwarzwald.de\/blog\/wp-json\/wp\/v2\/posts\/57284\/revisions"}],"wp:attachment":[{"href":"https:\/\/www.freiburg-schwarzwald.de\/blog\/wp-json\/wp\/v2\/media?parent=57284"}],"wp:term":[{"taxonomy":"category","embeddable":true,"href":"https:\/\/www.freiburg-schwarzwald.de\/blog\/wp-json\/wp\/v2\/categories?post=57284"},{"taxonomy":"post_tag","embeddable":true,"href":"https:\/\/www.freiburg-schwarzwald.de\/blog\/wp-json\/wp\/v2\/tags?post=57284"}],"curies":[{"name":"wp","href":"https:\/\/api.w.org\/{rel}","templated":true}]}}